{"id":120740,"date":"2021-05-30T08:08:22","date_gmt":"2021-05-30T11:08:22","guid":{"rendered":"https:\/\/grandepremio.com\/br\/noticias\/remy-gardner-bate-raul-fernandez-so-0s014-vence-gp-italia-moto2\/"},"modified":"2021-05-30T08:24:46","modified_gmt":"2021-05-30T11:24:46","slug":"remy-gardner-bate-raul-fernandez-so-0s014-vence-gp-italia-moto2","status":"publish","type":"post","link":"https:\/\/grandepremio.com\/br\/motogp\/remy-gardner-bate-raul-fernandez-so-0s014-vence-gp-italia-moto2\/","title":{"rendered":"Gardner bate Ra\u00fal Fern\u00e1ndez por s\u00f3 0s014 e vence GP da It\u00e1lia de Moto2"},"content":{"rendered":"\n<figure class=\"wp-block-video\"><video class=\"video-js vjs-big-play-centered\" data-gp-vjs=\"1\" controls src=\"https:\/\/www.grandepremio.com\/br\/wp-content\/uploads\/2021\/05\/XfrztnrdNjSnaErn.mp4\"><\/video><figcaption>Jason Dupasquier sofre acidente grave no fim da classifica\u00e7\u00e3o da Moto3 em Mugello (V\u00eddeo: Reprodu\u00e7\u00e3o)<\/figcaption><\/figure>\n\n\n\n<p class=\"wp-block-paragraph\">A Moto2 teve uma corrida melhor que o esperado em Mugello. Ainda sob o impacto da morte da Jason Dupasquier, a classe intermedi\u00e1ria entrou na pista no hor\u00e1rio previsto, mas o que parecia ser uma disputa apenas protocolar ganhou um perfil mais agitado, com Remy Gardner assegurando a vit\u00f3ria no GP da It\u00e1lia apenas nos metros finais.<\/p>\n\n\n\n<p class=\"wp-block-paragraph\">Ra\u00fal Fern\u00e1ndez comandou a disputa quase que de ponta a ponta e chegou a sustentar mais de 2s de frente ap\u00f3s o abandono de Sam Lowes. Gardner, por\u00e9m, conseguiu remar e partiu para o ataque at\u00e9 tomar a lideran\u00e7a em meados da volta final. O espanhol ainda tentou o contra-ataque no v\u00e1cuo, mas acabou 0s014 atr\u00e1s.<\/p>\n\n\n\n<p class=\"wp-block-paragraph\"><strong>LEIA TAMB\u00c9M<\/strong><br>\u21dd <strong><a href=\"https:\/\/www.grandepremio.com\/br\/motogp\/noticias\/com-apenas-19-anos-jason-dupasquier-morre-apos-grave-acidente-moto3-mugello\/\" target=\"_blank\" rel=\"noreferrer noopener\">Com apenas 19 anos, Dupasquier morre ap\u00f3s grave acidente da Moto3 em Mugello<\/a><\/strong><br>\u21dd <strong><a href=\"https:\/\/www.grandepremio.com\/br\/motogp\/noticias\/jason-dupasquier-2001-2021\/\" target=\"_blank\" rel=\"noreferrer noopener\">Jason Dupasquier, 2001 \u2013 2021<\/a><\/strong><\/p>\n\n\n\n<figure class=\"wp-block-image size-large\"><img decoding=\"async\" src=\"https:\/\/www.grandepremio.com\/br\/wp-content\/uploads\/2021\/05\/Moto2-2021-Italia-Mugello-GP-Remy-Gardner-1024x682.jpg\" alt=\"\" class=\"wp-image-478704\"\/><figcaption>Remy Gardner bateu o companheiro de equipe depois de muito remar (Foto: Ajo)<\/figcaption><\/figure>\n\n\n\n<p class=\"wp-block-paragraph\"><strong>Conhe\u00e7a o canal do Grande Pr\u00eamio no&nbsp;<a href=\"https:\/\/www.youtube.com\/GrandePremioTV\">YouTube<\/a>.<br>Siga o Grande Pr\u00eamio no&nbsp;<a rel=\"noreferrer noopener\" href=\"https:\/\/twitter.com\/grandepremio\" target=\"_blank\">Twitter&nbsp;<\/a>e no&nbsp;<a rel=\"noreferrer noopener\" href=\"https:\/\/instagram.com\/grandepremio\" target=\"_blank\">Instagram<\/a>.<\/strong><\/p>\n\n\n\n<p class=\"wp-block-paragraph\">Joe Roberts viu a bandeirada em terceiro, mas perdeu a posi\u00e7\u00e3o por ter sa\u00eddo da pista na volta final. Assim, Marco Bezzecchi foi promovido ao p\u00f3dio em casa. Marcel Schr\u00f6tter ficou com o quinto posto.<\/p>\n\n\n\n<p class=\"wp-block-paragraph\">Ai Ogura garantiu a sexta coloca\u00e7\u00e3o, \u00e0 frente de Tony Arbolino e Cameron Beaubier. Hafizh Syahrin e Stefano Manzi completam a lista dos dez melhores em Mugello.<\/p>\n\n\n\n<p class=\"wp-block-paragraph\">Com o resultado, Gardner mant\u00e9m a lideran\u00e7a da Moto2, agora com dois pontos de vantagem para Ra\u00fal. Bezzecchi \u00e9 o terceiro na tabela, seguido por Lowes e Fabio Di Giannantonio. A Kalex domina o Mundial de Construtores com 103 pontos de frente, enquanto a Red Bull KTM Ajo lidera a disputa do Mundial de Equipes.<\/p>\n\n\n\n<p class=\"wp-block-paragraph\">A Moto2 volta \u00e0s pistas no pr\u00f3ximo dia 6 de junho para o GP da Catalunha.&nbsp;<a href=\"https:\/\/www.grandepremio.com\/br\/motogp\/ultimas-noticias\/\">Acompanhe a cobertura do&nbsp;<strong>GRANDE PR\u00caMIO<\/strong>&nbsp;sobre o Mundial de&nbsp;<\/a><a href=\"https:\/\/www.grandepremio.com\/br\/motogp\/\" target=\"_blank\" rel=\"noreferrer noopener\">Motovelocidade<\/a>.<\/p>\n\n\n\n<h3 class=\"wp-block-heading\"><strong>Saiba como foi o GP da It\u00e1lia de Moto2:<\/strong><\/h3>\n\n\n\n<p class=\"wp-block-paragraph\">Sem sequer um intervalo maior ap\u00f3s o an\u00fancio da morte de Jason Dupasquier, a Moto2 largou no hor\u00e1rio previsto na It\u00e1lia, desfalcada de Nicol\u00f2 Bulega, que se machucou, e de Tom L\u00fcthi, que preferiu n\u00e3o correr para acompanhar a fam\u00edlia do piloto da Moto3 no acidente.<\/p>\n\n\n\n<p class=\"wp-block-paragraph\">Quando as luzes se apagaram na largada em Mugello, Ra\u00fal Fern\u00e1ndez manteve a lideran\u00e7a, \u00e0 frente de Remy Gardner e Tony Arbolino. Ainda nos primeiros metros, Lorenzo Dalla Porta e Somkiat Chantra se enroscaram na San Donato, com uma queda do espanhol.<\/p>\n\n\n\n<figure class=\"wp-block-video\"><video class=\"video-js vjs-big-play-centered\" data-gp-vjs=\"1\" controls src=\"https:\/\/www.grandepremio.com\/br\/wp-content\/uploads\/2021\/05\/Moto2-2021-Italia-Mugello-Largada.mp4\"><\/video><figcaption>A largada do GP da It\u00e1lia de Moto2 (V\u00eddeo: MotoGP)<\/figcaption><\/figure>\n\n\n\n<p class=\"wp-block-paragraph\">Pouco depois, foi Augusto Fern\u00e1ndez quem caiu na curva 10, a Scarperia, encerrando mais cedo a participa\u00e7\u00e3o na disputa.<\/p>\n\n\n\n<p class=\"wp-block-paragraph\">Ap\u00f3s quatro voltas, Ra\u00fal j\u00e1 sustentava 0s5 de vantagem para Gardner, com Lowes mantendo mais ou menos a mesma diferen\u00e7a em rela\u00e7\u00e3o ao australiano. Fabio Di Giannantonio tinha a quarta coloca\u00e7\u00e3o, seguido por Tony Arbolino e Marco Bezzecchi.<\/p>\n\n\n\n<p class=\"wp-block-paragraph\">Ainda no in\u00edcio da corrida, Lorenzo Baldassarri abandonou ap\u00f3s uma queda na primeira perna da Biondetti. Pouco depois, Jorge Navarro encerrou o GP mais cedo com um tombo na San Donato.<\/p>\n\n\n\n<figure class=\"wp-block-video\"><video class=\"video-js vjs-big-play-centered\" data-gp-vjs=\"1\" controls src=\"https:\/\/www.grandepremio.com\/br\/wp-content\/uploads\/2021\/05\/Moto2-2021-Italia-Mugello-GP-Marco-Bezzecchi.mp4\"><\/video><figcaption>Marco Bezzecchi precisou se recuperar de uma largada ruim em Mugello (V\u00eddeo: MotoGP)<\/figcaption><\/figure>\n\n\n\n<p class=\"wp-block-paragraph\">Na s\u00e9tima volta da disputa, a transmiss\u00e3o reexibiu a largada, mostrando que Bezzecchi patinou no ponto de partida. Apesar do movimento, n\u00e3o houve puni\u00e7\u00e3o para o piloto da VR46.<\/p>\n\n\n\n<p class=\"wp-block-paragraph\">Na ponta da corrida, Ra\u00fal Fern\u00e1ndez ia se afastando mais e mais de Gardner, abrindo 0s916 de margem para Gardner ap\u00f3s sete giros. Lowes, por\u00e9m, vinha mais pr\u00f3ximo de Remy, mas j\u00e1 com ampla folga em rela\u00e7\u00e3o a Di Giannantonio.<\/p>\n\n\n\n<p class=\"wp-block-paragraph\">Sam n\u00e3o tardou em chegar em Gardner. Na volta 10, o brit\u00e2nico atacou na curva 1, mas abriu um pouco a trajet\u00f3ria e permitiu o troco. O titular da Marc VDS insistiu e, apesar da resist\u00eancia do filho de Wayne, conseguiu tomar a segunda posi\u00e7\u00e3o.<\/p>\n\n\n\n<figure class=\"wp-block-video\"><video class=\"video-js vjs-big-play-centered\" data-gp-vjs=\"1\" controls src=\"https:\/\/www.grandepremio.com\/br\/wp-content\/uploads\/2021\/05\/Moto2-2021-Italia-Mugello-GP-Sam-Lowes-Remy-Gardner.mp4\"><\/video><figcaption>Sam Lowes e Remy Gardner travaram um bom duelo em Mugello (V\u00eddeo: MotoGP)<\/figcaption><\/figure>\n\n\n\n<p class=\"wp-block-paragraph\">A briga dos dois, por\u00e9m, abriu caminho para que Ra\u00fal se afastasse mais de 2s, enquanto Di Giannantonio, que vinha em quarto, reduziu o atraso para 1s4.<\/p>\n\n\n\n<p class=\"wp-block-paragraph\">Com dez voltas para o fim, Albert Arenas encerrou um fim de semana que j\u00e1 n\u00e3o era dos melhores com uma queda. Pouco depois, foi Di Giannantonio quem tombou na curva 15 e encerrou a corrida.<\/p>\n\n\n\n<p class=\"wp-block-paragraph\">Simone Corsi, por outro lado, voltou aos boxes com algum problema e tamb\u00e9m n\u00e3o viu a bandeirada em Mugello.<\/p>\n\n\n\n<p class=\"wp-block-paragraph\">Uma vez em segundo, Lowes tratou de se afastar de Gardner e passou a recortar a diferen\u00e7a de Ra\u00fal. Com sete voltas para o fim da disputa em Mugello, a diferen\u00e7a tinha baixado para 0s898.<\/p>\n\n\n\n<figure class=\"wp-block-video\"><video class=\"video-js vjs-big-play-centered\" data-gp-vjs=\"1\" controls src=\"https:\/\/www.grandepremio.com\/br\/wp-content\/uploads\/2021\/05\/Moto2-2021-Italia-Mugello-GP-Sam-Lowes.mp4\"><\/video><figcaption>Sam Lowes se empenhou em cortar a diferen\u00e7a de Ra\u00fal Fern\u00e1ndez (V\u00eddeo: MotoGP)<\/figcaption><\/figure>\n\n\n\n<p class=\"wp-block-paragraph\">Mais atr\u00e1s, Joe Roberts ca\u00e7ou e passou Bezzecchi pelo quarto lugar. Marcel Schr\u00f6tter era o sexto, seguido por Tony Arbolino, Ai Ogura, Marcos Ram\u00edrez e Hafizh Syahrin.<\/p>\n\n\n\n<p class=\"wp-block-paragraph\">Restando seis voltas para o fim, o empenho de Lowes em ca\u00e7ar Ra\u00fal escoou pelo ralo com uma queda na Arrabbiata 1. Foi o terceiro abandono do brit\u00e2nico em seis corridas em 2021.<\/p>\n\n\n\n<p class=\"wp-block-paragraph\">Sem Sam, Ra\u00fal ganhou mais de 2s de frente na tabela, mas a diferen\u00e7a desapareceu rapidamente, com Gardner colando no companheiro de equipe. Atr\u00e1s, Bezzecchi conseguiu passar Roberts e voltou ao terceiro lugar.<\/p>\n\n\n\n<p class=\"wp-block-paragraph\">Com dois giros para o fim, a diferen\u00e7a j\u00e1 n\u00e3o existia mais, mas Ra\u00fal ainda conseguia manter o companheiro de Red Bull KTM Ajo atr\u00e1s.<\/p>\n\n\n\n<p class=\"wp-block-paragraph\">Na \u00faltima volta, Gardner conseguiu tomar a lideran\u00e7a na sa\u00edda da Arrabbiata 2 e seguiu adiante para cruzar a linha de chegada s\u00f3 0s014 \u00e0 frente de Ra\u00fal.<\/p>\n\n\n\n<p class=\"wp-block-paragraph\"><strong>LEIA TAMB\u00c9M<\/strong><br>\u21dd\u00a0<strong><a href=\"https:\/\/www.grandepremio.com\/br\/motogp\/noticias\/yamaha-ducati-mostram-forcas-opostas-disputam-protagonismo-motogp-2021\/\" target=\"_blank\" rel=\"noreferrer noopener\">Yamaha e Ducati mostram for\u00e7as opostas e disputam protagonismo na MotoGP em 2021<\/a><\/strong><br>\u21dd\u00a0<strong><a href=\"https:\/\/www.grandepremio.com\/br\/motogp\/noticias\/ducati-yamaha-quem-equipar-vr46-temporada-2022-motogp\/\" target=\"_blank\" rel=\"noreferrer noopener\">Ducati ou Yamaha: quem vai equipar a VR46 na temporada 2022 da MotoGP?<\/a><\/strong><br>\u21dd\u00a0<strong><a href=\"https:\/\/www.grandepremio.com\/br\/motogp\/noticias\/descoberta-alex-barros-fruto-motocross-diogo-moreira-nova-joia-motociclismo-brasileiro\/\" target=\"_blank\" rel=\"noreferrer noopener\">Descoberta de Barros e fruto do motocross: Moreira \u00e9 nova joia do motociclismo brasileiro<\/a><\/strong><br>\u21dd\u00a0<strong><a href=\"https:\/\/grandepremium.grandepremio.com\/br\/lado-a-lado\/motogp\/materias\/fabio-quartararo-x-jack-miller\/\" target=\"_blank\" rel=\"noreferrer noopener\">Quartararo\u00a0<em>versus\u00a0<\/em>Miller: a trajet\u00f3ria dos protagonistas da temporada 2021 na MotoGP<\/a><\/strong><\/p>\n\n\n\n<h3 class=\"wp-block-heading\"><strong>Moto2 2021, GP da It\u00e1lia, Mugello, Corrida:<\/strong><\/h3>\n\n\n\n<figure class=\"wp-block-table is-style-stripes\"><table><tbody><tr><td>1<\/td><td>R GARDNER<\/td><td>Red Bull KTM Ajo Kalex<\/td><td>39:17.667<\/td><td>21 voltas<\/td><\/tr><tr><td>2<\/td><td>R FERN\u00c1NDEZ<\/td><td>Red Bull KTM Ajo Kalex<\/td><td>+0.014<\/td><td>&nbsp;<\/td><\/tr><tr><td>3<\/td><td>M BEZZECCHI<\/td><td>VR46 Kalex<\/td><td>+8.021<\/td><td>&nbsp;<\/td><\/tr><tr><td>4<\/td><td>J ROBERTS<\/td><td>American Kalex<\/td><td>+8.004<\/td><td>P+1<\/td><\/tr><tr><td>5<\/td><td>M SCHROTTER<\/td><td>Intact Kalex<\/td><td>+12.343<\/td><td>&nbsp;<\/td><\/tr><tr><td>6<\/td><td>A OGURA<\/td><td>Team Tady Kalex<\/td><td>+23.170<\/td><td>&nbsp;<\/td><\/tr><tr><td>7<\/td><td>T ARBOLINO<\/td><td>Intact Kalex<\/td><td>+23.764<\/td><td>&nbsp;<\/td><\/tr><tr><td>8<\/td><td>C BEAUBIER<\/td><td>American Kalex<\/td><td>+34.825<\/td><td>&nbsp;<\/td><\/tr><tr><td>9<\/td><td>H SYAHRIN<\/td><td>Aspar Speed Up<\/td><td>+34.849<\/td><td>&nbsp;<\/td><\/tr><tr><td>10<\/td><td>S MANZI<\/td><td>Forward MV Agusta<\/td><td>+34.965<\/td><td>&nbsp;<\/td><\/tr><tr><td>11<\/td><td>A CANET<\/td><td>Aspar Speed Up<\/td><td>+35.250<\/td><td>&nbsp;<\/td><\/tr><tr><td>12<\/td><td>F ALDEGUER<\/td><td>Speed UP<\/td><td>+35.300<\/td><td>&nbsp;<\/td><\/tr><tr><td>13<\/td><td>H GARZ\u00d3<\/td><td>PONS Kalex<\/td><td>+35.450<\/td><td>&nbsp;<\/td><\/tr><tr><td>14<\/td><td>J DIXON<\/td><td>SIC Kalex<\/td><td>+36.161<\/td><td>&nbsp;<\/td><\/tr><tr><td>15<\/td><td>B BENDSNEYDER<\/td><td>RW NTS<\/td><td>+40.700<\/td><td>&nbsp;<\/td><\/tr><tr><td>16<\/td><td>C VIETTI<\/td><td>VR46 Kalex<\/td><td>+46.263<\/td><td>&nbsp;<\/td><\/tr><tr><td>17<\/td><td>B BALTUS<\/td><td>RW NTS<\/td><td>+46.403<\/td><td>&nbsp;<\/td><\/tr><tr><td>18<\/td><td>S CHANTRA<\/td><td>Team Tady Kalex<\/td><td>+48.566<\/td><td>&nbsp;<\/td><\/tr><tr><td>20<\/td><td>M RAM\u00cdREZ<\/td><td>American Kalex<\/td><td>+1:16.213<\/td><td>&nbsp;<\/td><\/tr><tr><td>21<\/td><td>S LOWES<\/td><td>Marc VDS Kalex<\/td><td>Abandonou<\/td><td>&nbsp;<\/td><\/tr><tr><td>22<\/td><td>F DI GIANNANTONIO<\/td><td>Speed UP<\/td><td>Abandonou<\/td><td>&nbsp;<\/td><\/tr><tr><td>23<\/td><td>S CORSI<\/td><td>Forward MV Agusta<\/td><td>Abandonou<\/td><td>&nbsp;<\/td><\/tr><tr><td>24<\/td><td>A ARENAS<\/td><td>Aspar Speed Up<\/td><td>Abandonou<\/td><td>&nbsp;<\/td><\/tr><tr><td>25<\/td><td>X VIERGE<\/td><td>SIC Kalex<\/td><td>Abandonou<\/td><td>&nbsp;<\/td><\/tr><tr><td>26<\/td><td>J NAVARRO<\/td><td>Speed UP<\/td><td>Abandonou<\/td><td>&nbsp;<\/td><\/tr><tr><td>27<\/td><td>L BALDASSARRI<\/td><td>PONS Kalex<\/td><td>Abandonou<\/td><td>&nbsp;<\/td><\/tr><tr><td>28<\/td><td>L DALLA PORTA<\/td><td>Italtrans Kalex<\/td><td>Abandonou<\/td><td>&nbsp;<\/td><\/tr><tr><td>29<\/td><td>A FERN\u00c1NDEZ<\/td><td>Marc VDS Kalex<\/td><td>Abandonou<\/td><td>&nbsp;<\/td><\/tr><tr><td>30<\/td><td>N BULEGA<\/td><td>Gresini Kalex<\/td><td>N\u00e3o largou<\/td><td>&nbsp;<\/td><\/tr><tr><td>31<\/td><td>T L\u00dcTHI<\/td><td>Intact Kalex<\/td><td>N\u00e3o largou<\/td><td>&nbsp;<\/td><\/tr><\/tbody><\/table><\/figure>\n\n\n\n<figure class=\"wp-block-embed is-type-video is-provider-dailymotion wp-block-embed-dailymotion wp-embed-aspect-16-9 wp-has-aspect-ratio\"><div class=\"wp-block-embed__wrapper\">\n<iframe loading=\"lazy\" title=\"APRILIA ACERTA EM NAMORO COM DOVIZIOSO. MAS PRECISA PLANEJAR FUTURO LOGO | GP \u00e0s 10\" frameborder=\"0\" width=\"500\" height=\"281\" src=\"https:\/\/geo.dailymotion.com\/player.html?video=x81h836&#038;\" allowfullscreen allow=\"autoplay; fullscreen; picture-in-picture; web-share\"><\/iframe>\n<\/div><\/figure>\n\n\n\n<p class=\"wp-block-paragraph\"><\/p>\n","protected":false},"excerpt":{"rendered":"<p>O estreante espanhol parecia ter o triunfo encaminhado, mas viu o companheiro de Red Bull KTM Ajo descontar uma larga vantagem e dar o bote na volta final. Marco Bezzecchi completa o p\u00f3dio<\/p>\n","protected":false},"author":0,"featured_media":1000478702,"comment_status":"closed","ping_status":"closed","sticky":false,"template":"","format":"standard","meta":{"42wp_featured_image_caption":"","42wp_featured_image_credits":"","42wp_featured_video":"","42wp_featured_image_hidden":false,"42wp_authors_list":[],"footnotes":""},"categories":[8],"tags":[25070,79,1930,78,490,24850,25819,3211,26690],"42wp_author":[47113],"class_list":["post-120740","post","type-post","status-publish","format-standard","has-post-thumbnail","hentry","category-motogp","tag-italia-2","tag-moto-gp","tag-moto2","tag-motogp","tag-motogp-2021","tag-motogp-fox-sports","tag-motogp-hoje","tag-mugello","tag-pilotos-motogp","42wp_author-juliana-tesser"],"_links":{"self":[{"href":"https:\/\/grandepremio.com\/br\/wp-json\/wp\/v2\/posts\/120740","targetHints":{"allow":["GET"]}}],"collection":[{"href":"https:\/\/grandepremio.com\/br\/wp-json\/wp\/v2\/posts"}],"about":[{"href":"https:\/\/grandepremio.com\/br\/wp-json\/wp\/v2\/types\/post"}],"replies":[{"embeddable":true,"href":"https:\/\/grandepremio.com\/br\/wp-json\/wp\/v2\/comments?post=120740"}],"version-history":[{"count":0,"href":"https:\/\/grandepremio.com\/br\/wp-json\/wp\/v2\/posts\/120740\/revisions"}],"wp:featuredmedia":[{"embeddable":true,"href":"https:\/\/grandepremio.com\/br\/wp-json\/wp\/v2\/media\/1000478702"}],"wp:attachment":[{"href":"https:\/\/grandepremio.com\/br\/wp-json\/wp\/v2\/media?parent=120740"}],"wp:term":[{"taxonomy":"category","embeddable":true,"href":"https:\/\/grandepremio.com\/br\/wp-json\/wp\/v2\/categories?post=120740"},{"taxonomy":"post_tag","embeddable":true,"href":"https:\/\/grandepremio.com\/br\/wp-json\/wp\/v2\/tags?post=120740"},{"taxonomy":"42wp_author","embeddable":true,"href":"https:\/\/grandepremio.com\/br\/wp-json\/wp\/v2\/42wp_author?post=120740"}],"curies":[{"name":"wp","href":"https:\/\/api.w.org\/{rel}","templated":true}]}}