{"id":120798,"date":"2021-05-28T05:50:33","date_gmt":"2021-05-28T08:50:33","guid":{"rendered":"https:\/\/grandepremio.com\/br\/noticias\/maverick-vinales-coloca-yamaha-ponta-primeiro-treino-mugello-fabio-quartararo-oitavo\/"},"modified":"2021-05-28T06:14:23","modified_gmt":"2021-05-28T09:14:23","slug":"maverick-vinales-coloca-yamaha-ponta-primeiro-treino-mugello-fabio-quartararo-oitavo","status":"publish","type":"post","link":"https:\/\/grandepremio.com\/br\/motogp\/maverick-vinales-coloca-yamaha-ponta-primeiro-treino-mugello-fabio-quartararo-oitavo\/","title":{"rendered":"Vi\u00f1ales coloca Yamaha na ponta no primeiro treino em Mugello. Quartararo \u00e9 oitavo"},"content":{"rendered":"\n<figure class=\"wp-block-video\"><video class=\"video-js vjs-big-play-centered\" data-gp-vjs=\"1\" controls src=\"https:\/\/www.grandepremio.com\/br\/wp-content\/uploads\/2021\/05\/WhatsApp-Video-2021-05-20-at-18.45.20-1.mp4\"><\/video><figcaption>Diogo Moreira testou com a equipe de Aki Ajo em Barcelona (V\u00eddeo: Divulga\u00e7\u00e3o)<\/figcaption><\/figure>\n\n\n\n<p class=\"wp-block-paragraph\">Maverick Vi\u00f1ales contrariou a m\u00e1xima e mostrou em Mugello que n\u00e3o perdeu velocidade com a paternidade. Pai de uma menina nascida no in\u00edcio da semana, o espanhol completou a melhor de 20 voltas na manh\u00e3 desta sexta-feira (28) em 1min46s593 e assegurou a lideran\u00e7a do primeiro treino da MotoGP para o GP da It\u00e1lia.<\/p>\n\n\n\n<p class=\"wp-block-paragraph\">Com um par de pneus m\u00e9dios, o espanhol da Yamaha assegurou a ponta com 0s209 de vantagem para Johann Zarco, que aproveitou a \u00faltima volta na sess\u00e3o para assegurar o segundo posto. Mais 0s150 atr\u00e1s, \u00c1lex Rins colocou a Suzuki na terceira coloca\u00e7\u00e3o.<\/p>\n\n\n\n<figure class=\"wp-block-image size-large\"><img decoding=\"async\" src=\"https:\/\/www.grandepremio.com\/br\/wp-content\/uploads\/2021\/05\/DSC3936-1024x683.jpg\" alt=\"\" class=\"wp-image-469980\"\/><figcaption>Maverick Vi\u00f1ales foi o mais r\u00e1pido nesta manh\u00e3 na It\u00e1lia (Foto: Divulga\u00e7\u00e3o\/MotoGP)<\/figcaption><\/figure>\n\n\n\n<p class=\"wp-block-paragraph\"><strong>Conhe\u00e7a o canal do Grande Pr\u00eamio no&nbsp;<a href=\"https:\/\/www.youtube.com\/GrandePremioTV\">YouTube<\/a>.<br>Siga o Grande Pr\u00eamio no&nbsp;<a rel=\"noreferrer noopener\" href=\"https:\/\/twitter.com\/grandepremio\" target=\"_blank\">Twitter&nbsp;<\/a>e no&nbsp;<a rel=\"noreferrer noopener\" href=\"https:\/\/instagram.com\/grandepremio\" target=\"_blank\">Instagram<\/a>.<\/strong><\/p>\n\n\n\n<p class=\"wp-block-paragraph\">Campe\u00e3o vigente, Joan Mir fez o quarto melhor registro, \u00e0 frente de Franco Morbidelli e Francesco Bagnaia, vice-l\u00edder na classifica\u00e7\u00e3o geral do campeonato. Piloto de testes da Ducati, Michele Pirro ficou em oitavo.<\/p>\n\n\n\n<p class=\"wp-block-paragraph\">L\u00edder da temporada 2021, Fabio Quartararo completou 18 voltas nesta atividade matutina e, com 1min47s566, ficou com o oitavo tempo, 0s150 melhor que Jack Miller, que garantiu a nona posi\u00e7\u00e3o na volta final na sess\u00e3o. Miguel Oliveira fecha a lista dos dez mais r\u00e1pidos.<\/p>\n\n\n\n<p class=\"wp-block-paragraph\">A largada do GP da It\u00e1lia, sexta etapa da temporada 2021 da MotoGP, est\u00e1 marcada para domingo, \u00e0s 9h.&nbsp;<a href=\"https:\/\/www.grandepremio.com\/br\/motogp\/ultimas-noticias\/\">Acompanhe a cobertura do&nbsp;<strong>GRANDE PR\u00caMIO<\/strong>&nbsp;sobre o Mundial de&nbsp;<\/a><a href=\"https:\/\/www.grandepremio.com\/br\/motogp\/\" target=\"_blank\" rel=\"noreferrer noopener\">Motovelocidade<\/a>.<\/p>\n\n\n\n<h3 class=\"wp-block-heading\"><strong>Saiba como foi o primeiro treino da MotoGP em Mugello:<\/strong><\/h3>\n\n\n\n<p class=\"wp-block-paragraph\">A sexta-feira amanheceu com sol e c\u00e9u limpo na regi\u00e3o da Toscana. Antes do primeiro treino do fim de semana, os term\u00f4metros mediam 20\u00b0C, com o asfalto chegando a 25\u00b0C. O vento n\u00e3o passava de uma brisa leve, com a velocidade chegando apenas a 3 km\/h.<\/p>\n\n\n\n<p class=\"wp-block-paragraph\">O fim de semana na It\u00e1lia, ali\u00e1s, come\u00e7ou com uma novidade nos boxes da Yamaha. Maverick Vi\u00f1ales passou a estampar o nome \u2018Nina\u2019 na YZR-M1, um tributo \u00e0 filha, que nasceu no \u00faltimo dia 24.<\/p>\n\n\n\n<figure class=\"wp-block-video\"><video class=\"video-js vjs-big-play-centered\" data-gp-vjs=\"1\" controls src=\"https:\/\/www.grandepremio.com\/br\/wp-content\/uploads\/2021\/05\/MotoGP-2021-Italia-Mugello-TL1-Maverick-Vinales.mp4\"><\/video><figcaption>Primeira filha de Maverick Vi\u00f1ales nasceu no in\u00edcio da semana (V\u00eddeo: MotoGP)<\/figcaption><\/figure>\n\n\n\n<p class=\"wp-block-paragraph\">Substituto de Jorge Mart\u00edn, que ainda se recupera de les\u00f5es, Michele Pirro abriu a sess\u00e3o no topo da tabela, 0s841 \u00e0 frente de Fabio Quartararo. Takaaki Nakagami fechava o top-3.<\/p>\n\n\n\n<p class=\"wp-block-paragraph\">O piloto de testes da Ducati melhorou mais ainda na sequencia, chegando a 1min48s459, agora 0s346 melhor que Nakagami. Miguel Oliveira apareceu em terceiro, seguido por Quartararo e Pol Espargar\u00f3.<\/p>\n\n\n\n<p class=\"wp-block-paragraph\">Ainda nos primeiros minutos da sess\u00e3o, \u00c1lex Rins escapou da pista na primeira perna da Arrabbiata, a curva 8, mas logo voltou e deu sequ\u00eancia \u00e0 atividade.<\/p>\n\n\n\n<figure class=\"wp-block-video\"><video class=\"video-js vjs-big-play-centered\" data-gp-vjs=\"1\" controls src=\"https:\/\/www.grandepremio.com\/br\/wp-content\/uploads\/2021\/05\/MotoGP-2021-Italia-Mugello-TL1-Alex-Rins.mp4\"><\/video><figcaption>\u00c1lex Rins fez um tour por Mugello ainda no in\u00edcio do TL1 (V\u00eddeo: MotoGP)<\/figcaption><\/figure>\n\n\n\n<p class=\"wp-block-paragraph\">Usando um pneu macio na frente e um duro atr\u00e1s, Miguel Oliveira tomou brevemente a ponta, mas logo foi destronado por um Pirro 0s484 mais r\u00e1pido. Nakagami e Quartararo vinham em seguida, com Valentino Rossi pulando para a quinta coloca\u00e7\u00e3o.<\/p>\n\n\n\n<p class=\"wp-block-paragraph\">Com pouco mais de dez minutos de sess\u00e3o, Pirro conservava a lideran\u00e7a com 1min47s945, 0s074 melhor que Quartararo. Pol Espargar\u00f3 tinha subido para o terceiro posto, seguido por Brad Binder, Oliveira, Vi\u00f1ales, Aleix Espargar\u00f3, Johann Zarco, \u00c1lex M\u00e1rquez e Rins.<\/p>\n\n\n\n<p class=\"wp-block-paragraph\">Com Michele nos boxes, Vi\u00f1ales baixou para 1min47s793 e tomou a lideran\u00e7a, 0s152 mais r\u00e1pido que o piloto de testes da marca de Borgo Panigale. Quartararo, ent\u00e3o, foi 0s227 melhor que o companheiro de Yamaha e assumiu o comando, com Nakagami aparecendo em seguida para separar os dois.<\/p>\n\n\n\n<figure class=\"wp-block-video\"><video class=\"video-js vjs-big-play-centered\" data-gp-vjs=\"1\" controls src=\"https:\/\/www.grandepremio.com\/br\/wp-content\/uploads\/2021\/05\/MotoGP-2021-Italia-Mugello-TL1-Maverick-Vinales-Fabio-Quartararo.mp4\"><\/video><figcaption>Maverick Vi\u00f1ales e Fabio Quartararo duelaram pela lideran\u00e7a j\u00e1 no in\u00edcio do TL1 (V\u00eddeo: MotoGP)<\/figcaption><\/figure>\n\n\n\n<p class=\"wp-block-paragraph\">O Top Gun deu outra boa volta e tomou o cume da tabela de tempos ao registrar 1min47s443, 0s123 melhor que Quartararo. Nakagami, Pirro e Binder completavam a lista dos cinco mais r\u00e1pidos.<\/p>\n\n\n\n<p class=\"wp-block-paragraph\">Antes de parar nos boxes da Yamaha, Vi\u00f1ales foi ainda mais r\u00e1pido, chegando a 1min47s130, 0s436 melhor que Quartararo. Nakagami era o terceiro, \u00e0 frente de Pirro, Francesco Bagnaia, Binder, Pol Espargar\u00f3, Oliveira, Aleix Espargar\u00f3 e Marc M\u00e1rquez.<\/p>\n\n\n\n<p class=\"wp-block-paragraph\">A paternidade de Vi\u00f1ales, por sinal, n\u00e3o era a \u00fanica novidade nos boxes do time dos diapas\u00f5es. A Yamaha aproveitou a sexta-feira para testar pela primeira vez o dispositivo holeshot dianteiro na YZR-M1. O sistema comprime o garfo dianteiro, baixando a altura da moto. O recurso j\u00e1 existe na traseira da moto japonesa, mas ainda n\u00e3o tinha sido introduzido na traseira, diferente de marcas como Ducati, Honda e KTM, por exemplo.<\/p>\n\n\n\n<figure class=\"wp-block-video\"><video class=\"video-js vjs-big-play-centered\" data-gp-vjs=\"1\" controls src=\"https:\/\/www.grandepremio.com\/br\/wp-content\/uploads\/2021\/05\/MotoGP-2021-Italia-Mugello-TL1-Joan-Mir.mp4\"><\/video><figcaption>Campe\u00e3o vigente, Joan Mir ainda n\u00e3o se destacou em 2021 (V\u00eddeo: MotoGP)<\/figcaption><\/figure>\n\n\n\n<p class=\"wp-block-paragraph\">Minutos mais tarde, Johann Zarco foi a 1min48s008 e assumiu a quinta coloca\u00e7\u00e3o, 0s878 atr\u00e1s de Vi\u00f1ales. Logo depois, Joan Mir virou 0s715 mais lento que o ponteiro e tomou a quarta coloca\u00e7\u00e3o, \u00e0 frente de Rins e Pirro.<\/p>\n\n\n\n<p class=\"wp-block-paragraph\">Com 1min47s537, Zarco assumiu o segundo posto, cortando para 0s407 a vantagem de Vi\u00f1ales no topo da tabela. Quartararo desceu para terceiro, \u00e0 frente de Oliveira, Nakagami, Mir, Rins, Pirro, Bagnaia e Binder.<\/p>\n\n\n\n<p class=\"wp-block-paragraph\">Quem tamb\u00e9m conseguiu melhorar foi Bagnaia. O piloto da Ducati anotou 1min47s694 na 14\u00aa volta nesta manh\u00e3 e assumiu a quarta posi\u00e7\u00e3o, 0s564 atr\u00e1s de Vi\u00f1ales, que seguia com folga na lideran\u00e7a da atividade matutina.<\/p>\n\n\n\n<p class=\"wp-block-paragraph\">Cal\u00e7ando um par de m\u00e9dios, Morbidelli anotou 1min47s330 e saltou para a segunda coloca\u00e7\u00e3o, 0s200 atr\u00e1s de Vi\u00f1ales. Rins tamb\u00e9m foi mais r\u00e1pido e agora aparecia em terceiro, \u00e0 frente de Zarco e Quartararo.<\/p>\n\n\n\n<p class=\"wp-block-paragraph\">Na vota seguinte, Rins foi ainda melhor e assumiu a ponta da folha de tempos ao passar Vi\u00f1ales por 0s045. Joan Mir tamb\u00e9m apertou o passo e agora era terceiro, 0s167 atr\u00e1s do parceiro de Suzuki.<\/p>\n\n\n\n<figure class=\"wp-block-video\"><video class=\"video-js vjs-big-play-centered\" data-gp-vjs=\"1\" controls src=\"https:\/\/www.grandepremio.com\/br\/wp-content\/uploads\/2021\/05\/MotoGP-2021-Italia-Mugello-TL1-Maverick-Vinales2.mp4\"><\/video><figcaption>Maverick Vi\u00f1ales fechou a manh\u00e3 em Mugello com a lideran\u00e7a (V\u00eddeo: MotoGP)<\/figcaption><\/figure>\n\n\n\n<p class=\"wp-block-paragraph\">Rins engatou outra volta r\u00e1pida para estabelecer em 1min46s952 a melhor volta da sess\u00e3o at\u00e9 ent\u00e3o, 0s178 melhor que Vi\u00f1ales, que vinha baixando o tempo para recuperar a lideran\u00e7a com 1min46s593, 0s359 melhor que \u00c1lex.<\/p>\n\n\n\n<p class=\"wp-block-paragraph\">J\u00e1 com a bandeira quadriculada tremulando na regi\u00e3o da Toscana, Johann Zarco avan\u00e7ou para o segundo posto, reduzindo para 0s209 a vantagem de Vi\u00f1ales. Rins acabou em terceiro, \u00e0 frente de Mir, Morbidelli, Bagnaia, Pirro, Quartararo, Oliveira e Nakagami.<\/p>\n\n\n\n<p class=\"wp-block-paragraph\">No \u00faltimo instante, Jack Miller foi a 1min47s716 e saltou para a nona coloca\u00e7\u00e3o, 1s123 atr\u00e1s de Vi\u00f1ales.<\/p>\n\n\n\n<h3 class=\"wp-block-heading\"><strong>MotoGP 2021, GP da It\u00e1lia, Mugello, Treino livre 1:<\/strong><\/h3>\n\n\n\n<figure class=\"wp-block-table\"><table><tbody><tr><td>1<\/td><td>M VI\u00d1ALES<\/td><td>Yamaha<\/td><td>1:46.593<\/td><td>&nbsp;<\/td><\/tr><tr><td>2<\/td><td>J ZARCO<\/td><td>Pramac Ducati<\/td><td>1:46.802<\/td><td>+0.209<\/td><\/tr><tr><td>3<\/td><td>A RINS<\/td><td>Suzuki<\/td><td>1:46.952<\/td><td>+0.359<\/td><\/tr><tr><td>4<\/td><td>J MIR<\/td><td>Suzuki<\/td><td>1:47.176<\/td><td>+0.583<\/td><\/tr><tr><td>5<\/td><td>F MORBIDELLI<\/td><td>SRT Yamaha<\/td><td>1:47.184<\/td><td>+0.591<\/td><\/tr><tr><td>6<\/td><td>F BAGNAIA<\/td><td>Ducati<\/td><td>1:47.186<\/td><td>+0.593<\/td><\/tr><tr><td>7<\/td><td>M PIRRO<\/td><td>Pramac Ducati<\/td><td>1:47.555<\/td><td>+0.962<\/td><\/tr><tr><td>8<\/td><td>F QUARTARARO<\/td><td>Yamaha<\/td><td>1:47.566<\/td><td>+0.973<\/td><\/tr><tr><td>9<\/td><td>J MILLER<\/td><td>Ducati<\/td><td>1:47.716<\/td><td>+1.123<\/td><\/tr><tr><td>10<\/td><td>M OLIVEIRA<\/td><td>KTM<\/td><td>1:47.748<\/td><td>+1.155<\/td><\/tr><tr><td>11<\/td><td>T NAKAGAMI<\/td><td>LCR Honda<\/td><td>1:47.791<\/td><td>+1.198<\/td><\/tr><tr><td>12<\/td><td>P ESPARGAR\u00d3<\/td><td>Honda<\/td><td>1:47.870<\/td><td>+1.277<\/td><\/tr><tr><td>13<\/td><td>A ESPARGAR\u00d3<\/td><td>Aprilia Gresini<\/td><td>1:47.992<\/td><td>+1.399<\/td><\/tr><tr><td>14<\/td><td>B BINDER<\/td><td>KTM<\/td><td>1:48.049<\/td><td>+1.456<\/td><\/tr><tr><td>15<\/td><td>L MARINI<\/td><td>Avintia VR46 Ducati<\/td><td>1:48.128<\/td><td>+1.535<\/td><\/tr><tr><td>16<\/td><td>M M\u00c1RQUEZ<\/td><td>Honda<\/td><td>1:48.277<\/td><td>+1.684<\/td><\/tr><tr><td>17<\/td><td>V ROSSI<\/td><td>SRT Yamaha<\/td><td>1:48.302<\/td><td>+1.709<\/td><\/tr><tr><td>18<\/td><td>D PETRUCCI<\/td><td>Tech3 KTM<\/td><td>1:48.319<\/td><td>+1.726<\/td><\/tr><tr><td>19<\/td><td>A M\u00c1RQUEZ<\/td><td>LCR Honda<\/td><td>1:48.375<\/td><td>+1.782<\/td><\/tr><tr><td>20<\/td><td>L SAVADORI<\/td><td>Aprilia Gresini<\/td><td>1:48.734<\/td><td>+2.141<\/td><\/tr><tr><td>21<\/td><td>E BASTIANINI<\/td><td>Avintia Ducati<\/td><td>1:48.967<\/td><td>+2.374<\/td><\/tr><tr><td>22<\/td><td>I LECUONA<\/td><td>Tech3 KTM<\/td><td>1:48.997<\/td><td>+2.404<\/td><\/tr><\/tbody><\/table><\/figure>\n\n\n\n<p class=\"wp-block-paragraph\"><strong>LEIA TAMB\u00c9M<\/strong><br>\u21dd&nbsp;<strong><a href=\"https:\/\/www.grandepremio.com\/br\/motogp\/noticias\/jack-miller-engrena-vitorias-seguidas-assume-protagonismo-temporada-motogp\/\" target=\"_blank\" rel=\"noreferrer noopener\">Miller engrena com vit\u00f3rias seguidas e assume protagonismo na temporada da&nbsp;<\/a><a href=\"https:\/\/www.grandepremio.com\/br\/motogp\/\" target=\"_blank\" rel=\"noreferrer noopener\">MotoGP<\/a><\/strong><br>\u21dd&nbsp;<strong><a href=\"https:\/\/www.grandepremio.com\/br\/web-stories\/motogp\/jack-miller-johann-zarco-fabio-quartararo-motogp-podio-incomum-franca\/\" target=\"_blank\" rel=\"noreferrer noopener\">WEB STORY: Com Miller, Zarco e Quartararo, MotoGP tem p\u00f3dio incomum na Fran\u00e7a<\/a><\/strong><br>\u21dd&nbsp;<strong><a href=\"https:\/\/www.grandepremio.com\/br\/motogp\/noticias\/frio-chuva-reclamacoes-motogp-precisa-dar-seguranca-rever-data-gp-franca\/\" target=\"_blank\" rel=\"noreferrer noopener\">Frio, chuva e reclama\u00e7\u00f5es: MotoGP precisa dar seguran\u00e7a e rever data do GP da Fran\u00e7a<\/a><\/strong><br>\u21dd&nbsp;<strong><a href=\"https:\/\/www.grandepremio.com\/br\/motociclismo\/noticias\/divertida-disputada-motoe-precisa-mudancas-ja-parte-solucao\/\" target=\"_blank\" rel=\"noreferrer noopener\">Divertida e disputada, MotoE precisa de mudan\u00e7as. E j\u00e1 tem parte da solu\u00e7\u00e3o nas regras<\/a><\/strong><br>\u21dd&nbsp;<strong><a href=\"https:\/\/www.grandepremio.com\/br\/motogp\/noticias\/quartararo-mostra-evolucao-e-consistencia-para-brigar-por-titulo-desperdicado-em-2020\/\" target=\"_blank\" rel=\"noreferrer noopener\">Quartararo mostra evolu\u00e7\u00e3o e consist\u00eancia para brigar por t\u00edtulo desperdi\u00e7ado em 2020<\/a><\/strong><br>\u21dd&nbsp;<strong><a href=\"https:\/\/www.grandepremio.com\/br\/motogp\/noticias\/jaume-masia-lesionado-ajo-escala-diogo-moreira-dois-dias-testes-moto3-barcelona\/\" target=\"_blank\" rel=\"noreferrer noopener\">Com Masi\u00e0 lesionado, Ajo escala Moreira para dois dias de testes da Moto3 em Barcelona<\/a><\/strong><br>\u21dd&nbsp;<strong><a href=\"https:\/\/www.grandepremio.com\/br\/motogp\/noticias\/yamaha-ducati-mostram-forcas-opostas-disputam-protagonismo-motogp-2021\/\" target=\"_blank\" rel=\"noreferrer noopener\">Yamaha e Ducati mostram for\u00e7as opostas e disputam protagonismo na MotoGP em 2021<\/a><\/strong><br>\u21dd&nbsp;<strong><a href=\"https:\/\/www.grandepremio.com\/br\/motogp\/noticias\/ducati-yamaha-quem-equipar-vr46-temporada-2022-motogp\/\" target=\"_blank\" rel=\"noreferrer noopener\">Ducati ou Yamaha: quem vai equipar a VR46 na temporada 2022 da MotoGP?<\/a><\/strong><br>\u21dd&nbsp;<strong><a href=\"https:\/\/www.grandepremio.com\/br\/motogp\/noticias\/descoberta-alex-barros-fruto-motocross-diogo-moreira-nova-joia-motociclismo-brasileiro\/\" target=\"_blank\" rel=\"noreferrer noopener\">Descoberta de Barros e fruto do motocross: Moreira \u00e9 nova joia do motociclismo brasileiro<\/a><\/strong><br>\u21dd&nbsp;<strong><a href=\"https:\/\/grandepremium.grandepremio.com\/br\/lado-a-lado\/motogp\/materias\/fabio-quartararo-x-jack-miller\/\" target=\"_blank\" rel=\"noreferrer noopener\">Quartararo&nbsp;<em>versus&nbsp;<\/em>Miller: a trajet\u00f3ria dos protagonistas da temporada 2021 na MotoGP<\/a><\/strong><\/p>\n\n\n\n<figure class=\"wp-block-embed is-type-video is-provider-dailymotion wp-block-embed-dailymotion wp-embed-aspect-16-9 wp-has-aspect-ratio\"><div class=\"wp-block-embed__wrapper\">\n<iframe loading=\"lazy\" title=\"APRILIA ACERTA EM NAMORO COM DOVIZIOSO. MAS PRECISA PLANEJAR FUTURO LOGO | GP \u00e0s 10\" frameborder=\"0\" width=\"500\" height=\"281\" src=\"https:\/\/geo.dailymotion.com\/player.html?video=x81h836&#038;\" allowfullscreen allow=\"autoplay; fullscreen; picture-in-picture; web-share\"><\/iframe>\n<\/div><\/figure>\n","protected":false},"excerpt":{"rendered":"<p>Pai recente, o Top Gun cravou 1min46s593 para assegurar a lideran\u00e7a da manh\u00e3 de sexta-feira (28) na It\u00e1lia. Johann Zarco ficou com o segundo posto, com \u00c1lex Rins aparecendo para completar o top-3<\/p>\n","protected":false},"author":0,"featured_media":1000437022,"comment_status":"closed","ping_status":"closed","sticky":false,"template":"","format":"standard","meta":{"42wp_featured_image_caption":"","42wp_featured_image_credits":"","42wp_featured_video":"","42wp_featured_image_hidden":false,"42wp_authors_list":[],"footnotes":""},"categories":[8],"tags":[25070,79,78,490,24850,25819,3211,26690],"42wp_author":[47113],"class_list":["post-120798","post","type-post","status-publish","format-standard","has-post-thumbnail","hentry","category-motogp","tag-italia-2","tag-moto-gp","tag-motogp","tag-motogp-2021","tag-motogp-fox-sports","tag-motogp-hoje","tag-mugello","tag-pilotos-motogp","42wp_author-juliana-tesser"],"_links":{"self":[{"href":"https:\/\/grandepremio.com\/br\/wp-json\/wp\/v2\/posts\/120798","targetHints":{"allow":["GET"]}}],"collection":[{"href":"https:\/\/grandepremio.com\/br\/wp-json\/wp\/v2\/posts"}],"about":[{"href":"https:\/\/grandepremio.com\/br\/wp-json\/wp\/v2\/types\/post"}],"replies":[{"embeddable":true,"href":"https:\/\/grandepremio.com\/br\/wp-json\/wp\/v2\/comments?post=120798"}],"version-history":[{"count":0,"href":"https:\/\/grandepremio.com\/br\/wp-json\/wp\/v2\/posts\/120798\/revisions"}],"wp:featuredmedia":[{"embeddable":true,"href":"https:\/\/grandepremio.com\/br\/wp-json\/wp\/v2\/media\/1000437022"}],"wp:attachment":[{"href":"https:\/\/grandepremio.com\/br\/wp-json\/wp\/v2\/media?parent=120798"}],"wp:term":[{"taxonomy":"category","embeddable":true,"href":"https:\/\/grandepremio.com\/br\/wp-json\/wp\/v2\/categories?post=120798"},{"taxonomy":"post_tag","embeddable":true,"href":"https:\/\/grandepremio.com\/br\/wp-json\/wp\/v2\/tags?post=120798"},{"taxonomy":"42wp_author","embeddable":true,"href":"https:\/\/grandepremio.com\/br\/wp-json\/wp\/v2\/42wp_author?post=120798"}],"curies":[{"name":"wp","href":"https:\/\/api.w.org\/{rel}","templated":true}]}}