{"id":120805,"date":"2021-05-27T19:53:40","date_gmt":"2021-05-27T22:53:40","guid":{"rendered":"https:\/\/grandepremio.com\/br\/noticias\/com-brasil-tv-acordo-indy-transmite-carb-day-exclusividade\/"},"modified":"2021-05-27T19:53:45","modified_gmt":"2021-05-27T22:53:45","slug":"com-brasil-tv-acordo-indy-transmite-carb-day-exclusividade","status":"publish","type":"post","link":"https:\/\/grandepremio.com\/br\/indy\/com-brasil-tv-acordo-indy-transmite-carb-day-exclusividade\/","title":{"rendered":"COM Brasil TV fecha acordo com Indy e transmite &#8216;Carb Day&#8217; com exclusividade"},"content":{"rendered":"\n<figure class=\"wp-block-video\"><video class=\"video-js vjs-big-play-centered\" data-gp-vjs=\"1\" controls src=\"https:\/\/www.grandepremio.com\/br\/wp-content\/uploads\/2021\/05\/alex-palou-quali-crash.mp4\"><\/video><figcaption>\u00c1lex Palou foi a primeira v\u00edtima na classifica\u00e7\u00e3o em Indian\u00e1polis (V\u00eddeo; Reprodu\u00e7\u00e3o)<\/figcaption><\/figure>\n\n\n\n<p class=\"wp-block-paragraph\">A COM Brasil TV fechou um acordo para transmitir os treinos e a classifica\u00e7\u00e3o da Indy no Brasil. O acordo, anunciado pelo perfil brasileiro da categoria nas redes sociais, come\u00e7a j\u00e1 nesta sexta-feira (28) com a transmiss\u00e3o do tradicional Carb Day, a \u00faltima atividade de pista antes das 500 Milhas de Indian\u00e1polis, marcadas para acontecer no domingo.<\/p>\n\n\n\n<p class=\"wp-block-paragraph\">Canal p\u00fablico e comunit\u00e1rio, a COM Brasil est\u00e1 dispon\u00edvel via sat\u00e9lite nas operadoras Claro, Embratel, SKY, Oi, Vivo e NossaTV. A exibi\u00e7\u00e3o do Carb Day, que ter\u00e1 Tat\u00e1 Muniz na narra\u00e7\u00e3o.<\/p>\n\n\n\n<p class=\"wp-block-paragraph\">A TV Cultura, assim como j\u00e1 fez com todas as corridas da temporada, exibir\u00e1 a Indy 500 no pr\u00f3ximo domingo. A dupla formada pelo narrador Geferson Kern e o comentarista Rodrigo Mattar ser\u00e1 mantida.<\/p>\n\n\n\n<p class=\"wp-block-paragraph\"><strong>Conhe\u00e7a o canal do Grande Pr\u00eamio no YouTube! Clique\u00a0<a target=\"_blank\" href=\"https:\/\/youtube.com\/GrandePremioTV\" rel=\"noreferrer noopener\">aqui<\/a>.<\/strong><br><strong>Siga o Grande Pr\u00eamio no\u00a0<a target=\"_blank\" href=\"https:\/\/twitter.com\/grandepremio\" rel=\"noreferrer noopener\">Twitter\u00a0<\/a>e no\u00a0<a target=\"_blank\" href=\"https:\/\/instagram.com\/grandepremio\" rel=\"noreferrer noopener\">Instagram<\/a>!<\/strong><br><strong>WEB STORIES:\u00a0<a href=\"https:\/\/www.grandepremio.com\/br\/web-stories\/indy\/relembre-os-10-ultimos-vencedores-das-500-milhas-de-indianapolis\/\">Relembre os 10 \u00faltimos vencedores da<\/a>\u00a0<a href=\"https:\/\/www.grandepremio.com\/br\/indy\/\" target=\"_blank\" rel=\"noreferrer noopener\">Indy<\/a>\u00a0500<\/strong><\/p>\n\n\n\n<figure class=\"wp-block-image size-large\"><img decoding=\"async\" src=\"https:\/\/www.grandepremio.com\/br\/wp-content\/uploads\/2021\/05\/0-Indy-2021-1024x683.jpg\" alt=\"\" class=\"wp-image-477330\"\/><figcaption>Dixon, Herta e VeeKay largam na primeira fila da Indy 500 2021 (Foto: Indycar)<\/figcaption><\/figure>\n\n\n\n<p class=\"wp-block-paragraph\">J\u00e1 a edi\u00e7\u00e3o virtual da Indy 500 acontecer\u00e1 no s\u00e1bado e com transmiss\u00e3o do aplicativo &#8216;Arena Indy&#8217; e tamb\u00e9m do canal &#8216;F\u00f3rmula Indy&#8217;, no YouTube. O aplicativo mant\u00e9m o acordo para transmiss\u00e3o de treinos livres e classifica\u00e7\u00f5es da Indy at\u00e9 o fim da temporada.<\/p>\n\n\n\n<p class=\"wp-block-paragraph\">A 105\u00aa edi\u00e7\u00e3o das 500 Milhas de Indian\u00e1polis est\u00e1 marcada para acontecer no pr\u00f3ximo domingo (30). A largada \u00e9 esperada para acontecer \u00e0s 13h45 (de Bras\u00edlia).\u00a0O pole-position ser\u00e1 Scott Dixon e tr\u00eas brasileiros participar\u00e3o da corrida: Tony Kanaan, Helio Castroneves e Pietro Fittipaldi.<\/p>\n\n\n\n<figure class=\"wp-block-embed is-type-video is-provider-dailymotion wp-block-embed-dailymotion wp-embed-aspect-16-9 wp-has-aspect-ratio\"><div class=\"wp-block-embed__wrapper\">\n<iframe loading=\"lazy\" title=\"O QUE ESPERAR DE CADA UM DOS 33 PILOTOS NA INDY 500 2021 | GP \u00e0s 10\" frameborder=\"0\" width=\"500\" height=\"281\" src=\"https:\/\/geo.dailymotion.com\/player.html?video=x81ics0&#038;\" allowfullscreen allow=\"autoplay; fullscreen; picture-in-picture; web-share\"><\/iframe>\n<\/div><\/figure>\n","protected":false},"excerpt":{"rendered":"<p>Canal p\u00fablico e comunit\u00e1rio fechou acordo com Indy e exibir\u00e1 o Carb Day com exclusividade nesta sexta-feira. 500 Milhas de Indian\u00e1polis ser\u00e1 transmitida apenas pela TV Cultura<\/p>\n","protected":false},"author":0,"featured_media":1000477703,"comment_status":"closed","ping_status":"closed","sticky":false,"template":"","format":"standard","meta":{"42wp_featured_image_caption":"","42wp_featured_image_credits":"","42wp_featured_video":"","42wp_featured_image_hidden":false,"42wp_authors_list":[],"footnotes":""},"categories":[3],"tags":[9948,93,232],"42wp_author":[47119],"class_list":["post-120805","post","type-post","status-publish","format-standard","has-post-thumbnail","hentry","category-indy","tag-carb-day","tag-indy","tag-indy-500","42wp_author-gabriel-carvalho"],"_links":{"self":[{"href":"https:\/\/grandepremio.com\/br\/wp-json\/wp\/v2\/posts\/120805","targetHints":{"allow":["GET"]}}],"collection":[{"href":"https:\/\/grandepremio.com\/br\/wp-json\/wp\/v2\/posts"}],"about":[{"href":"https:\/\/grandepremio.com\/br\/wp-json\/wp\/v2\/types\/post"}],"replies":[{"embeddable":true,"href":"https:\/\/grandepremio.com\/br\/wp-json\/wp\/v2\/comments?post=120805"}],"version-history":[{"count":0,"href":"https:\/\/grandepremio.com\/br\/wp-json\/wp\/v2\/posts\/120805\/revisions"}],"wp:featuredmedia":[{"embeddable":true,"href":"https:\/\/grandepremio.com\/br\/wp-json\/wp\/v2\/media\/1000477703"}],"wp:attachment":[{"href":"https:\/\/grandepremio.com\/br\/wp-json\/wp\/v2\/media?parent=120805"}],"wp:term":[{"taxonomy":"category","embeddable":true,"href":"https:\/\/grandepremio.com\/br\/wp-json\/wp\/v2\/categories?post=120805"},{"taxonomy":"post_tag","embeddable":true,"href":"https:\/\/grandepremio.com\/br\/wp-json\/wp\/v2\/tags?post=120805"},{"taxonomy":"42wp_author","embeddable":true,"href":"https:\/\/grandepremio.com\/br\/wp-json\/wp\/v2\/42wp_author?post=120805"}],"curies":[{"name":"wp","href":"https:\/\/api.w.org\/{rel}","templated":true}]}}