{"id":120806,"date":"2021-05-27T18:15:00","date_gmt":"2021-05-27T21:15:00","guid":{"rendered":"https:\/\/grandepremio.com\/br\/noticias\/alex-dias-ribeiro-a-morte-do-meu-inimigo-max-mosley\/"},"modified":"2021-05-27T18:19:48","modified_gmt":"2021-05-27T21:19:48","slug":"alex-dias-ribeiro-a-morte-do-meu-inimigo-max-mosley","status":"publish","type":"post","link":"https:\/\/grandepremio.com\/br\/f1\/alex-dias-ribeiro-a-morte-do-meu-inimigo-max-mosley\/","title":{"rendered":"Alex Dias Ribeiro: A morte do meu inimigo, Max Mosley"},"content":{"rendered":"\n<p class=\"wp-block-paragraph\">Morreu de c\u00e2ncer aos 81 anos o homem que matou os meus sonhos e sepultou minha carreira de piloto na F\u00f3rmula 1. Antes de se tornar o presidente da FIA (Federa\u00e7\u00e3o Internacional de Automobilismo), ele foi meu chefe de equipe na March, onde me fez engolir, com requintes de crueldade, o p\u00e3o que o diabo amassou, tornando-se a pessoa que mais odiei em toda a minha vida.<\/p>\n\n\n\n<p class=\"wp-block-paragraph\">Um dia ele me deixou t\u00e3o louco de raiva que tive ganas de engatar a primeira, agarr\u00e1-lo pela gravata e sair do box cantando pneus com ele pendurado pelo pesco\u00e7o!<\/p>\n\n\n\n<p class=\"wp-block-paragraph\">Para n\u00e3o explodir de tanto \u00f3dio, comecei a escrever um di\u00e1rio onde o chamava de &#8216;Mac Mouse&#8217;. Anos mais tarde, esse di\u00e1rio deu origem ao livro &#8216;Mais que Vencedor&#8217;, no qual dediquei-lhe um capitulo intitulado &#8216;O amor ao Pr\u00f3ximo&#8217;.<\/p>\n\n\n\n<p class=\"wp-block-paragraph\">Mas ao reler esse capitulo, descobri que na verdade tinha escrito &#8216;O \u00d3dio ao Pr\u00f3ximo&#8217;. Tomei uma tremenda bronca de Deus atrav\u00e9s dessas palavras de Jesus:<\/p>\n\n\n\n<figure class=\"wp-block-image size-large\"><img decoding=\"async\" src=\"https:\/\/www.grandepremio.com\/br\/wp-content\/uploads\/2021\/05\/image-10-1024x768.png\" alt=\"\" class=\"wp-image-477788\"\/><figcaption>Alex Dias Ribeiro em seu encontro com Max Mosley em Interlagos (Foto: Arquivo pessoal)<\/figcaption><\/figure>\n\n\n\n<p class=\"wp-block-paragraph\">\u2014 Se voc\u00eas amam apenas aqueles que os amam, que recompensa ter\u00e3o? Porque at\u00e9 os pecadores amam aqueles que os amam. Amem por\u00e9m os seus inimigos. E voc\u00eas ter\u00e3o uma grande recompensa e ser\u00e3o filhos do Alt\u00edssimo &#8211; Lc, 6:32 a 35.<\/p>\n\n\n\n<p class=\"wp-block-paragraph\">Confesso que essa foi a li\u00e7\u00e3o mais dif\u00edcil que aprendi a duras penas. O processo durou 27 anos at\u00e9 o dia em que o encontrei cara a cara no GP do Brasil de 2004 e pude confessar o quanto eu o odiei, como o havia perdoado e quanto o amava com o amor que Deus tem por mim e por ele. Ao terminar nossa conversa, dei-lhe um abra\u00e7o t\u00e3o forte que o deixou desconcertado.<\/p>\n\n\n\n<p class=\"wp-block-paragraph\">H\u00e1 males que vem para o bem?<\/p>\n\n\n\n<p class=\"wp-block-paragraph\">A explica\u00e7\u00e3o b\u00edblica que encontrei para justificar a exist\u00eancia de &#8216;Mac Mouse&#8217; no meu caminho veio desse recado:<\/p>\n\n\n\n<p class=\"wp-block-paragraph\">\u2014 O Senhor fez todas as coisas para determinados fins e at\u00e9 o perverso, para o dia da calamidade &#8211; Pv,16:4<\/p>\n\n\n\n<figure class=\"wp-block-embed is-type-video is-provider-youtube wp-block-embed-youtube wp-embed-aspect-16-9 wp-has-aspect-ratio\"><div class=\"wp-block-embed__wrapper\">\n<iframe loading=\"lazy\" title=\"\u00c9 GUERRA? O CHUMBO TROCADO ENTRE HAMILTON\/MERCEDES E VERSTAPPEN\/RED BULL NA F1 | GP \u00c0S 10\" width=\"500\" height=\"281\" src=\"https:\/\/www.youtube.com\/embed\/CYM5tClr958?feature=oembed\" frameborder=\"0\" allow=\"accelerometer; autoplay; clipboard-write; encrypted-media; gyroscope; picture-in-picture; web-share\" referrerpolicy=\"strict-origin-when-cross-origin\" allowfullscreen><\/iframe>\n<\/div><\/figure>\n\n\n\n<p class=\"wp-block-paragraph\">A principio, entendi o recado assim: o dia da minha calamidade foi a morte da minha carreira. Ao receber a noticia da morte de &#8216;Mac Mouse&#8217;, me toquei que ele teve um prop\u00f3sito especifico. Essa percep\u00e7\u00e3o foi expandida atrav\u00e9s desse texto de Daniel Santos:<\/p>\n\n\n\n<p class=\"wp-block-paragraph\">\u2014 Deus criou tudo e todos com uma finalidade. Isso tem uma consequ\u00eancia direta e \u00f3bvia: n\u00e3o h\u00e1 espa\u00e7o para imprevistos, ou surpresas. Criar o perverso para o dia da calamidade significa n\u00e3o apenas controle, mas justi\u00e7a. Os justos, por exemplo, n\u00e3o foram criados para a calamidade. O dia da calamidade \u00e9 o dia quando o perverso pagar\u00e1 pelos seus atos, um dia de disciplina e n\u00e3o necessariamente o dia do ju\u00edzo final. Assim, podemos concluir que a exist\u00eancia do perverso cumpre uma finalidade pedag\u00f3gica na ordem criada: lembrar-nos de que tudo tem uma finalidade criada e tra\u00e7ada por Deus.<\/p>\n\n\n\n<p class=\"wp-block-paragraph\">Moral da hist\u00f3ria: morre &#8216;Mac Mouse&#8217;, mas vive Max Mosley em minha mem\u00f3ria e no meu cora\u00e7\u00e3o com gratid\u00e3o por ele ser protagonista do filme da minha vida. Junto com isso, fica a esperan\u00e7a de que as palavras que um dia ele me ouviu falar sobre Jesus Cristo e vida eterna tenham encontrado eco no seu cora\u00e7\u00e3o, moldando o seu destino eterno. <\/p>\n\n\n\n<p class=\"wp-block-paragraph\">Que Deus o tenha\u2026<\/p>\n\n\n\n<p class=\"wp-block-paragraph\"><strong>Conhe\u00e7a o canal do Grande Pr\u00eamio no\u00a0<a href=\"https:\/\/www.youtube.com\/GrandePremioTV\">YouTube<\/a>.<br>Siga o Grande Pr\u00eamio no\u00a0<a rel=\"noreferrer noopener\" href=\"https:\/\/twitter.com\/grandepremio\" target=\"_blank\">Twitter\u00a0<\/a>e no\u00a0<a rel=\"noreferrer noopener\" href=\"https:\/\/instagram.com\/grandepremio\" target=\"_blank\">Instagram<\/a>.<\/strong><\/p>\n\n\n\n<figure class=\"wp-block-video\"><video class=\"video-js vjs-big-play-centered\" data-gp-vjs=\"1\" controls src=\"https:\/\/www.grandepremio.com\/br\/wp-content\/uploads\/2021\/05\/OUOqInMj6gJwnxS9.mp4\"><\/video><figcaption><strong>O pneu do carro de Valtteri Bottas estava preso h\u00e1 dias (V\u00eddeo: Mercedes)<\/strong><\/figcaption><\/figure>\n","protected":false},"excerpt":{"rendered":"<p>Ex-piloto da F\u00f3rmula 1 relembra os momentos com seu ex-chefe na March e como aprendeu a superar seu \u00f3dio<\/p>\n","protected":false},"author":0,"featured_media":1000477791,"comment_status":"closed","ping_status":"closed","sticky":false,"template":"","format":"standard","meta":{"42wp_featured_image_caption":"","42wp_featured_image_credits":"","42wp_featured_video":"","42wp_featured_image_hidden":false,"42wp_authors_list":[],"footnotes":""},"categories":[2],"tags":[2253,147,24837,4910],"42wp_author":[47109],"class_list":["post-120806","post","type-post","status-publish","format-standard","has-post-thumbnail","hentry","category-f1","tag-alex-dias-ribeiro","tag-f1","tag-formula-1-2","tag-max-mosley","42wp_author-redacao-gp"],"_links":{"self":[{"href":"https:\/\/grandepremio.com\/br\/wp-json\/wp\/v2\/posts\/120806","targetHints":{"allow":["GET"]}}],"collection":[{"href":"https:\/\/grandepremio.com\/br\/wp-json\/wp\/v2\/posts"}],"about":[{"href":"https:\/\/grandepremio.com\/br\/wp-json\/wp\/v2\/types\/post"}],"replies":[{"embeddable":true,"href":"https:\/\/grandepremio.com\/br\/wp-json\/wp\/v2\/comments?post=120806"}],"version-history":[{"count":0,"href":"https:\/\/grandepremio.com\/br\/wp-json\/wp\/v2\/posts\/120806\/revisions"}],"wp:featuredmedia":[{"embeddable":true,"href":"https:\/\/grandepremio.com\/br\/wp-json\/wp\/v2\/media\/1000477791"}],"wp:attachment":[{"href":"https:\/\/grandepremio.com\/br\/wp-json\/wp\/v2\/media?parent=120806"}],"wp:term":[{"taxonomy":"category","embeddable":true,"href":"https:\/\/grandepremio.com\/br\/wp-json\/wp\/v2\/categories?post=120806"},{"taxonomy":"post_tag","embeddable":true,"href":"https:\/\/grandepremio.com\/br\/wp-json\/wp\/v2\/tags?post=120806"},{"taxonomy":"42wp_author","embeddable":true,"href":"https:\/\/grandepremio.com\/br\/wp-json\/wp\/v2\/42wp_author?post=120806"}],"curies":[{"name":"wp","href":"https:\/\/api.w.org\/{rel}","templated":true}]}}