{"id":120814,"date":"2021-05-27T12:22:36","date_gmt":"2021-05-27T15:22:36","guid":{"rendered":"https:\/\/grandepremio.com\/br\/noticias\/mas-ja-aqui-franco-morbidelli-esquece-vai-gp-italia-sem-capacete-especial\/"},"modified":"2021-05-27T12:22:41","modified_gmt":"2021-05-27T15:22:41","slug":"mas-ja-aqui-franco-morbidelli-esquece-vai-gp-italia-sem-capacete-especial","status":"publish","type":"post","link":"https:\/\/grandepremio.com\/br\/motogp\/mas-ja-aqui-franco-morbidelli-esquece-vai-gp-italia-sem-capacete-especial\/","title":{"rendered":"Mas j\u00e1 aqui? Morbidelli esquece e vai ao GP da It\u00e1lia sem capacete especial"},"content":{"rendered":"\n<figure class=\"wp-block-video\"><video class=\"video-js vjs-big-play-centered\" data-gp-vjs=\"1\" controls src=\"https:\/\/www.grandepremio.com\/br\/wp-content\/uploads\/2021\/05\/WhatsApp-Video-2021-05-20-at-18.45.20-1.mp4\"><\/video><figcaption>Diogo Moreira testou com a equipe de Aki Ajo em Barcelona (V\u00eddeo: Divulga\u00e7\u00e3o)<\/figcaption><\/figure>\n\n\n\n<p class=\"wp-block-paragraph\">Franco Morbidelli n\u00e3o ter\u00e1 um capacete especial para o GP da It\u00e1lia deste fim de semana. O \u00edtalo-brasileiro admitiu que esqueceu da data da corrida em Mugello e, por isso acabou sem uma \u2018roupa\u2019 para ocasi\u00e3o.<\/p>\n\n\n\n<p class=\"wp-block-paragraph\">Falando \u00e0 imprensa nesta quinta-feira (27), o piloto da SRT contou que n\u00e3o ter\u00e1 um casco preparado especialmente para a corrida de casa, j\u00e1 que n\u00e3o notou que a prova estava chegando.<\/p>\n\n\n\n<figure class=\"wp-block-image size-large\"><img decoding=\"async\" src=\"https:\/\/www.grandepremio.com\/br\/wp-content\/uploads\/2021\/04\/51119476928_fca54fb397_k-1024x682.jpg\" alt=\"\" class=\"wp-image-466399\"\/><figcaption>Franco Morbidelli esqueceu de planejar um capacete especial para a corrida deste fim de semana (Foto: SRT)<\/figcaption><\/figure>\n\n\n\n<p class=\"wp-block-paragraph\"><strong>Conhe\u00e7a o canal do Grande Pr\u00eamio no\u00a0<a href=\"https:\/\/www.youtube.com\/GrandePremioTV\">YouTube<\/a>.<br>Siga o Grande Pr\u00eamio no\u00a0<a rel=\"noreferrer noopener\" href=\"https:\/\/twitter.com\/grandepremio\" target=\"_blank\">Twitter\u00a0<\/a>e no\u00a0<a rel=\"noreferrer noopener\" href=\"https:\/\/instagram.com\/grandepremio\" target=\"_blank\">Instagram<\/a>.<\/strong><\/p>\n\n\n\n<p class=\"wp-block-paragraph\">\u201cLamento muito, mas na verdade devo ser sincero: esqueci completamente!\u201d, reelou Franco. \u201cEsqueci que depois de Le Mans viria Mugello. Como voc\u00eas sabem, sou uma pessoa que vive dia ap\u00f3s dia e n\u00e3o olho muito para o calend\u00e1rio\u201d, seguiu.<\/p>\n\n\n\n<p class=\"wp-block-paragraph\">\u201cEu esqueci de pensar em um gr\u00e1fico e, quando Aldo Drudi me ligou para fazermos, confessei que tinha esquecido e que preferia n\u00e3o fazer as coisas com pressa\u201d, comentou. \u201cFazer algo assim precisa ser divertido, f\u00e1cil. N\u00e3o uma coisa pesada, como um trabalho. N\u00e3o precisava de mais estresse do que j\u00e1 tive com a recupera\u00e7\u00e3o do joelho\u201d, justificou.<\/p>\n\n\n\n<p class=\"wp-block-paragraph\">Franco brincou e pediu para ser lembrado da corrida em Misano, agendada para 19 de setembro, com o GP de San Marino e da Riviera de Rimini.<\/p>\n\n\n\n<p class=\"wp-block-paragraph\">\u201cSinto muito, mas vou tentar me recuperar para Misano. Espero que meus amigos me lembrem de Misano antes de Misano\u201d, completou.<\/p>\n\n\n\n<p class=\"wp-block-paragraph\">A&nbsp;<a href=\"https:\/\/www.grandepremio.com\/br\/motogp\/\" target=\"_blank\" rel=\"noreferrer noopener\">MotoGP<\/a>&nbsp;volta \u00e0 a\u00e7\u00e3o no dia 30 de maio, com o GP da It\u00e1lia, sexta etapa do calend\u00e1rio.&nbsp;<a href=\"https:\/\/www.grandepremio.com\/br\/motogp\/ultimas-noticias\/\">Acompanhe a cobertura do&nbsp;<strong>GRANDE PR\u00caMIO<\/strong>&nbsp;sobre o Mundial de&nbsp;<\/a><a href=\"https:\/\/www.grandepremio.com\/br\/motogp\/\" target=\"_blank\" rel=\"noreferrer noopener\">Motovelocidade<\/a>.<\/p>\n\n\n\n<p class=\"wp-block-paragraph\"><strong>LEIA TAMB\u00c9M<\/strong><br>\u21dd&nbsp;<strong><a href=\"https:\/\/www.grandepremio.com\/br\/motogp\/noticias\/jack-miller-engrena-vitorias-seguidas-assume-protagonismo-temporada-motogp\/\" target=\"_blank\" rel=\"noreferrer noopener\">Miller engrena com vit\u00f3rias seguidas e assume protagonismo na temporada da&nbsp;<\/a><a href=\"https:\/\/www.grandepremio.com\/br\/motogp\/\" target=\"_blank\" rel=\"noreferrer noopener\">MotoGP<\/a><\/strong><br>\u21dd&nbsp;<strong><a href=\"https:\/\/www.grandepremio.com\/br\/web-stories\/motogp\/jack-miller-johann-zarco-fabio-quartararo-motogp-podio-incomum-franca\/\" target=\"_blank\" rel=\"noreferrer noopener\">WEB STORY: Com Miller, Zarco e Quartararo, MotoGP tem p\u00f3dio incomum na Fran\u00e7a<\/a><\/strong><br>\u21dd&nbsp;<strong><a href=\"https:\/\/www.grandepremio.com\/br\/motogp\/noticias\/frio-chuva-reclamacoes-motogp-precisa-dar-seguranca-rever-data-gp-franca\/\" target=\"_blank\" rel=\"noreferrer noopener\">Frio, chuva e reclama\u00e7\u00f5es: MotoGP precisa dar seguran\u00e7a e rever data do GP da Fran\u00e7a<\/a><\/strong><br>\u21dd&nbsp;<strong><a href=\"https:\/\/www.grandepremio.com\/br\/motociclismo\/noticias\/divertida-disputada-motoe-precisa-mudancas-ja-parte-solucao\/\" target=\"_blank\" rel=\"noreferrer noopener\">Divertida e disputada, MotoE precisa de mudan\u00e7as. E j\u00e1 tem parte da solu\u00e7\u00e3o nas regras<\/a><\/strong><br>\u21dd&nbsp;<strong><a href=\"https:\/\/www.grandepremio.com\/br\/motogp\/noticias\/quartararo-mostra-evolucao-e-consistencia-para-brigar-por-titulo-desperdicado-em-2020\/\" target=\"_blank\" rel=\"noreferrer noopener\">Quartararo mostra evolu\u00e7\u00e3o e consist\u00eancia para brigar por t\u00edtulo desperdi\u00e7ado em 2020<\/a><\/strong><br>\u21dd&nbsp;<strong><a href=\"https:\/\/www.grandepremio.com\/br\/motogp\/noticias\/jaume-masia-lesionado-ajo-escala-diogo-moreira-dois-dias-testes-moto3-barcelona\/\" target=\"_blank\" rel=\"noreferrer noopener\">Com Masi\u00e0 lesionado, Ajo escala Moreira para dois dias de testes da Moto3 em Barcelona<\/a><\/strong><br>\u21dd&nbsp;<strong><a href=\"https:\/\/www.grandepremio.com\/br\/motogp\/noticias\/yamaha-ducati-mostram-forcas-opostas-disputam-protagonismo-motogp-2021\/\" target=\"_blank\" rel=\"noreferrer noopener\">Yamaha e Ducati mostram for\u00e7as opostas e disputam protagonismo na MotoGP em 2021<\/a><\/strong><br>\u21dd&nbsp;<strong><a href=\"https:\/\/www.grandepremio.com\/br\/motogp\/noticias\/ducati-yamaha-quem-equipar-vr46-temporada-2022-motogp\/\" target=\"_blank\" rel=\"noreferrer noopener\">Ducati ou Yamaha: quem vai equipar a VR46 na temporada 2022 da MotoGP?<\/a><\/strong><br>\u21dd&nbsp;<strong><a href=\"https:\/\/www.grandepremio.com\/br\/motogp\/noticias\/descoberta-alex-barros-fruto-motocross-diogo-moreira-nova-joia-motociclismo-brasileiro\/\" target=\"_blank\" rel=\"noreferrer noopener\">Descoberta de Barros e fruto do motocross: Moreira \u00e9 nova joia do motociclismo brasileiro<\/a><\/strong><br>\u21dd&nbsp;<strong><a href=\"https:\/\/grandepremium.grandepremio.com\/br\/lado-a-lado\/motogp\/materias\/fabio-quartararo-x-jack-miller\/\" target=\"_blank\" rel=\"noreferrer noopener\">Quartararo&nbsp;<em>versus&nbsp;<\/em>Miller: a trajet\u00f3ria dos protagonistas da temporada 2021 na MotoGP<\/a><\/strong><\/p>\n\n\n\n<figure class=\"wp-block-embed is-type-video is-provider-dailymotion wp-block-embed-dailymotion wp-embed-aspect-16-9 wp-has-aspect-ratio\"><div class=\"wp-block-embed__wrapper\">\n<iframe loading=\"lazy\" title=\"APRILIA ACERTA EM NAMORO COM DOVIZIOSO. MAS PRECISA PLANEJAR FUTURO LOGO | GP \u00e0s 10\" frameborder=\"0\" width=\"500\" height=\"281\" src=\"https:\/\/geo.dailymotion.com\/player.html?video=x81h836&#038;\" allowfullscreen allow=\"autoplay; fullscreen; picture-in-picture; web-share\"><\/iframe>\n<\/div><\/figure>\n","protected":false},"excerpt":{"rendered":"<p>\u00cdtalo-brasileiro contou que n\u00e3o percebeu que a corrida em Mugello viria na sequ\u00eancia do GP da Fran\u00e7a e esqueceu de preparar um capacete especial para a corrida de casa. Piloto da SRT pediu para ser lembrado da corrida em Misano<\/p>\n","protected":false},"author":0,"featured_media":1000473743,"comment_status":"closed","ping_status":"closed","sticky":false,"template":"","format":"standard","meta":{"42wp_featured_image_caption":"","42wp_featured_image_credits":"","42wp_featured_video":"","42wp_featured_image_hidden":false,"42wp_authors_list":[],"footnotes":""},"categories":[8],"tags":[140,25070,79,78,490,24850,25819,3211,26690,25441],"42wp_author":[47113],"class_list":["post-120814","post","type-post","status-publish","format-standard","has-post-thumbnail","hentry","category-motogp","tag-franco-morbidelli","tag-italia-2","tag-moto-gp","tag-motogp","tag-motogp-2021","tag-motogp-fox-sports","tag-motogp-hoje","tag-mugello","tag-pilotos-motogp","tag-srt","42wp_author-juliana-tesser"],"_links":{"self":[{"href":"https:\/\/grandepremio.com\/br\/wp-json\/wp\/v2\/posts\/120814","targetHints":{"allow":["GET"]}}],"collection":[{"href":"https:\/\/grandepremio.com\/br\/wp-json\/wp\/v2\/posts"}],"about":[{"href":"https:\/\/grandepremio.com\/br\/wp-json\/wp\/v2\/types\/post"}],"replies":[{"embeddable":true,"href":"https:\/\/grandepremio.com\/br\/wp-json\/wp\/v2\/comments?post=120814"}],"version-history":[{"count":0,"href":"https:\/\/grandepremio.com\/br\/wp-json\/wp\/v2\/posts\/120814\/revisions"}],"wp:featuredmedia":[{"embeddable":true,"href":"https:\/\/grandepremio.com\/br\/wp-json\/wp\/v2\/media\/1000473743"}],"wp:attachment":[{"href":"https:\/\/grandepremio.com\/br\/wp-json\/wp\/v2\/media?parent=120814"}],"wp:term":[{"taxonomy":"category","embeddable":true,"href":"https:\/\/grandepremio.com\/br\/wp-json\/wp\/v2\/categories?post=120814"},{"taxonomy":"post_tag","embeddable":true,"href":"https:\/\/grandepremio.com\/br\/wp-json\/wp\/v2\/tags?post=120814"},{"taxonomy":"42wp_author","embeddable":true,"href":"https:\/\/grandepremio.com\/br\/wp-json\/wp\/v2\/42wp_author?post=120814"}],"curies":[{"name":"wp","href":"https:\/\/api.w.org\/{rel}","templated":true}]}}