{"id":120835,"date":"2021-05-27T04:15:00","date_gmt":"2021-05-27T07:15:00","guid":{"rendered":"https:\/\/grandepremio.com\/br\/noticias\/extremo-azar-tremenda-sorte-redencao-monaco-mostra-sebastian-vettel-pode-mais\/"},"modified":"2021-05-27T11:22:26","modified_gmt":"2021-05-27T14:22:26","slug":"extremo-azar-tremenda-sorte-redencao-monaco-mostra-sebastian-vettel-pode-mais","status":"publish","type":"post","link":"https:\/\/grandepremio.com\/br\/f1\/extremo-azar-tremenda-sorte-redencao-monaco-mostra-sebastian-vettel-pode-mais\/","title":{"rendered":"Do extremo azar \u00e0 tremenda sorte, reden\u00e7\u00e3o em M\u00f4naco mostra que Vettel pode mais"},"content":{"rendered":"\n<figure class=\"wp-block-video\"><video class=\"video-js vjs-big-play-centered\" data-gp-vjs=\"1\" controls src=\"https:\/\/www.grandepremio.com\/br\/wp-content\/uploads\/l-videos\/F1_gp Monaco_GpNoticias 230521.mp4\"><\/video><\/figure>\n\n\n\n<p class=\"wp-block-paragraph\">Se aquele ditado de &#8220;azar no jogo, sorte no amor&#8221; for mesmo verdade, ent\u00e3o o tetracampe\u00e3o mundial Sebastian Vettel deve estar nas nuvens com Hanna Prater, sua esposa. O piloto esteve longe de emanar sorte nas pistas desde o in\u00edcio da temporada de 2021 da F\u00f3rmula 1 e eu te explico o porqu\u00ea: al\u00e9m de ter sa\u00eddo da Ferrari em um momento bastante turbulento entre as partes, o alem\u00e3o se viu longe da zona de pontua\u00e7\u00e3o em quatro das cinco etapas desta temporada, assistiu Lance Stroll derrot\u00e1-lo em quatro das cinco corridas e, como um verdadeiro <em>plot-twist<\/em>, teve de lidar at\u00e9 mesmo com um cisco no olho no \u00faltimo circuito, em M\u00f4naco. Demorou, mas agora o jogo come\u00e7a a virar.<\/p>\n\n\n\n<p class=\"wp-block-paragraph\"><strong>Conhe\u00e7a o canal do Grande Pr\u00eamio no&nbsp;<a href=\"https:\/\/www.youtube.com\/GrandePremioTV\">YouTube<\/a>.<br>Siga o Grande Pr\u00eamio no&nbsp;<a rel=\"noreferrer noopener\" href=\"https:\/\/twitter.com\/grandepremio\" target=\"_blank\">Twitter&nbsp;<\/a>e no&nbsp;<a rel=\"noreferrer noopener\" href=\"https:\/\/instagram.com\/grandepremio\" target=\"_blank\">Instagram<\/a>.<\/strong><\/p>\n\n\n\n<p class=\"wp-block-paragraph\">A paz de esp\u00edrito e tranquilidade de Vettel parece custar um pre\u00e7o alto. Afinal, para quem j\u00e1 teve tempos brilhantes na categoria rainha do automobilismo, o alem\u00e3o sabe muito bem como as compara\u00e7\u00f5es, cobran\u00e7as e expectativas funcionam. E \u00e9 um pacote que, para ele, j\u00e1 funcionou muito bem: com esse mesmo resqu\u00edcio de press\u00e3o, levantou um dos trof\u00e9us mais almejados do esporte por quatro vezes consecutivas, al\u00e9m de ser vice em outras tr\u00eas oportunidades.<\/p>\n\n\n\n<p class=\"wp-block-paragraph\">Novos talentos e revela\u00e7\u00f5es aparecem, carros melhoram ou pioram, e o tempo torna-se uma corrida paralela, que vence quem correr contra ele. A oportunidade que a Aston Martin deu esse ano \u00e9 para comprovar que o piloto de 33 anos ainda tem muito a mostrar &#8211; e, com um misto de talento e sorte, provou isso nas ruas do Principado, no \u00faltimo fim de semana. <\/p>\n\n\n\n<figure class=\"wp-block-image size-large\"><img decoding=\"async\" src=\"https:\/\/www.grandepremio.com\/br\/wp-content\/uploads\/2021\/05\/astonmartin-sebastianvettel-03-3-1024x683.jpg\" alt=\"\" class=\"wp-image-476782\"\/><figcaption>Sebastian Vettel, eleito piloto do dia pelos f\u00e3s, conquistou o quinto lugar no GP de M\u00f4naco (Foto: Aston Martin)<\/figcaption><\/figure>\n\n\n\n<p class=\"wp-block-paragraph\">No in\u00edcio do ano, a equipe brit\u00e2nica n\u00e3o teve medo de gastar e buscar o limite do teto or\u00e7ament\u00e1rio para dar maior competitividade ao tetracampe\u00e3o &#8211; para virar, de verdade, o protagonista que n\u00e3o estava sendo na Ferrari. Ainda assim, um dos grandes impasses de Vettel foi na adapta\u00e7\u00e3o, onde perdeu tempo e viu seu companheiro de equipe, Lance Stroll, tomar \u00e0 frente. Depois do GP da Espanha, ele explicou que, embora o carro estivesse melhor, ainda faltava ritmo para lutar por uma melhor lugar na classifica\u00e7\u00e3o. <\/p>\n\n\n\n<p class=\"wp-block-paragraph\">&#8220;Estou mais confort\u00e1vel, mas est\u00e1 realmente me faltando um pouco de ritmo para lutar por pontos&#8221;, disse Vettel. &#8220;Acho que [no GP da Espanha], olhando para tr\u00e1s, talvez aqui e ali pud\u00e9ssemos ter feito algo diferente, mas preciso entender melhor.&#8221;<\/p>\n\n\n\n<p class=\"wp-block-paragraph\">Ritmo este que pareceu dar \u00e0s caras em M\u00f4naco e que o acompanhou at\u00e9 o Q3, em Monte Carlo. L\u00e1, Vettel conseguiu tirar o m\u00e1ximo do AMR21 e largar da oitava posi\u00e7\u00e3o do grid. Mas o momento ilustre mesmo foi a batalha com Sergio P\u00e9rez, tr\u00eas degraus acima, com o objetivo de conquistar o quarto lugar, depois de <a href=\"https:\/\/www.grandepremio.com\/br\/f1\/noticias\/charles-leclerc-lamenta-perda-chance-unica-vencer-monaco-vou-superar\/\" target=\"_blank\" rel=\"noreferrer noopener\">Charles Leclerc sequer largar<\/a> e <a href=\"https:\/\/www.grandepremio.com\/br\/f1\/noticias\/pit-stop-antecipado-angulo-pistola-por-que-valtteri-bottas-abandonou-monaco\/\" target=\"_blank\" rel=\"noreferrer noopener\">Valtteri Bottas deixar a pista por um problema no pit-stop com o pneu dianteiro<\/a>. A posi\u00e7\u00e3o n\u00e3o veio, mas j\u00e1 deu para perceber que um pouco de sorte apareceu no trajeto do piloto alem\u00e3o &#8211; o que significa mais confian\u00e7a para Otmar Szafnauer, chefe de equipe da Aston Martin. <\/p>\n\n\n\n<figure class=\"wp-block-embed is-type-rich is-provider-spotify wp-block-embed-spotify wp-embed-aspect-21-9 wp-has-aspect-ratio\"><div class=\"wp-block-embed__wrapper\">\n<iframe title=\"Spotify Embed: Paddockast #104- M\u00f4naco est\u00e1 de volta: por que o Principado n\u00e3o pode jamais deixar o calend\u00e1rio da F1\" style=\"border-radius: 12px\" width=\"100%\" height=\"152\" frameborder=\"0\" allowfullscreen allow=\"autoplay; clipboard-write; encrypted-media; fullscreen; picture-in-picture\" loading=\"lazy\" src=\"https:\/\/open.spotify.com\/embed\/episode\/652Vo9Cyzz6gUJSWopBPrz?si=MjI5Oaa2RweP3zB78gaW3w&amp;utm_source=oembed\"><\/iframe>\n<\/div><\/figure>\n\n\n\n<p class=\"wp-block-paragraph\">\u201cBrilhante! Ele est\u00e1 ficando mais confort\u00e1vel com o carro e mostrou isso aqui. Se voc\u00ea est\u00e1 desconfort\u00e1vel com o carro em M\u00f4naco, ent\u00e3o n\u00e3o d\u00e1 para fazer o que ele fez. Ele maximizou nossos pontos hoje. Eu espero que sim. Eu n\u00e3o tenho certeza. Mas \u00e9 um avan\u00e7o porque ele est\u00e1 cada vez mais confiante, ent\u00e3o espero que ele siga neste n\u00edvel e que possamos ter os dois carros na zona de pontua\u00e7\u00e3o com mais regularidade\u201d, comentou.<\/p>\n\n\n\n<p class=\"wp-block-paragraph\">Certamente, M\u00f4naco n\u00e3o foi a corrida mais emocionante, mas empolgou \u00e0queles que ainda t\u00eam a esperan\u00e7a em assistir a um triunfo, ainda que ocasional, de Sebastian Vettel. A import\u00e2ncia de enfim pontuar e criar uma boa comunica\u00e7\u00e3o com o carro n\u00e3o ajuda apenas no campeonato, mas tamb\u00e9m toca o emocional. Um exemplo disso, \u00e9 Jack Miller, na categoria ao lado: <a href=\"https:\/\/www.grandepremio.com\/br\/motogp\/noticias\/coach-inesperada-esposa-cal-crutchlow-ajuda-jack-miller-reencontrar-motogp\/\" target=\"_blank\" rel=\"noreferrer noopener\">com um empurr\u00e3zinho psicol\u00f3gico por parte da esposa de Cal Crutchlow, o piloto da Ducati, que vinha em m\u00e1 fase, tornou-se um dos protagonistas da MotoGP. <\/a><\/p>\n\n\n\n<p class=\"wp-block-paragraph\"><strong>LEIA TAMB\u00c9M<br><a href=\"https:\/\/www.grandepremio.com\/br\/f1\/noticias\/opiniao-gp-red-bull-aproveita-fragilidade-da-mercedes-e-acrescenta-drama-a-luta-do-titulo\/\">+Opini\u00e3o GP:&nbsp;<\/a><a href=\"https:\/\/www.grandepremio.com\/br\/equipe\/f1\/2020\/red-bull-racing\/\" target=\"_blank\" rel=\"noreferrer noopener\">Red Bull<\/a>&nbsp;aproveita fragilidade da&nbsp;<a href=\"https:\/\/www.grandepremio.com\/br\/equipe\/f1\/2020\/mercedes-amg-motorsport\/\" target=\"_blank\" rel=\"noreferrer noopener\">Mercedes<\/a>&nbsp;e acrescenta drama \u00e0 luta do t\u00edtulo<\/strong><\/p>\n\n\n\n<p class=\"wp-block-paragraph\">O resultado em Monte Carlo pode vir a ser o combust\u00edvel necess\u00e1rio para fazer Vettel brilhar novamente e, al\u00e9m disso, saber que pode continuar competindo, esteja um Sergio P\u00e9rez ou Lance Stroll a sua frente. Porque de sorte em sorte, ou de azar em azar, o importante \u00e9 n\u00e3o esquecer de onde veio e daquilo que um medalh\u00e3o da F1 ainda \u00e9 muito capaz &#8211; caminhos que o alem\u00e3o, com 33 anos, quatro t\u00edtulos, 53 vit\u00f3rias, 121 p\u00f3dios e 57 pole-positions, conhece muito bem. <\/p>\n\n\n\n<figure class=\"wp-block-embed is-type-video is-provider-youtube wp-block-embed-youtube wp-embed-aspect-16-9 wp-has-aspect-ratio\"><div class=\"wp-block-embed__wrapper\">\n<iframe loading=\"lazy\" title=\"ALONSO VAI MAL NA F1 2021. \u00c9 HORA DE ALPINE FAZER A FILA ANDAR? | GP \u00c0S 10\" width=\"500\" height=\"281\" src=\"https:\/\/www.youtube.com\/embed\/c6zFm6p6v2Y?feature=oembed\" frameborder=\"0\" allow=\"accelerometer; autoplay; clipboard-write; encrypted-media; gyroscope; picture-in-picture; web-share\" referrerpolicy=\"strict-origin-when-cross-origin\" allowfullscreen><\/iframe>\n<\/div><\/figure>\n\n\n\n<p class=\"wp-block-paragraph\"><\/p>\n","protected":false},"excerpt":{"rendered":"<p>Sem pontos e at\u00e9 com cisco no olho, Sebastian Vettel vivia um 2021 complicado. Mas, depois do GP de M\u00f4naco, com um misto de talento e sorte, ele mostrou, sim, que pode render mais <\/p>\n","protected":false},"author":0,"featured_media":1000477141,"comment_status":"closed","ping_status":"closed","sticky":false,"template":"","format":"standard","meta":{"42wp_featured_image_caption":"","42wp_featured_image_credits":"","42wp_featured_video":"","42wp_featured_image_hidden":false,"42wp_authors_list":[],"footnotes":""},"categories":[2],"tags":[309,24837,26275,25072,24836,210],"42wp_author":[47139],"class_list":["post-120835","post","type-post","status-publish","format-standard","has-post-thumbnail","hentry","category-f1","tag-aston-martin","tag-formula-1-2","tag-formula-1-2021-3","tag-gp-de-monaco-2","tag-grande-premio-2","tag-sebastian-vettel","42wp_author-ana-cerveira"],"_links":{"self":[{"href":"https:\/\/grandepremio.com\/br\/wp-json\/wp\/v2\/posts\/120835","targetHints":{"allow":["GET"]}}],"collection":[{"href":"https:\/\/grandepremio.com\/br\/wp-json\/wp\/v2\/posts"}],"about":[{"href":"https:\/\/grandepremio.com\/br\/wp-json\/wp\/v2\/types\/post"}],"replies":[{"embeddable":true,"href":"https:\/\/grandepremio.com\/br\/wp-json\/wp\/v2\/comments?post=120835"}],"version-history":[{"count":0,"href":"https:\/\/grandepremio.com\/br\/wp-json\/wp\/v2\/posts\/120835\/revisions"}],"wp:featuredmedia":[{"embeddable":true,"href":"https:\/\/grandepremio.com\/br\/wp-json\/wp\/v2\/media\/1000477141"}],"wp:attachment":[{"href":"https:\/\/grandepremio.com\/br\/wp-json\/wp\/v2\/media?parent=120835"}],"wp:term":[{"taxonomy":"category","embeddable":true,"href":"https:\/\/grandepremio.com\/br\/wp-json\/wp\/v2\/categories?post=120835"},{"taxonomy":"post_tag","embeddable":true,"href":"https:\/\/grandepremio.com\/br\/wp-json\/wp\/v2\/tags?post=120835"},{"taxonomy":"42wp_author","embeddable":true,"href":"https:\/\/grandepremio.com\/br\/wp-json\/wp\/v2\/42wp_author?post=120835"}],"curies":[{"name":"wp","href":"https:\/\/api.w.org\/{rel}","templated":true}]}}