{"id":120848,"date":"2021-05-26T09:55:24","date_gmt":"2021-05-26T12:55:24","guid":{"rendered":"https:\/\/grandepremio.com\/br\/noticias\/chefe-aston-martin-questiona-demora-novos-testes-asa-traseira-red-bull\/"},"modified":"2021-05-26T09:55:30","modified_gmt":"2021-05-26T12:55:30","slug":"chefe-aston-martin-questiona-demora-novos-testes-asa-traseira-red-bull","status":"publish","type":"post","link":"https:\/\/grandepremio.com\/br\/f1\/chefe-aston-martin-questiona-demora-novos-testes-asa-traseira-red-bull\/","title":{"rendered":"Chefe da Aston Martin questiona demora para novos testes com asa traseira da Red Bull"},"content":{"rendered":"\n<figure class=\"wp-block-video\"><video class=\"video-js vjs-big-play-centered\" data-gp-vjs=\"1\" controls src=\"https:\/\/www.grandepremio.com\/br\/wp-content\/uploads\/l-videos\/F1_gp Monaco_GpNoticias 230521.mp4\"><\/video><figcaption>Verstappen assume lideran\u00e7a da F1 ap\u00f3s vit\u00f3ria: assista aos melhores momentos do GP de M\u00f4naco (GRANDE PR\u00caMIO com Reuters)<\/figcaption><\/figure>\n\n\n\n<p class=\"wp-block-paragraph\">As pol\u00eamicas asas traseiras flex\u00edveis continuam rendendo no paddock da F\u00f3rmula 1. Otmar Szafnauer, chefe da Aston Martin, foi mais um a comentar a pe\u00e7a do carro da Red Bull identificada no GP da Espanha e que, segundo rivais, proporciona avan\u00e7o nos tempos. Em Baku, o dirigente espera ainda mais vantagem com o acess\u00f3rio.<\/p>\n\n\n\n<p class=\"wp-block-paragraph\">&#8220;\u00c9 uma pista muito espec\u00edfica. Em alguns circuitos, n\u00e3o ajuda muito. Em outros, ter uma asa traseira flex\u00edvel ajuda. Em lugares pode n\u00e3o ter benef\u00edcio algum, mas em outros pode dar mais de meio segundo&#8221;, afirmou ao site Autosport.<\/p>\n\n\n\n<p class=\"wp-block-paragraph\">O dirigente tamb\u00e9m queria que os testes fossem antes da prova em Baku, como Mercedes e McLaren. &#8220;Para desenhar algo que flexiona na medida certa e passa nos testes demanda um grande esfor\u00e7o. Mas desenhar algo que n\u00e3o se mexe, n\u00e3o, e pode ser feito rapidamente&#8221;, pontuou.<\/p>\n\n\n\n<figure class=\"wp-block-image size-large\"><img decoding=\"async\" src=\"https:\/\/www.grandepremio.com\/br\/wp-content\/uploads\/2021\/02\/01_103201_69I6652-1024x682.jpg\" alt=\"\" class=\"wp-image-450471\"\/><figcaption>Otmar Szafnauer pediu rapidez para a FIA analisar a pe\u00e7a das rivais (Foto: Racing Point)<\/figcaption><\/figure>\n\n\n\n<p class=\"wp-block-paragraph\"><strong>LEIA TAMB\u00c9M<br><a href=\"https:\/\/www.grandepremio.com\/br\/f1\/noticias\/opiniao-gp-red-bull-aproveita-fragilidade-da-mercedes-e-acrescenta-drama-a-luta-do-titulo\/\">+Opini\u00e3o GP:\u00a0<\/a><a href=\"https:\/\/www.grandepremio.com\/br\/equipe\/f1\/2020\/red-bull-racing\/\" target=\"_blank\" rel=\"noreferrer noopener\">Red Bull<\/a>\u00a0aproveita fragilidade da\u00a0<a href=\"https:\/\/www.grandepremio.com\/br\/equipe\/f1\/2020\/mercedes-amg-motorsport\/\" target=\"_blank\" rel=\"noreferrer noopener\">Mercedes<\/a>\u00a0e acrescenta drama \u00e0 luta do t\u00edtulo<\/strong><\/p>\n\n\n\n<p class=\"wp-block-paragraph\">Ap\u00f3s as reclama\u00e7\u00f5es p\u00fablicas de Lewis Hamilton em Barcelona, a Federa\u00e7\u00e3o Internacional de Automobilismo anunciou a realiza\u00e7\u00e3o de novos testes para banir asas que mostrarem movimento em excesso enquanto os carros estiverem em a\u00e7\u00e3o e que a pe\u00e7a pode ter &#8220;significativa influ\u00eancia na performance aerodin\u00e2mica do b\u00f3lido&#8221;.<\/p>\n\n\n\n<p class=\"wp-block-paragraph\">Os testes, no entanto, n\u00e3o v\u00e3o sair antes do dia 15 de junho, pouco antes do GP da Fran\u00e7a. Com isso, a etapa do Azerbaij\u00e3o ainda vai presenciar o acess\u00f3rio no carro da Red Bull. Hamilton declarou que o time taurino deve levar vantagem de &#8220;pelo menos seis d\u00e9cimos&#8221; nas longas retas de Baku. Outras equipes, como Ferrari, Alpine e Alfa Romeo tamb\u00e9m v\u00e3o ser investigadas.<\/p>\n\n\n\n<p class=\"wp-block-paragraph\"><strong>Conhe\u00e7a o canal do Grande Pr\u00eamio no YouTube! Clique\u00a0<a target=\"_blank\" href=\"https:\/\/youtube.com\/GrandePremioTV\" rel=\"noreferrer noopener\">aqui<\/a>.<\/strong><br><strong>Siga o Grande Pr\u00eamio no\u00a0<a target=\"_blank\" href=\"https:\/\/twitter.com\/grandepremio\" rel=\"noreferrer noopener\">Twitter\u00a0<\/a>e no\u00a0<a target=\"_blank\" href=\"https:\/\/instagram.com\/grandepremio\" rel=\"noreferrer noopener\">Instagram<\/a>!<\/strong><\/p>\n","protected":false},"excerpt":{"rendered":"<p>A pol\u00eamica asa traseira da Red Bull segue alvo de coment\u00e1rios no paddock da F\u00f3rmula 1. Otmar Szafnauer, chefe da Aston Martin, comentou sobre a demora da FIA para reavaliar a pe\u00e7a, programada para o dia 15 de junho<\/p>\n","protected":false},"author":0,"featured_media":1000473084,"comment_status":"closed","ping_status":"closed","sticky":false,"template":"","format":"standard","meta":{"42wp_featured_image_caption":"","42wp_featured_image_credits":"","42wp_featured_video":"","42wp_featured_image_hidden":false,"42wp_authors_list":[],"footnotes":""},"categories":[2],"tags":[309,147,156,24837,25536,87,82,477,204],"42wp_author":[47135],"class_list":["post-120848","post","type-post","status-publish","format-standard","has-post-thumbnail","hentry","category-f1","tag-aston-martin","tag-f1","tag-f1-2021","tag-formula-1-2","tag-formula-1-2021-2","tag-lewis-hamilton","tag-mercedes","tag-otmar-szafnauer","tag-red-bull","42wp_author-pedro-luis-cuenca"],"_links":{"self":[{"href":"https:\/\/grandepremio.com\/br\/wp-json\/wp\/v2\/posts\/120848","targetHints":{"allow":["GET"]}}],"collection":[{"href":"https:\/\/grandepremio.com\/br\/wp-json\/wp\/v2\/posts"}],"about":[{"href":"https:\/\/grandepremio.com\/br\/wp-json\/wp\/v2\/types\/post"}],"replies":[{"embeddable":true,"href":"https:\/\/grandepremio.com\/br\/wp-json\/wp\/v2\/comments?post=120848"}],"version-history":[{"count":0,"href":"https:\/\/grandepremio.com\/br\/wp-json\/wp\/v2\/posts\/120848\/revisions"}],"wp:featuredmedia":[{"embeddable":true,"href":"https:\/\/grandepremio.com\/br\/wp-json\/wp\/v2\/media\/1000473084"}],"wp:attachment":[{"href":"https:\/\/grandepremio.com\/br\/wp-json\/wp\/v2\/media?parent=120848"}],"wp:term":[{"taxonomy":"category","embeddable":true,"href":"https:\/\/grandepremio.com\/br\/wp-json\/wp\/v2\/categories?post=120848"},{"taxonomy":"post_tag","embeddable":true,"href":"https:\/\/grandepremio.com\/br\/wp-json\/wp\/v2\/tags?post=120848"},{"taxonomy":"42wp_author","embeddable":true,"href":"https:\/\/grandepremio.com\/br\/wp-json\/wp\/v2\/42wp_author?post=120848"}],"curies":[{"name":"wp","href":"https:\/\/api.w.org\/{rel}","templated":true}]}}