{"id":120852,"date":"2021-05-26T07:00:45","date_gmt":"2021-05-26T10:00:45","guid":{"rendered":"https:\/\/grandepremio.com\/br\/noticias\/max-verstappen-mira-alto-lewis-hamilton-nao-teve-lutar-titulo-ultimos-anos\/"},"modified":"2021-05-26T07:00:51","modified_gmt":"2021-05-26T10:00:51","slug":"max-verstappen-mira-alto-lewis-hamilton-nao-teve-lutar-titulo-ultimos-anos","status":"publish","type":"post","link":"https:\/\/grandepremio.com\/br\/f1\/max-verstappen-mira-alto-lewis-hamilton-nao-teve-lutar-titulo-ultimos-anos\/","title":{"rendered":"Verstappen mira alto e diz que Hamilton \u201cn\u00e3o teve de lutar por t\u00edtulo nos \u00faltimos anos\u201d"},"content":{"rendered":"\n<figure class=\"wp-block-video\"><video class=\"video-js vjs-big-play-centered\" data-gp-vjs=\"1\" controls src=\"https:\/\/www.grandepremio.com\/br\/wp-content\/uploads\/l-videos\/F1_gp Monaco_GpNoticias 230521.mp4\"><\/video><figcaption>Verstappen assume lideran\u00e7a da F1 ap\u00f3s vit\u00f3ria: assista aos melhores momentos do GP de M\u00f4naco (GRANDE PR\u00caMIO com Reuters)<\/figcaption><\/figure>\n\n\n\n<p class=\"wp-block-paragraph\">Max Verstappen acredita que Lewis Hamilton n\u00e3o teve rivais pelo t\u00edtulo da F\u00f3rmula 1 nos \u00faltimos anos. O piloto da Red Bull considera que a Mercedes foi dominante nas temporadas recentes e o brit\u00e2nico teve de enfrentar apenas o pr\u00f3prio companheiro de equipe.<\/p>\n\n\n\n<p class=\"wp-block-paragraph\">Agora, por\u00e9m, Verstappen \u00e9 o advers\u00e1rio de Hamilton na briga pelo t\u00edtulo de 2021 e, depois do <a href=\"https:\/\/www.grandepremio.com\/br\/f1\/noticias\/max-verstappen-vence-monaco-e-muda-historia-do-campeonato-com-reves-da-mercedes\/\" target=\"_blank\" rel=\"noreferrer noopener\">GP de M\u00f4naco<\/a>, <a href=\"https:\/\/www.grandepremio.com\/br\/f1\/noticias\/max-verstappen-vira-jogo-contra-lewis-hamilton-lilder-f1-classificacao\/\" target=\"_blank\" rel=\"noreferrer noopener\">tomou a lideran\u00e7a do campeonato com 105 pontos<\/a>, quatro a mais do que Lewis na tabela. \u00c9 a primeira vez que Max assume a ponta da classifica\u00e7\u00e3o do Mundial.<\/p>\n\n\n\n<figure class=\"wp-block-image size-large\"><img decoding=\"async\" src=\"https:\/\/www.grandepremio.com\/br\/wp-content\/uploads\/2021\/05\/redbull-maxverstappen-03-5-1024x683.jpg\" alt=\"\" class=\"wp-image-476358\"\/><figcaption>Max Verstappen falou em manter a press\u00e3o em cima da Mercedes (Foto: Red Bull Content Pool\/Getty Images)<\/figcaption><\/figure>\n\n\n\n<p class=\"wp-block-paragraph\"><strong>Conhe\u00e7a o canal do Grande Pr\u00eamio no YouTube! Clique\u00a0<a rel=\"noreferrer noopener\" href=\"https:\/\/youtube.com\/GrandePremioTV\" target=\"_blank\">aqui<\/a>.<br>Siga o Grande Pr\u00eamio no\u00a0<a rel=\"noreferrer noopener\" href=\"https:\/\/twitter.com\/grandepremio\" target=\"_blank\">Twitter\u00a0<\/a>e no\u00a0<a rel=\"noreferrer noopener\" href=\"https:\/\/instagram.com\/grandepremio\" target=\"_blank\">Instagram<\/a>!<\/strong><\/p>\n\n\n\n<p class=\"wp-block-paragraph\">Questionado pelo jornal italiano La Gazzetta dello Sport sobre o pensa em rela\u00e7\u00e3o a alguns dizerem que ele n\u00e3o disp\u00f5e de for\u00e7a mental para disputar com Hamilton, Verstappen respondeu: \u201cAcho que \u00e9 bobagem. Sou mentalmente forte o bastante para saber o que fazer para vencer\u201d.<\/p>\n\n\n\n<p class=\"wp-block-paragraph\">\u201cHamilton tamb\u00e9m nunca teve de lutar por um t\u00edtulo nos \u00faltimos anos. Com Sebastian Vettel n\u00e3o foi realmente uma luta pelo t\u00edtulo\u201d, alfinetou. \u201cDe qualquer forma, todo mundo pode dizer o que quiser. Sei que preciso ser r\u00e1pido e estou esperando por essa chance de lutar pelo t\u00edtulo. Como equipe, temos de manter a Mercedes pressionada se queremos que eles errem\u201d, indicou.<\/p>\n\n\n\n<p class=\"wp-block-paragraph\">Verstappen reconheceu que Hamilton tem um hist\u00f3rico not\u00e1vel na compara\u00e7\u00e3o com os companheiros de equipe, mas ressaltou que a Mercedes \u00e9 dominante desde o in\u00edcio da era dos motores V6 turbo, em 2014.<\/p>\n\n\n\n<p class=\"wp-block-paragraph\">\u201cLewis quase sempre bateu o companheiro de equipe e \u00e9 por isso que concordo que ele \u00e9 um dos melhores pilotos da hist\u00f3ria da F\u00f3rmula 1\u201d, comentou. \u201cMas a Mercedes tem sido t\u00e3o dominante nos \u00faltimos anos que ele n\u00e3o teve outros rivais que n\u00e3o o companheiro de equipe. Espero que esta seja uma daquelas raras temporadas em que a batalha pelo t\u00edtulo dura at\u00e9 o final do ano. Podemos conquistar o t\u00edtulo com a Red Bull. E \u00e9 por isso que eu corro\u201d, declarou.<\/p>\n\n\n\n<p class=\"wp-block-paragraph\">\u201cMostramos no domingo que realmente competimos na disputa pelo t\u00edtulo mundial depois de algumas corridas em que vimos que perdemos terreno para a Mercedes. A partir de agora, o importante \u00e9 pontuar a cada domingo e cometer o m\u00ednimo de erros\u201d, ponderou. \u201cAt\u00e9 agora, temos sido uma equipe que comete poucos erros e \u00e9 por isso que agora estamos no topo do campeonato. Aprendi a conquistar o segundo e o terceiro lugares quando n\u00e3o tenho carro para vencer. O instinto sempre te diz para tentar vencer, o que te faria correr riscos muito grandes\u201d, encerrou.<\/p>\n\n\n\n<figure class=\"wp-block-embed is-type-video is-provider-youtube wp-block-embed-youtube wp-embed-aspect-16-9 wp-has-aspect-ratio\"><div class=\"wp-block-embed__wrapper\">\n<iframe loading=\"lazy\" title=\"FRACASSO EM M\u00d4NACO \u00c9 GOSTINHO ESPERADO DE FIASCO DA MERCEDES NA F1 2021 | GP \u00e0s 10\" width=\"500\" height=\"281\" src=\"https:\/\/www.youtube.com\/embed\/t7yUzfapnhk?feature=oembed\" frameborder=\"0\" allow=\"accelerometer; autoplay; clipboard-write; encrypted-media; gyroscope; picture-in-picture; web-share\" referrerpolicy=\"strict-origin-when-cross-origin\" allowfullscreen><\/iframe>\n<\/div><\/figure>\n","protected":false},"excerpt":{"rendered":"<p>Holand\u00eas considerou que o rival da Mercedes teve apenas de enfrentar o pr\u00f3prio companheiro de equipe, j\u00e1 que a equipe de Brackley tem sido dominante nos \u00faltimos anos<\/p>\n","protected":false},"author":0,"featured_media":1000476794,"comment_status":"closed","ping_status":"closed","sticky":false,"template":"","format":"standard","meta":{"42wp_featured_image_caption":"","42wp_featured_image_credits":"","42wp_featured_video":"","42wp_featured_image_hidden":false,"42wp_authors_list":[],"footnotes":""},"categories":[2],"tags":[147,156,24837,25536,26868,87,203,204],"42wp_author":[47113],"class_list":["post-120852","post","type-post","status-publish","format-standard","has-post-thumbnail","hentry","category-f1","tag-f1","tag-f1-2021","tag-formula-1-2","tag-formula-1-2021-2","tag-formula-1-classificacao-2020","tag-lewis-hamilton","tag-max-verstappen","tag-red-bull","42wp_author-juliana-tesser"],"_links":{"self":[{"href":"https:\/\/grandepremio.com\/br\/wp-json\/wp\/v2\/posts\/120852","targetHints":{"allow":["GET"]}}],"collection":[{"href":"https:\/\/grandepremio.com\/br\/wp-json\/wp\/v2\/posts"}],"about":[{"href":"https:\/\/grandepremio.com\/br\/wp-json\/wp\/v2\/types\/post"}],"replies":[{"embeddable":true,"href":"https:\/\/grandepremio.com\/br\/wp-json\/wp\/v2\/comments?post=120852"}],"version-history":[{"count":0,"href":"https:\/\/grandepremio.com\/br\/wp-json\/wp\/v2\/posts\/120852\/revisions"}],"wp:featuredmedia":[{"embeddable":true,"href":"https:\/\/grandepremio.com\/br\/wp-json\/wp\/v2\/media\/1000476794"}],"wp:attachment":[{"href":"https:\/\/grandepremio.com\/br\/wp-json\/wp\/v2\/media?parent=120852"}],"wp:term":[{"taxonomy":"category","embeddable":true,"href":"https:\/\/grandepremio.com\/br\/wp-json\/wp\/v2\/categories?post=120852"},{"taxonomy":"post_tag","embeddable":true,"href":"https:\/\/grandepremio.com\/br\/wp-json\/wp\/v2\/tags?post=120852"},{"taxonomy":"42wp_author","embeddable":true,"href":"https:\/\/grandepremio.com\/br\/wp-json\/wp\/v2\/42wp_author?post=120852"}],"curies":[{"name":"wp","href":"https:\/\/api.w.org\/{rel}","templated":true}]}}