{"id":120860,"date":"2021-05-25T16:18:36","date_gmt":"2021-05-25T19:18:36","guid":{"rendered":"https:\/\/grandepremio.com\/br\/noticias\/um-ano-apos-assassinato-lewis-hamilton-homenageia-george-floyd-legado-sera-eterno\/"},"modified":"2021-05-25T16:21:37","modified_gmt":"2021-05-25T19:21:37","slug":"um-ano-apos-assassinato-lewis-hamilton-homenageia-george-floyd-legado-sera-eterno","status":"publish","type":"post","link":"https:\/\/grandepremio.com\/br\/f1\/um-ano-apos-assassinato-lewis-hamilton-homenageia-george-floyd-legado-sera-eterno\/","title":{"rendered":"Um ano ap\u00f3s assassinato, Hamilton recorda George Floyd: &#8220;Seu legado ser\u00e1 eterno&#8221;"},"content":{"rendered":"\n<figure class=\"wp-block-video\"><video class=\"video-js vjs-big-play-centered\" data-gp-vjs=\"1\" controls src=\"https:\/\/www.grandepremio.com\/br\/wp-content\/uploads\/l-videos\/F1_gp Monaco_GpNoticias 230521.mp4\"><\/video><\/figure>\n\n\n\n<p class=\"wp-block-paragraph\">Em 25 de maio de 2020, exatamente um ano atr\u00e1s, George Floyd foi brutalmente assassinado pelo ent\u00e3o policial Derek Chauvin. Lewis Hamilton, uma refer\u00eancia para o combate contra o racismo e engajado em causas sociais, voltou a homenagear Floyd, semanas ap\u00f3s celebrar  <a href=\"https:\/\/www.grandepremio.com\/br\/f1\/noticias\/lewis-hamilton-celebra-condenacao-policial-assassinato-george-floyd\/\" target=\"_blank\" rel=\"noreferrer noopener\">a condena\u00e7\u00e3o de Chauvin<\/a>. Mais uma vez, o heptacampe\u00e3o da F\u00f3rmula 1 usou suas redes sociais para questionar o significado de justi\u00e7a.<\/p>\n\n\n\n<p class=\"wp-block-paragraph\">&#8220;O que justi\u00e7a significa para uma filha que perdeu o pai? Para uma mulher que perdeu seu marido? Por um homem que perdeu seu irm\u00e3o? O que significa justi\u00e7a quando a vida de um homem \u00e9 roubada por causa de nada mais do que a cor de sua pele?&#8221;, escreveu Hamilton.<\/p>\n\n\n\n<p class=\"wp-block-paragraph\">&#8220;George n\u00e3o deveria morrer naquele dia. Um ano depois, o impacto de sua vida e seu final injusto permanecem conosco. Hoje, lamentaremos George e manteremos seus entes queridos em nossas ora\u00e7\u00f5es. Mas como podemos conseguir justi\u00e7a real para ele e as muitas vidas roubadas antes e depois da sua?&#8221;, continuou. <\/p>\n\n\n\n<p class=\"wp-block-paragraph\"><strong>Conhe\u00e7a o canal do Grande Pr\u00eamio no YouTube! Clique&nbsp;<a target=\"_blank\" href=\"https:\/\/youtube.com\/GrandePremioTV\" rel=\"noreferrer noopener\">aqui<\/a>.<\/strong><br><strong>Siga o Grande Pr\u00eamio no&nbsp;<a target=\"_blank\" href=\"https:\/\/twitter.com\/grandepremio\" rel=\"noreferrer noopener\">Twitter&nbsp;<\/a>e no&nbsp;<a target=\"_blank\" href=\"https:\/\/instagram.com\/grandepremio\" rel=\"noreferrer noopener\">Instagram<\/a>!<\/strong><\/p>\n\n\n\n<figure class=\"wp-block-image size-large\"><img decoding=\"async\" src=\"https:\/\/www.grandepremio.com\/br\/wp-content\/uploads\/2021\/04\/000_96X2D3-1024x683.jpg\" alt=\"\" class=\"wp-image-460361\"\/><figcaption>Lewis Hamilton com a camiseta &#8220;a\u00e7\u00f5es falam mais alto que palavras&#8221; (Foto: Andrej Isakovic\/AFP)<\/figcaption><\/figure>\n\n\n\n<p class=\"wp-block-paragraph\">Na ocasi\u00e3o, quatro policiais brancos participaram da opera\u00e7\u00e3o que tentava prender Floyd. Derek Chauvin ficou ajoelhado no pesco\u00e7o da v\u00edtima por mais de 8 minutos. De acordo com a investiga\u00e7\u00e3o, Floyd n\u00e3o respondia mais nos \u00faltimos 2 minutos.<\/p>\n\n\n\n<p class=\"wp-block-paragraph\">O caso gerou revolta nos Estados Unidos, com uma onda de protestos nas ruas de grandes cidades americanas. O fato de mais um homem negro morrer ap\u00f3s uma opera\u00e7\u00e3o truculenta de policiais brancos causou indigna\u00e7\u00e3o em muitos esportistas, sobretudo em Hamilton, que passou a protestar ativamente durante as corridas da F1.<\/p>\n\n\n\n<p class=\"wp-block-paragraph\"><strong>LEIA TAMB\u00c9M<br><a href=\"https:\/\/www.grandepremio.com\/br\/f1\/noticias\/opiniao-gp-red-bull-aproveita-fragilidade-da-mercedes-e-acrescenta-drama-a-luta-do-titulo\/\">+Opini\u00e3o GP:&nbsp;<\/a><a href=\"https:\/\/www.grandepremio.com\/br\/equipe\/f1\/2020\/red-bull-racing\/\" target=\"_blank\" rel=\"noreferrer noopener\">Red Bull<\/a>&nbsp;aproveita fragilidade da&nbsp;<a href=\"https:\/\/www.grandepremio.com\/br\/equipe\/f1\/2020\/mercedes-amg-motorsport\/\" target=\"_blank\" rel=\"noreferrer noopener\">Mercedes<\/a>&nbsp;e acrescenta drama \u00e0 luta do t\u00edtulo<\/strong><\/p>\n\n\n\n<p class=\"wp-block-paragraph\">Hoje, exatos 365 dias depois, o piloto pediu igualdade social em seu depoimento. <\/p>\n\n\n\n<p class=\"wp-block-paragraph\">&#8220;N\u00f3s nunca esquecemos. Continuamos nosso trabalho. Acreditamos em um mundo onde crian\u00e7as como a de George n\u00e3o precisam se preocupar se o pai vai voltar para casa \u00e0 noite. Onde todo negro pode andar na rua com a cren\u00e7a de que este mundo foi feito para ele. Trabalhamos para construir um mundo igual para George, seus filhos e todas as outras v\u00edtimas do racismo. Descanse em paz, George Floyd. Seu tempo aqui foi muito curto. Seu legado ser\u00e1 eterno&#8221;, relatou, por fim, o piloto. <\/p>\n\n\n\n<figure class=\"wp-block-embed is-type-video is-provider-youtube wp-block-embed-youtube wp-embed-aspect-16-9 wp-has-aspect-ratio\"><div class=\"wp-block-embed__wrapper\">\n<iframe loading=\"lazy\" title=\"ALONSO VAI MAL NA F1 2021. \u00c9 HORA DE ALPINE FAZER A FILA ANDAR? | GP \u00c0S 10\" width=\"500\" height=\"281\" src=\"https:\/\/www.youtube.com\/embed\/c6zFm6p6v2Y?feature=oembed\" frameborder=\"0\" allow=\"accelerometer; autoplay; clipboard-write; encrypted-media; gyroscope; picture-in-picture; web-share\" referrerpolicy=\"strict-origin-when-cross-origin\" allowfullscreen><\/iframe>\n<\/div><\/figure>\n","protected":false},"excerpt":{"rendered":"<p>H\u00e1 exatos 365 dias do bruto assassinato de George Floyd, Lewis Hamilton se manifestou em suas redes sociais. O brit\u00e2nico diz que o legal de Floyd &#8220;ser\u00e1 eterno&#8221;<\/p>\n","protected":false},"author":0,"featured_media":1000443686,"comment_status":"closed","ping_status":"closed","sticky":false,"template":"","format":"standard","meta":{"42wp_featured_image_caption":"","42wp_featured_image_credits":"","42wp_featured_video":"","42wp_featured_image_hidden":false,"42wp_authors_list":[],"footnotes":""},"categories":[2],"tags":[24837,25536,24862,24836,87,82],"42wp_author":[47139],"class_list":["post-120860","post","type-post","status-publish","format-standard","has-post-thumbnail","hentry","category-f1","tag-formula-1-2","tag-formula-1-2021-2","tag-george-floyd","tag-grande-premio-2","tag-lewis-hamilton","tag-mercedes","42wp_author-ana-cerveira"],"_links":{"self":[{"href":"https:\/\/grandepremio.com\/br\/wp-json\/wp\/v2\/posts\/120860","targetHints":{"allow":["GET"]}}],"collection":[{"href":"https:\/\/grandepremio.com\/br\/wp-json\/wp\/v2\/posts"}],"about":[{"href":"https:\/\/grandepremio.com\/br\/wp-json\/wp\/v2\/types\/post"}],"replies":[{"embeddable":true,"href":"https:\/\/grandepremio.com\/br\/wp-json\/wp\/v2\/comments?post=120860"}],"version-history":[{"count":0,"href":"https:\/\/grandepremio.com\/br\/wp-json\/wp\/v2\/posts\/120860\/revisions"}],"wp:featuredmedia":[{"embeddable":true,"href":"https:\/\/grandepremio.com\/br\/wp-json\/wp\/v2\/media\/1000443686"}],"wp:attachment":[{"href":"https:\/\/grandepremio.com\/br\/wp-json\/wp\/v2\/media?parent=120860"}],"wp:term":[{"taxonomy":"category","embeddable":true,"href":"https:\/\/grandepremio.com\/br\/wp-json\/wp\/v2\/categories?post=120860"},{"taxonomy":"post_tag","embeddable":true,"href":"https:\/\/grandepremio.com\/br\/wp-json\/wp\/v2\/tags?post=120860"},{"taxonomy":"42wp_author","embeddable":true,"href":"https:\/\/grandepremio.com\/br\/wp-json\/wp\/v2\/42wp_author?post=120860"}],"curies":[{"name":"wp","href":"https:\/\/api.w.org\/{rel}","templated":true}]}}