{"id":120867,"date":"2021-05-25T11:50:32","date_gmt":"2021-05-25T14:50:32","guid":{"rendered":"https:\/\/grandepremio.com\/br\/noticias\/frank-williams-recorda-memorias-lamenta-morte-max-mosley-serei-grato-sempre\/"},"modified":"2021-05-25T11:50:37","modified_gmt":"2021-05-25T14:50:37","slug":"frank-williams-recorda-memorias-lamenta-morte-max-mosley-serei-grato-sempre","status":"publish","type":"post","link":"https:\/\/grandepremio.com\/br\/f1\/frank-williams-recorda-memorias-lamenta-morte-max-mosley-serei-grato-sempre\/","title":{"rendered":"Frank Williams recorda mem\u00f3rias e lamenta morte de Mosley: &#8220;Serei grato para sempre&#8221;"},"content":{"rendered":"\n<figure class=\"wp-block-video\"><video class=\"video-js vjs-big-play-centered\" data-gp-vjs=\"1\" controls src=\"https:\/\/www.grandepremio.com\/br\/wp-content\/uploads\/l-videos\/F1_gp Monaco_GpNoticias 230521.mp4\"><\/video><figcaption>Verstappen assume lideran\u00e7a da F1 ap\u00f3s vit\u00f3ria: assista aos melhores momentos do GP de M\u00f4naco (GRANDE PR\u00caMIO com Reuters)<\/figcaption><\/figure>\n\n\n\n<p class=\"wp-block-paragraph\">A morte de Max Mosley, <a href=\"https:\/\/www.grandepremio.com\/br\/f1\/noticias\/ex-presidente-fia-max-mosley-morre-81-anos-na-inglaterra\/\">anunciada no come\u00e7o da semana<\/a>, \u00e9 um abalo \u00e0 hist\u00f3ria viva da F\u00f3rmula 1 como se conhece atualmente. Ex-dono de equipe e um dos protagonistas da transforma\u00e7\u00e3o do Mundial em algo bem mais comercial e transnacional, a mem\u00f3ria de Mosley carrega lembran\u00e7as de tempos passados. E um companheiro daqueles anos de organiza\u00e7\u00e3o das equipes, Frank Williams, lamentou a morte do amigo de longa data.<\/p>\n\n\n\n<p class=\"wp-block-paragraph\"><strong>Conhe\u00e7a o canal do Grande Pr\u00eamio no YouTube! Clique\u00a0<a target=\"_blank\" href=\"https:\/\/youtube.com\/GrandePremioTV\" rel=\"noreferrer noopener\">aqui<\/a>.<\/strong><br><strong>Siga o Grande Pr\u00eamio no\u00a0<a target=\"_blank\" href=\"https:\/\/twitter.com\/grandepremio\" rel=\"noreferrer noopener\">Twitter\u00a0<\/a>e no\u00a0<a target=\"_blank\" href=\"https:\/\/instagram.com\/grandepremio\" rel=\"noreferrer noopener\">Instagram<\/a>!<\/strong><\/p>\n\n\n\n<p class=\"wp-block-paragraph\">Frank, fundador e chefe da Williams ao longo de d\u00e9cadas, foi um dos fundadores da FOCA, \u00f3rg\u00e3o origin\u00e1rio da atual FOM e primeiro a negociar coletivamente os acordos das equipes da F1 com circuitos pelo mundo. Max Mosley e Bernie Ecclestone foram outros dos fundadores do \u00f3rg\u00e3o, que tornou a categoria enfim lucrativa para os donos de equipes.<\/p>\n\n\n\n<p class=\"wp-block-paragraph\">A conex\u00e3o entre os dois vai al\u00e9m disso: uma amizade que fez com que Mosley, ent\u00e3o dono da March, negociasse chassis com a iniciante equipe de Frank h\u00e1 quase 50 anos.<\/p>\n\n\n\n<figure class=\"wp-block-image size-large\"><img decoding=\"async\" src=\"https:\/\/www.grandepremio.com\/br\/wp-content\/uploads\/2021\/05\/Max-Mosley-1024x676.jpg\" alt=\"\" class=\"wp-image-477111\"\/><figcaption>Max Mosley morreu aos 81 anos (Foto: Reprodu\u00e7\u00e3o\/Reuters)<\/figcaption><\/figure>\n\n\n\n<p class=\"wp-block-paragraph\">&#8220;\u00c9 com grande tristeza que eu reflito sobre a morte de Max Mosley, aos 81 anos. Max teve impacto profundo na expans\u00e3o do mundo do esporte a motor e, em n\u00edvel pessoal, teve papel integral na ajuda para o estabelecimento das funda\u00e7\u00f5es da equipe Williams. Era um homem esperto e talentoso, e sua perda ser\u00e1 profundamente sentida por todos que o conheciam&#8221;, disse.<\/p>\n\n\n\n<p class=\"wp-block-paragraph\">&#8220;Conheci Max nos anos 1960, quando ele entrou no mundo do automobilismo como piloto. Preparei o carro de F2 dele e, mesmo que nunca tivesse sido o piloto mais r\u00e1pido do grid, sempre foi inteligente atr\u00e1s do volante. Depois de se aposentar das pistas, continuei trabalhando com Max atrav\u00e9s de sua March Engineering e operando carros cientes no come\u00e7o dos anos 1970 sob a marca de Frank Williams Racing Cars. Eu voltaria a colocar um chassi March na pista j\u00e1 depois de fundar a Williams, em 1977, com Patrick Neve fazendo a primeira largada da equipe no GP da Espanha daquele ano&#8221;, recordou.<\/p>\n\n\n\n<p class=\"wp-block-paragraph\">&#8220;A morte de Max me atinge particularmente, dado o papel dele na origem da Williams, conforme o time celebrou sua corrida 750 no GP do \u00faltimo fim de semana, em M\u00f4naco. \u00c9 justo dizer que n\u00e3o chegar\u00edamos onde chegamos sem a ajuda de Max naqueles primeiros dias, e serei grato a ele para sempre por isso&#8221;, garantiu.<\/p>\n\n\n\n<figure class=\"wp-block-embed is-type-rich is-provider-spotify wp-block-embed-spotify wp-embed-aspect-21-9 wp-has-aspect-ratio\"><div class=\"wp-block-embed__wrapper\">\n<iframe title=\"Spotify Embed: Paddockast #104- M\u00f4naco est\u00e1 de volta: por que o Principado n\u00e3o pode jamais deixar o calend\u00e1rio da F1\" style=\"border-radius: 12px\" width=\"100%\" height=\"152\" frameborder=\"0\" allowfullscreen allow=\"autoplay; clipboard-write; encrypted-media; fullscreen; picture-in-picture\" loading=\"lazy\" src=\"https:\/\/open.spotify.com\/embed\/episode\/652Vo9Cyzz6gUJSWopBPrz?utm_source=oembed\"><\/iframe>\n<\/div><\/figure>\n\n\n\n<p class=\"wp-block-paragraph\">&#8220;Apesar de seu sucesso como construtor de chassi, sua perspic\u00e1cia pol\u00edtica sempre foi clara e tive toda confian\u00e7a na cria\u00e7\u00e3o da Associa\u00e7\u00e3o de Construtores da F\u00f3rmula 1 [FOCA], em 1974, com Max, eu mesmo, Bernie Ecclestone, Colin Chapman, Teddy Mayer e Ken Tyrrell como membros fundadores. A habilidade pol\u00edtica de Max teve impacto profundo n\u00e3o apenas na F1, mas em todo o esporte a motor e na seguran\u00e7a das estradas, quando foi presidente da FIA. Como dono de equipe, sempre lidei com ele nessa posi\u00e7\u00e3o [presidente da FIA] e, mesmo que nem sempre estiv\u00e9ssemos na mesma p\u00e1gina em todos os assuntos, ele sempre estava disposto a ter uma conversa franca e um debate de opini\u00f5es. Liderou o esporte para uma nova era neste per\u00edodo, uma era caracterizada pela evolu\u00e7\u00e3o da seguran\u00e7a e inova\u00e7\u00f5es tecnol\u00f3gicas. E, por isso, sempre ser\u00e1 lembrado com carinho&#8221;, garantiu.<\/p>\n\n\n\n<p class=\"wp-block-paragraph\">&#8220;Meus pensamentos e aqueles da fam\u00edlia Williams est\u00e3o com sua fam\u00edlia e amigos neste momento dif\u00edcil&#8221;, finalizou.<\/p>\n\n\n\n<p class=\"wp-block-paragraph\">Aos 79 anos de idade, Williams n\u00e3o tem mais conex\u00e3o direta com a F\u00f3rmula 1 ap\u00f3s a venda da equipe, no ano passado. Por quest\u00f5es de sa\u00fade, j\u00e1 n\u00e3o atuava como chefe de fato h\u00e1 quase dez anos.<\/p>\n\n\n\n<figure class=\"wp-block-embed is-type-video is-provider-youtube wp-block-embed-youtube wp-embed-aspect-16-9 wp-has-aspect-ratio\"><div class=\"wp-block-embed__wrapper\">\n<iframe loading=\"lazy\" title=\"FRACASSO EM M\u00d4NACO \u00c9 GOSTINHO ESPERADO DE FIASCO DA MERCEDES NA F1 2021 | GP \u00e0s 10\" width=\"500\" height=\"281\" src=\"https:\/\/www.youtube.com\/embed\/t7yUzfapnhk?feature=oembed\" frameborder=\"0\" allow=\"accelerometer; autoplay; clipboard-write; encrypted-media; gyroscope; picture-in-picture; web-share\" referrerpolicy=\"strict-origin-when-cross-origin\" allowfullscreen><\/iframe>\n<\/div><\/figure>\n","protected":false},"excerpt":{"rendered":"<p>Companheiro na forma\u00e7\u00e3o da FOCA, em 1974, Frank Williams lembrou a longa e antiga rela\u00e7\u00e3o com Max Mosley no mundo do automobilismo<\/p>\n","protected":false},"author":0,"featured_media":1000477295,"comment_status":"closed","ping_status":"closed","sticky":false,"template":"","format":"standard","meta":{"42wp_featured_image_caption":"","42wp_featured_image_credits":"","42wp_featured_video":"","42wp_featured_image_hidden":false,"42wp_authors_list":[],"footnotes":""},"categories":[2],"tags":[539,156,1285,25536,218,4910],"42wp_author":[47120],"class_list":["post-120867","post","type-post","status-publish","format-standard","has-post-thumbnail","hentry","category-f1","tag-bernie-ecclestone","tag-f1-2021","tag-formula-1-2021","tag-formula-1-2021-2","tag-frank-williams","tag-max-mosley","42wp_author-pedro-henrique-marum"],"_links":{"self":[{"href":"https:\/\/grandepremio.com\/br\/wp-json\/wp\/v2\/posts\/120867","targetHints":{"allow":["GET"]}}],"collection":[{"href":"https:\/\/grandepremio.com\/br\/wp-json\/wp\/v2\/posts"}],"about":[{"href":"https:\/\/grandepremio.com\/br\/wp-json\/wp\/v2\/types\/post"}],"replies":[{"embeddable":true,"href":"https:\/\/grandepremio.com\/br\/wp-json\/wp\/v2\/comments?post=120867"}],"version-history":[{"count":0,"href":"https:\/\/grandepremio.com\/br\/wp-json\/wp\/v2\/posts\/120867\/revisions"}],"wp:featuredmedia":[{"embeddable":true,"href":"https:\/\/grandepremio.com\/br\/wp-json\/wp\/v2\/media\/1000477295"}],"wp:attachment":[{"href":"https:\/\/grandepremio.com\/br\/wp-json\/wp\/v2\/media?parent=120867"}],"wp:term":[{"taxonomy":"category","embeddable":true,"href":"https:\/\/grandepremio.com\/br\/wp-json\/wp\/v2\/categories?post=120867"},{"taxonomy":"post_tag","embeddable":true,"href":"https:\/\/grandepremio.com\/br\/wp-json\/wp\/v2\/tags?post=120867"},{"taxonomy":"42wp_author","embeddable":true,"href":"https:\/\/grandepremio.com\/br\/wp-json\/wp\/v2\/42wp_author?post=120867"}],"curies":[{"name":"wp","href":"https:\/\/api.w.org\/{rel}","templated":true}]}}