{"id":120882,"date":"2021-05-25T04:15:00","date_gmt":"2021-05-25T07:15:00","guid":{"rendered":"https:\/\/grandepremio.com\/br\/noticias\/brawn-aponta-trio-podio-monaco-nova-geracao-campeoes-f1\/"},"modified":"2021-05-24T21:39:44","modified_gmt":"2021-05-25T00:39:44","slug":"brawn-aponta-trio-podio-monaco-nova-geracao-campeoes-f1","status":"publish","type":"post","link":"https:\/\/grandepremio.com\/br\/f1\/brawn-aponta-trio-podio-monaco-nova-geracao-campeoes-f1\/","title":{"rendered":"Brawn aponta trio do p\u00f3dio em M\u00f4naco como &#8220;a nova gera\u00e7\u00e3o de campe\u00f5es&#8221; da F1"},"content":{"rendered":"\n<figure class=\"wp-block-video\"><video class=\"video-js vjs-big-play-centered\" data-gp-vjs=\"1\" controls src=\"https:\/\/www.grandepremio.com\/br\/wp-content\/uploads\/l-videos\/F1_gp Monaco_GpNoticias 230521.mp4\"><\/video><figcaption>Verstappen assume lideran\u00e7a da F1 ap\u00f3s vit\u00f3ria: assista aos melhores momentos do GP de M\u00f4naco (GRANDE PR\u00caMIO com Reuters)<\/figcaption><\/figure>\n\n\n\n<p class=\"wp-block-paragraph\">Al\u00e9m da vit\u00f3ria de Max Verstappen, <a href=\"https:\/\/www.grandepremio.com\/br\/f1\/noticias\/verstappen-vira-lider-da-f1-apos-vitoria-assista-aos-melhores-momentos-do-gp-de-monaco\/\">que mudou os rumos do Campeonato Mundial de 2021 da F\u00f3rmula 1<\/a>, o GP de M\u00f4naco entrou para a as estat\u00edsticas da categoria como o terceiro p\u00f3dio mais jovem da hist\u00f3ria. Al\u00e9m de Max, Carlos os ex-companheiros Carlos Sainz Jr. e Lando Norris formaram m\u00e9dia et\u00e1ria de 21 anos, 11 meses e 18 dias. O fato n\u00e3o passou batido: Ross Brawn, diretor-esportivo da F\u00f3rmula 1, definiu os jovens pilotos como \u201ca nova gera\u00e7\u00e3o de campe\u00f5es\u201d, que come\u00e7a a desempenhar pap\u00e9is de protagonismo.<\/p>\n\n\n\n<p class=\"wp-block-paragraph\">\u201cCom Max, Carlos e Lando no p\u00f3dio, estamos vendo a nova gera\u00e7\u00e3o de campe\u00f5es mundiais da F\u00f3rmula 1\u201d, afirmou.<\/p>\n\n\n\n<p class=\"wp-block-paragraph\"><strong>Conhe\u00e7a o canal do Grande Pr\u00eamio no YouTube! Clique&nbsp;<a target=\"_blank\" href=\"https:\/\/youtube.com\/GrandePremioTV\" rel=\"noreferrer noopener\">aqui<\/a>.<\/strong><br><strong>Siga o Grande Pr\u00eamio no&nbsp;<a target=\"_blank\" href=\"https:\/\/twitter.com\/grandepremio\" rel=\"noreferrer noopener\">Twitter&nbsp;<\/a>e no&nbsp;<a target=\"_blank\" href=\"https:\/\/instagram.com\/grandepremio\" rel=\"noreferrer noopener\">Instagram<\/a>!<\/strong><\/p>\n\n\n\n<figure class=\"wp-block-image size-large\"><img decoding=\"async\" src=\"https:\/\/www.grandepremio.com\/br\/wp-content\/uploads\/2021\/05\/ferrari-carlossainz-04-1024x683.jpg\" alt=\"\" class=\"wp-image-476860\"\/><figcaption>Carlos Sainz conquistou seu primeiro p\u00f3dio pela Ferrari, com o segundo lugar em M\u00f4naco (Foto: Ferrari)<\/figcaption><\/figure>\n\n\n\n<p class=\"wp-block-paragraph\">Brawn foi al\u00e9m e dissertou a respeito de Carlos Sainz, rec\u00e9m-chegado a Ferrari, em seu primeiro p\u00f3dio pela equipe italiana e sobre Lando Norris, que conquistou o terceiro p\u00f3dio da carreira pela McLaren, o segundo apenas neste ano.<\/p>\n\n\n\n<p class=\"wp-block-paragraph\">\u201cCarlos entregou o tipo de performance que eu esperava dele. Ele est\u00e1 amadurecendo muito bem. De todos os pilotos que trocaram de equipe para essa temporada, ele faz um dos melhores trabalhos. Ele se adaptou muito r\u00e1pido e est\u00e1 produzindo \u00f3timos resultados\u201d, disse.<\/p>\n\n\n\n<p class=\"wp-block-paragraph\">\u201cO antigo companheiro de equipe dele, Lando [Norris], foi bem durante todo o fim de semana, em uma pista que muitos esperavam ver a McLaren sofrer. A consist\u00eancia dele foi impressionante e ele mereceu muito o terceiro p\u00f3dio de sua carreira\u201d, concluiu.<\/p>\n\n\n\n<p class=\"wp-block-paragraph\">Na estat\u00edstica dos p\u00f3dios mais jovens da hist\u00f3ria da F\u00f3rmula 1, Verstappen, Sainz e Pierre Gasly, det\u00e9m o recorde de combina\u00e7\u00e3o mais jovem a subir no p\u00f3dio com o<a href=\"https:\/\/www.grandepremio.com\/br\/f1\/noticias\/verstappen-vence-animado-gp-do-brasil-gasly-e-2-e-ferraris-batem\/\"> do GP Brasil de 2019<\/a>, quando a m\u00e9dia de idade dos trio, \u00e0 \u00e9poca, era de&nbsp;23 anos, 8 meses e 13 dias.<\/p>\n\n\n\n<figure class=\"wp-block-embed is-type-video is-provider-youtube wp-block-embed-youtube wp-embed-aspect-16-9 wp-has-aspect-ratio\"><div class=\"wp-block-embed__wrapper\">\n<iframe loading=\"lazy\" title=\"ALONSO VAI MAL NA F1 2021. \u00c9 HORA DE ALPINE FAZER A FILA ANDAR? | GP \u00c0S 10\" width=\"500\" height=\"281\" src=\"https:\/\/www.youtube.com\/embed\/c6zFm6p6v2Y?feature=oembed\" frameborder=\"0\" allow=\"accelerometer; autoplay; clipboard-write; encrypted-media; gyroscope; picture-in-picture; web-share\" referrerpolicy=\"strict-origin-when-cross-origin\" allowfullscreen><\/iframe>\n<\/div><\/figure>\n\n\n\n<p class=\"wp-block-paragraph\"><\/p>\n","protected":false},"excerpt":{"rendered":"<p>Ross Brawn, diretor-esportivo da F\u00f3rmula 1, elogiou o desempenho de Max Verstappen, Carlos Sainz e Lando Norris, a \u201cnova gera\u00e7\u00e3o de campe\u00f5es\u201d, que subiu ao p\u00f3dio do GP de M\u00f4naco<\/p>\n","protected":false},"author":0,"featured_media":1000476986,"comment_status":"closed","ping_status":"closed","sticky":false,"template":"","format":"standard","meta":{"42wp_featured_image_caption":"","42wp_featured_image_credits":"","42wp_featured_video":"","42wp_featured_image_hidden":false,"42wp_authors_list":[],"footnotes":""},"categories":[2],"tags":[546,207,24837,25536,25072,547,203,90,204,145],"42wp_author":[47138],"class_list":["post-120882","post","type-post","status-publish","format-standard","has-post-thumbnail","hentry","category-f1","tag-carlos-sainz","tag-ferrari","tag-formula-1-2","tag-formula-1-2021-2","tag-gp-de-monaco-2","tag-lando-norris","tag-max-verstappen","tag-mclaren","tag-red-bull","tag-ross-brawn","42wp_author-lucascouto"],"_links":{"self":[{"href":"https:\/\/grandepremio.com\/br\/wp-json\/wp\/v2\/posts\/120882","targetHints":{"allow":["GET"]}}],"collection":[{"href":"https:\/\/grandepremio.com\/br\/wp-json\/wp\/v2\/posts"}],"about":[{"href":"https:\/\/grandepremio.com\/br\/wp-json\/wp\/v2\/types\/post"}],"replies":[{"embeddable":true,"href":"https:\/\/grandepremio.com\/br\/wp-json\/wp\/v2\/comments?post=120882"}],"version-history":[{"count":0,"href":"https:\/\/grandepremio.com\/br\/wp-json\/wp\/v2\/posts\/120882\/revisions"}],"wp:featuredmedia":[{"embeddable":true,"href":"https:\/\/grandepremio.com\/br\/wp-json\/wp\/v2\/media\/1000476986"}],"wp:attachment":[{"href":"https:\/\/grandepremio.com\/br\/wp-json\/wp\/v2\/media?parent=120882"}],"wp:term":[{"taxonomy":"category","embeddable":true,"href":"https:\/\/grandepremio.com\/br\/wp-json\/wp\/v2\/categories?post=120882"},{"taxonomy":"post_tag","embeddable":true,"href":"https:\/\/grandepremio.com\/br\/wp-json\/wp\/v2\/tags?post=120882"},{"taxonomy":"42wp_author","embeddable":true,"href":"https:\/\/grandepremio.com\/br\/wp-json\/wp\/v2\/42wp_author?post=120882"}],"curies":[{"name":"wp","href":"https:\/\/api.w.org\/{rel}","templated":true}]}}