{"id":120892,"date":"2021-05-24T11:18:34","date_gmt":"2021-05-24T14:18:34","guid":{"rendered":"https:\/\/grandepremio.com\/br\/noticias\/ex-presidente-fia-max-mosley-morre-81-anos-na-inglaterra\/"},"modified":"2021-05-24T11:50:00","modified_gmt":"2021-05-24T14:50:00","slug":"ex-presidente-fia-max-mosley-morre-81-anos-na-inglaterra","status":"publish","type":"post","link":"https:\/\/grandepremio.com\/br\/f1\/ex-presidente-fia-max-mosley-morre-81-anos-na-inglaterra\/","title":{"rendered":"Presidente da FIA entre 1993 e 2009, Max Mosley morre aos 81 anos na Inglaterra"},"content":{"rendered":"\n<figure class=\"wp-block-video\"><video class=\"video-js vjs-big-play-centered\" data-gp-vjs=\"1\" controls src=\"https:\/\/www.grandepremio.com\/br\/wp-content\/uploads\/l-videos\/F1_gp Monaco_GpNoticias 230521.mp4\"><\/video><figcaption>Verstappen assume lideran\u00e7a da F1 ap\u00f3s vit\u00f3ria: assista aos melhores momentos do GP de M\u00f4naco (GRANDE PR\u00caMIO com Reuters)<\/figcaption><\/figure>\n\n\n\n<p class=\"wp-block-paragraph\">Presidente da FIA entre 1993 e 2009, Max Mosley morreu nesta segunda-feira (24), informam v\u00e1rios ve\u00edculos de imprensa da Inglaterra, como os di\u00e1rios Guardian, The Sun e Daily Mail. O ex-dirigente tinha 81 anos e, segundo as primeiras informa\u00e7\u00f5es, morreu em sua casa em Chelsea, bairro de Londres.<\/p>\n\n\n\n<p class=\"wp-block-paragraph\">A primeira personalidade a anunciar a morte de Mosley foi Bernie Ecclestone, ex-chef\u00e3o da F\u00f3rmula 1 por mais de 40 anos e amigo do ex-presidente da FIA. \u00c0 BBC, Bernie falou: \u201c\u00c9 como perder uma fam\u00edlia, \u00e9 como perder um irm\u00e3o. Ele fez muitas coisas boas n\u00e3o apenas para o automobilismo, mas tamb\u00e9m para a ind\u00fastria. Ele foi muito bom em garantir que fossem constru\u00eddos carros seguros\u201d.<\/p>\n\n\n\n<p class=\"wp-block-paragraph\"><strong>LEIA TAMB\u00c9M<\/strong><br><a href=\"https:\/\/www.grandepremio.com\/br\/f1\/noticias\/na-garagem-fascista-pai-de-mosley-e-nomeado-pior-britanico-do-seculo\/\"><strong>+Fascista, pai de Max Mosley foi nomeado como &#8216;pior brit\u00e2nico do s\u00e9culo XX&#8217;<\/strong><\/a><\/p>\n\n\n\n<figure class=\"wp-block-image size-large\"><img decoding=\"async\" src=\"https:\/\/www.grandepremio.com\/br\/wp-content\/uploads\/2021\/05\/Max-Mosley-2-1024x666.jpg\" alt=\"\" class=\"wp-image-477112\"\/><figcaption>Max Mosley teve o an\u00fancio da sua morte nesta segunda-feira (Foto: Reprodu\u00e7\u00e3o)<\/figcaption><\/figure>\n\n\n\n<p class=\"wp-block-paragraph\"><strong>Conhe\u00e7a o canal do Grande Pr\u00eamio no YouTube! Clique&nbsp;<a target=\"_blank\" href=\"https:\/\/youtube.com\/GrandePremioTV\" rel=\"noreferrer noopener\">aqui<\/a>.<\/strong><br><strong>Siga o Grande Pr\u00eamio no&nbsp;<a target=\"_blank\" href=\"https:\/\/twitter.com\/grandepremio\" rel=\"noreferrer noopener\">Twitter&nbsp;<\/a>e no&nbsp;<a target=\"_blank\" href=\"https:\/\/instagram.com\/grandepremio\" rel=\"noreferrer noopener\">Instagram<\/a>!<\/strong><\/p>\n\n\n\n<p class=\"wp-block-paragraph\">Max Mosley nasceu em 1940 no Reino Unido, <a href=\"https:\/\/www.grandepremio.com\/br\/f1\/noticias\/na-garagem-fascista-pai-de-mosley-e-nomeado-pior-britanico-do-seculo\/\">filho de Oswald Mosley, l\u00edder da Uni\u00e3o Brit\u00e2nica de Fascistas<\/a>. Apesar de carregar um sobrenome de peso negativo, Max conseguiu uma carreira de sucesso no esporte a motor. O ent\u00e3o piloto amador foi um dos fundadores da March, equipe que disputaria a F\u00f3rmula 1 ainda na d\u00e9cada de 1970. Isso o aproximou dos bastidores do certame, onde, ao lado de Bernie Ecclestone, virou figura central em negocia\u00e7\u00f5es com a Federa\u00e7\u00e3o Internacional de Automobilismo (FIA).<\/p>\n\n\n\n<p class=\"wp-block-paragraph\">Esse foi o trampolim para o pr\u00f3ximo passo da carreira de Mosley. O brit\u00e2nico foi eleito presidente da FIA em 1993, sucedendo o ic\u00f4nico Jean-Marie Balestre. Sua jornada no posto mais alto do automobilismo foi longa, mas n\u00e3o necessariamente calma. Max agiu nos bastidores ao lado de Ecclestone para manter a F\u00f3rmula 1 unida e forte em tempos de amea\u00e7a da CART nos Estados Unidos.<\/p>\n\n\n\n<p class=\"wp-block-paragraph\">Em contrapartida, os \u00faltimos anos de sua gest\u00e3o foram marcados por esc\u00e2ndalos na vida pessoal: em 2008, a imprensa brit\u00e2nica descobriu uma orgia de Mosley com prostitutas, com os envolvidos usando roupas de conota\u00e7\u00e3o nazista. Ao fim de 2009, Mosley deixou o cargo e abriu caminho para a atual gest\u00e3o de Jean Todt.<\/p>\n\n\n\n<p class=\"wp-block-paragraph\">Tamb\u00e9m no fim da sua gest\u00e3o, antes de passar o bast\u00e3o para Jean Todt, Mosley acendeu uma pol\u00eamica t\u00e3o grande que quase provocou uma cis\u00e3o na F\u00f3rmula 1. Tudo em raz\u00e3o do desejo de impor um teto de gastos, que depois de muita discuss\u00e3o s\u00f3 entrou em vigor no Mundial nesta temporada.<\/p>\n\n\n\n<p class=\"wp-block-paragraph\">\u00c0 \u00e9poca, as equipes anunciaram uma debandada geral da F1 e a cria\u00e7\u00e3o de um campeonato paralelo. A rebeli\u00e3o se deu pela imposi\u00e7\u00e3o, por parte de Mosley, de um teto or\u00e7ament\u00e1rio de cerca de R$ 200 milh\u00f5es (valores da \u00e9poca) para a temporada 2010. Os times foram contr\u00e1rios, bateram o p\u00e9 e chegaram a comunicar uma medida extrema. Com a interfer\u00eancia de Bernie Ecclestone, a regra foi abandonada, as equipes voltaram atr\u00e1s e Mosley sequer concorreu \u00e0 reelei\u00e7\u00e3o no fim do ano.<\/p>\n\n\n\n<p class=\"wp-block-paragraph\">Aquela foi uma batalha crucial perdida pelo brit\u00e2nico, a gota d\u2019\u00e1gua para que ele deixasse o comando da FIA ap\u00f3s 16 anos no poder. Seu moral j\u00e1 n\u00e3o era dos melhores desde o esc\u00e2ndalo sexual no qual se viu envolvido em mar\u00e7o de 2008. Os frequentes embates com os dirigentes das equipes causaram um desgaste crescente ao longo dos anos. E Mosley tamb\u00e9m n\u00e3o era grande f\u00e3 das montadoras, que dominaram a F1 na d\u00e9cada passada com suas equipes de f\u00e1brica. Sempre que podia, dava o recado: quando a coisa apertasse, elas pulariam do barco. <\/p>\n\n\n\n<p class=\"wp-block-paragraph\">N\u00e3o deu outra, e a Honda anunciou sua sa\u00edda da F1 imediatamente ap\u00f3s uma crise financeira mundial estourar em 2008. No ano seguinte, Toyota e BMW seguiram pelo mesmo caminho. E o ano de 2010 foi o \u00faltimo da Renault com sua equipe de f\u00e1brica.<\/p>\n\n\n\n<p class=\"wp-block-paragraph\">Mosley vivia batendo de frente com as equipes, mas em seus 16 anos como presidente da FIA, a \u00fanica vez em que o neg\u00f3cio saiu mesmo de controle foi em 2009 \u2014 a crise que custou sua cabe\u00e7a. Foi um per\u00edodo de boa estabilidade, especialmente se for feita a compara\u00e7\u00e3o com os mandos e desmandos de seu antecessor, Jean-Marie Balestre. Os avan\u00e7os na seguran\u00e7a tamb\u00e9m foram imensos ap\u00f3s o tr\u00e1gico in\u00edcio de 1994, com as mortes de Roland Ratzenberger e Ayrton Senna.<\/p>\n\n\n\n<p class=\"wp-block-paragraph\">A chegada de Todt, contudo, representou novos ares para o automobilismo e tamb\u00e9m o fortalecimento de competi\u00e7\u00f5es que estavam relegadas a um segundo plano pela entidade. O Mundial de Endurance renasceu, o Mundial de Rali cresceu e competi\u00e7\u00f5es como a F\u00f3rmula 2 e a F\u00f3rmula 3 tiveram suas respectivas relev\u00e2ncias amplificadas. Sem contar tamb\u00e9m o nascimento da F\u00f3rmula E, a categoria dos carros el\u00e9tricos, que teve todo o apoio do dirigente franc\u00eas, que encerra seu mandato \u00e0 frente da FIA em 2021.<\/p>\n\n\n\n<figure class=\"wp-block-embed is-type-video is-provider-youtube wp-block-embed-youtube wp-embed-aspect-16-9 wp-has-aspect-ratio\"><div class=\"wp-block-embed__wrapper\">\n<iframe loading=\"lazy\" title=\"ALONSO VAI MAL NA F1 2021. \u00c9 HORA DE ALPINE FAZER A FILA ANDAR? | GP \u00c0S 10\" width=\"500\" height=\"281\" src=\"https:\/\/www.youtube.com\/embed\/c6zFm6p6v2Y?feature=oembed\" frameborder=\"0\" allow=\"accelerometer; autoplay; clipboard-write; encrypted-media; gyroscope; picture-in-picture; web-share\" referrerpolicy=\"strict-origin-when-cross-origin\" allowfullscreen><\/iframe>\n<\/div><\/figure>\n","protected":false},"excerpt":{"rendered":"<p>Filho do ex-l\u00edder fascista ingl\u00eas Oswald Mosley, Max Mosley presidiu a entidade m\u00e1xima do automobilismo mundial por 16 anos, antes de ter sido sucedido por Jean Todt. O ex-dirigente teve a morte anunciada por Bernie Ecclestone, ex-chef\u00e3o da F1, \u00e0 BBC<\/p>\n","protected":false},"author":0,"featured_media":1000477111,"comment_status":"closed","ping_status":"closed","sticky":false,"template":"","format":"standard","meta":{"42wp_featured_image_caption":"","42wp_featured_image_credits":"","42wp_featured_video":"","42wp_featured_image_hidden":false,"42wp_authors_list":[],"footnotes":""},"categories":[2],"tags":[103,24837,24836,4910],"42wp_author":[47110,47118],"class_list":["post-120892","post","type-post","status-publish","format-standard","has-post-thumbnail","hentry","category-f1","tag-fia","tag-formula-1-2","tag-grande-premio-2","tag-max-mosley","42wp_author-fernando-silva","42wp_author-vitor-fazio"],"_links":{"self":[{"href":"https:\/\/grandepremio.com\/br\/wp-json\/wp\/v2\/posts\/120892","targetHints":{"allow":["GET"]}}],"collection":[{"href":"https:\/\/grandepremio.com\/br\/wp-json\/wp\/v2\/posts"}],"about":[{"href":"https:\/\/grandepremio.com\/br\/wp-json\/wp\/v2\/types\/post"}],"replies":[{"embeddable":true,"href":"https:\/\/grandepremio.com\/br\/wp-json\/wp\/v2\/comments?post=120892"}],"version-history":[{"count":0,"href":"https:\/\/grandepremio.com\/br\/wp-json\/wp\/v2\/posts\/120892\/revisions"}],"wp:featuredmedia":[{"embeddable":true,"href":"https:\/\/grandepremio.com\/br\/wp-json\/wp\/v2\/media\/1000477111"}],"wp:attachment":[{"href":"https:\/\/grandepremio.com\/br\/wp-json\/wp\/v2\/media?parent=120892"}],"wp:term":[{"taxonomy":"category","embeddable":true,"href":"https:\/\/grandepremio.com\/br\/wp-json\/wp\/v2\/categories?post=120892"},{"taxonomy":"post_tag","embeddable":true,"href":"https:\/\/grandepremio.com\/br\/wp-json\/wp\/v2\/tags?post=120892"},{"taxonomy":"42wp_author","embeddable":true,"href":"https:\/\/grandepremio.com\/br\/wp-json\/wp\/v2\/42wp_author?post=120892"}],"curies":[{"name":"wp","href":"https:\/\/api.w.org\/{rel}","templated":true}]}}