{"id":120953,"date":"2021-05-22T18:00:00","date_gmt":"2021-05-22T21:00:00","guid":{"rendered":"https:\/\/grandepremio.com\/br\/noticias\/briefing-tem-edicoes-ao-vivo-e-analisa-pre-e-pos-gp-de-monaco-de-formula-1\/"},"modified":"2021-05-22T17:56:24","modified_gmt":"2021-05-22T20:56:24","slug":"briefing-tem-edicoes-ao-vivo-e-analisa-pre-e-pos-gp-de-monaco-de-formula-1","status":"publish","type":"post","link":"https:\/\/grandepremio.com\/br\/f1\/briefing-tem-edicoes-ao-vivo-e-analisa-pre-e-pos-gp-de-monaco-de-formula-1\/","title":{"rendered":"Briefing tem edi\u00e7\u00f5es ao vivo e analisa pr\u00e9 e p\u00f3s-GP de M\u00f4naco de F\u00f3rmula 1"},"content":{"rendered":"\n<figure class=\"wp-block-video\"><video class=\"video-js vjs-big-play-centered\" data-gp-vjs=\"1\" controls src=\"https:\/\/www.grandepremio.com\/br\/wp-content\/uploads\/2021\/05\/alex-palou-quali-crash.mp4\"><\/video><figcaption>\u00c1lex Palou foi a primeira v\u00edtima na classifica\u00e7\u00e3o em Indian\u00e1polis (V\u00eddeo; Reprodu\u00e7\u00e3o)<\/figcaption><\/figure>\n\n\n\n<p class=\"wp-block-paragraph\">GP de M\u00f4naco \u00e9 sempre especial, mas a edi\u00e7\u00e3o de 2021 parece ter uma dose extra de imprevisibilidade. Charles Leclerc \u00e9 o pole-position pela Ferrari, mas com rivais de Red Bull e Mercedes dispostos a vir para cima e levar a vit\u00f3ria. \u00c9 de olho nessa disputa que\u00a0<strong>GRANDE PR\u00caMIO<\/strong>\u00a0traz o\u00a0<strong>BRIEFING<\/strong>\u00a0para analisar tudo sobre a jornada deste fim de semana. O programa de debates da\u00a0<strong><a href=\"https:\/\/www.youtube.com\/c\/GrandePremioTV\/\">GPTV, o canal do GRANDE PR\u00caMIO no YouTube,<\/a><\/strong>\u00a0entra no ar com duas edi\u00e7\u00f5es\u00a0<strong>AO VIVO<\/strong>, uma antes e outra logo depois que a bandeira quadriculada tremular na pista espanhola.<\/p>\n\n\n\n<p class=\"wp-block-paragraph\">Toda a an\u00e1lise da classifica\u00e7\u00e3o e as informa\u00e7\u00f5es antes da largada em M\u00f4naco ser\u00e3o debatidas no\u00a0<strong>BRIEFING<\/strong>\u00a0pr\u00e9-corrida, que vai ao ar \u00e0s 9h (de Bras\u00edlia). O programa ter\u00e1 o comando de Victor Martins e os coment\u00e1rios de Fernando Silva e Pedro Henrique Marum.<\/p>\n\n\n\n<p class=\"wp-block-paragraph\"><strong>Conhe\u00e7a o canal do Grande Pr\u00eamio no YouTube! Clique\u00a0<a target=\"_blank\" href=\"https:\/\/youtube.com\/GrandePremioTV\" rel=\"noreferrer noopener\">aqui<\/a>.<\/strong><br><strong>Siga o Grande Pr\u00eamio no\u00a0<a target=\"_blank\" href=\"https:\/\/twitter.com\/grandepremio\" rel=\"noreferrer noopener\">Twitter\u00a0<\/a>e no\u00a0<a target=\"_blank\" href=\"https:\/\/instagram.com\/grandepremio\" rel=\"noreferrer noopener\">Instagram<\/a>!<\/strong><\/p>\n\n\n\n<figure class=\"wp-block-image size-large\"><img decoding=\"async\" src=\"https:\/\/www.grandepremio.com\/br\/wp-content\/uploads\/2021\/05\/beto3719-1024x683.jpg\" alt=\"\" class=\"wp-image-476612\"\/><figcaption>Charles Leclerc celebra a pole no GP de M\u00f4naco (Foto: Beto Issa)<\/figcaption><\/figure>\n\n\n\n<p class=\"wp-block-paragraph\">Logo depois, entra no ar o\u00a0<strong>CABINE GP<\/strong>, que vai comentar em tempo real, tamb\u00e9m na<strong>\u00a0GPTV<\/strong>, tudo sobre o GP de M\u00f4naco de F\u00f3rmula 1. A atra\u00e7\u00e3o\u00a0vai contar com Renato Ribeiro e Guilherme Bloisi.<\/p>\n\n\n\n<p class=\"wp-block-paragraph\">E n\u00e3o pense que acabou. Logo ap\u00f3s o t\u00e9rmino da corrida em M\u00f4naco, o\u00a0<strong>GRANDE PR\u00caMIO<\/strong>\u00a0entra novamente ao vivo para dissecar tudo sobre a etapa: o vencedor, os grandes nomes, as maiores pol\u00eamicas, as notas dos pilotos e a novidade do\u00a0<strong>BRIEFING<\/strong>\u00a0p\u00f3s-corrida: o pr\u00eamio Guiomar Aguiar, dedicado ao pior piloto do GP de M\u00f4naco.<\/p>\n\n\n\n<p class=\"wp-block-paragraph\">O\u00a0<strong>BRIEFING<\/strong>\u00a0p\u00f3s-GP de M\u00f4naco ter\u00e1 a apresenta\u00e7\u00e3o de Victor Martins, coment\u00e1rios de Evelyn Guimar\u00e3es e do streamer e youtuber Eduardo Benvenuti, o BRKsEDU.<\/p>\n","protected":false},"excerpt":{"rendered":"<p>O GP de M\u00f4naco, com pole-position inesperada de Charles Leclerc, ser\u00e1 amplamente debatido no GRANDE PR\u00caMIO. Confira a programa\u00e7\u00e3o de lives para o domingo (23)<\/p>\n","protected":false},"author":0,"featured_media":1000476470,"comment_status":"closed","ping_status":"closed","sticky":false,"template":"","format":"standard","meta":{"42wp_featured_image_caption":"","42wp_featured_image_credits":"","42wp_featured_video":"","42wp_featured_image_hidden":false,"42wp_authors_list":[],"footnotes":""},"categories":[2],"tags":[1566,3350,209,207,25072,24836,1093],"42wp_author":[47118],"class_list":["post-120953","post","type-post","status-publish","format-standard","has-post-thumbnail","hentry","category-f1","tag-ao-vivo","tag-briefing","tag-charles-leclerc","tag-ferrari","tag-gp-de-monaco-2","tag-grande-premio-2","tag-live","42wp_author-vitor-fazio"],"_links":{"self":[{"href":"https:\/\/grandepremio.com\/br\/wp-json\/wp\/v2\/posts\/120953","targetHints":{"allow":["GET"]}}],"collection":[{"href":"https:\/\/grandepremio.com\/br\/wp-json\/wp\/v2\/posts"}],"about":[{"href":"https:\/\/grandepremio.com\/br\/wp-json\/wp\/v2\/types\/post"}],"replies":[{"embeddable":true,"href":"https:\/\/grandepremio.com\/br\/wp-json\/wp\/v2\/comments?post=120953"}],"version-history":[{"count":0,"href":"https:\/\/grandepremio.com\/br\/wp-json\/wp\/v2\/posts\/120953\/revisions"}],"wp:featuredmedia":[{"embeddable":true,"href":"https:\/\/grandepremio.com\/br\/wp-json\/wp\/v2\/media\/1000476470"}],"wp:attachment":[{"href":"https:\/\/grandepremio.com\/br\/wp-json\/wp\/v2\/media?parent=120953"}],"wp:term":[{"taxonomy":"category","embeddable":true,"href":"https:\/\/grandepremio.com\/br\/wp-json\/wp\/v2\/categories?post=120953"},{"taxonomy":"post_tag","embeddable":true,"href":"https:\/\/grandepremio.com\/br\/wp-json\/wp\/v2\/tags?post=120953"},{"taxonomy":"42wp_author","embeddable":true,"href":"https:\/\/grandepremio.com\/br\/wp-json\/wp\/v2\/42wp_author?post=120953"}],"curies":[{"name":"wp","href":"https:\/\/api.w.org\/{rel}","templated":true}]}}