{"id":120973,"date":"2021-05-22T11:45:16","date_gmt":"2021-05-22T14:45:16","guid":{"rendered":"https:\/\/grandepremio.com\/br\/noticias\/max-verstappen-irrita-bandeira-vermelha-classificacao-monaco\/"},"modified":"2021-05-22T11:54:56","modified_gmt":"2021-05-22T14:54:56","slug":"max-verstappen-irrita-bandeira-vermelha-classificacao-monaco","status":"publish","type":"post","link":"https:\/\/grandepremio.com\/br\/f1\/max-verstappen-irrita-bandeira-vermelha-classificacao-monaco\/","title":{"rendered":"Verstappen se irrita com bandeira vermelha na classifica\u00e7\u00e3o em M\u00f4naco: &#8220;Destruiu a volta&#8221;"},"content":{"rendered":"\n<figure class=\"wp-block-video\"><video class=\"video-js vjs-big-play-centered\" data-gp-vjs=\"1\" controls src=\"https:\/\/www.grandepremio.com\/br\/wp-content\/uploads\/2021\/05\/Monaco_Verstappen.mp4\"><\/video><figcaption>Max Verstappen n\u00e3o economizou palavr\u00f5es ao saber da bandeira vermelha (V\u00eddeo: Reprodu\u00e7\u00e3o\/F1)<\/figcaption><\/figure>\n\n\n\n<p class=\"wp-block-paragraph\">Max Verstappen n\u00e3o conseguiu a \u00faltima chance para brigar pela pole no GP de M\u00f4naco. Com o acidente de Charles Leclerc a poucos segundos do fim, <a href=\"https:\/\/www.grandepremio.com\/br\/f1\/noticias\/charles-leclerc-destroi-ferrari-no-guard-rail-mas-garante-pole-do-gp-de-monaco\/\">causando a bandeira vermelha<\/a>, o piloto da Red Bull teve que se contentar com a segunda posi\u00e7\u00e3o no grid de largada para a corrida deste domingo (23).<\/p>\n\n\n\n<p class=\"wp-block-paragraph\">Ap\u00f3s a classifica\u00e7\u00e3o, Verstappen n\u00e3o escondeu a insatisfa\u00e7\u00e3o de ficar fora da primeira coloca\u00e7\u00e3o, sempre t\u00e3o importante nas apertadas ruas do principado monegasco.<\/p>\n\n\n\n<p class=\"wp-block-paragraph\">&#8220;Foi uma infelicidade, \u00e9 claro, com a bandeira vermelha porque eu estava realmente confort\u00e1vel na classifica\u00e7\u00e3o e melhorando. E ningu\u00e9m estava realmente colocando volta na primeira tentativa, como n\u00f3s planejamos. Era basicamente fazer duas voltas e acertar a mais r\u00e1pida na terceira. Estava tudo indo bem, mas\u2026&#8221;, afirmou o holand\u00eas.<\/p>\n\n\n\n<figure class=\"wp-block-image size-large\"><img decoding=\"async\" src=\"https:\/\/www.grandepremio.com\/br\/wp-content\/uploads\/2021\/05\/redbull-maxverstappen-02-5-1024x683.jpg\" alt=\"\" class=\"wp-image-476357\"\/><figcaption>Max Verstappen n\u00e3o ficou feliz com o resultado final do treino (Foto: Red Bull Pool Content\/ Getty Images)<\/figcaption><\/figure>\n\n\n\n<p class=\"wp-block-paragraph\"><strong>Conhe\u00e7a o canal do Grande Pr\u00eamio no YouTube! Clique\u00a0<a target=\"_blank\" href=\"https:\/\/youtube.com\/GrandePremioTV\" rel=\"noreferrer noopener\">aqui<\/a>.<\/strong><br><strong>Siga o Grande Pr\u00eamio no\u00a0<a target=\"_blank\" href=\"https:\/\/twitter.com\/grandepremio\" rel=\"noreferrer noopener\">Twitter\u00a0<\/a>e no\u00a0<a target=\"_blank\" href=\"https:\/\/instagram.com\/grandepremio\" rel=\"noreferrer noopener\">Instagram<\/a>!<\/strong><\/p>\n\n\n\n<p class=\"wp-block-paragraph\">&#8220;A bandeira vermelha destruiu minha volta para a pole, mas vamos ver. Eu acho que estamos em um bom fim de semana at\u00e9 o momento. Nos recuperamos bem de quinta-feira, n\u00e3o \u00e9 t\u00e3o ruim assim. \u00c9 f\u00e1cil ter uma bandeira vermelha aqui, mas voc\u00ea n\u00e3o espera. Ent\u00e3o, voc\u00ea sempre planeja a melhor estrat\u00e9gia poss\u00edvel. Estava indo tudo bem, foi uma pena a bandeira vermelha&#8221;, completou.<\/p>\n\n\n\n<p class=\"wp-block-paragraph\">Mais cedo, ainda no carro, Max n\u00e3o teve a mais tranquila das rea\u00e7\u00f5es com o incidente. No r\u00e1dio com a equipe, o piloto perdeu a cabe\u00e7a e proferiu diversos palavr\u00f5es. &#8220;Puta merda, cara! Porra, cara! Essa seria a porra da volta! Isso me irrita muito&#8221;, declarou.<\/p>\n","protected":false},"excerpt":{"rendered":"<p>Max Verstappen n\u00e3o ficou muito feliz com a bandeira vermelha causada pelo acidente de Charles Leclerc no fim da classifica\u00e7\u00e3o em M\u00f4naco. Mesmo assim, o holand\u00eas da Red Bull garantiu uma posi\u00e7\u00e3o na primeira fila do grid<\/p>\n","protected":false},"author":0,"featured_media":1000476356,"comment_status":"closed","ping_status":"closed","sticky":false,"template":"","format":"standard","meta":{"42wp_featured_image_caption":"","42wp_featured_image_credits":"","42wp_featured_video":"","42wp_featured_image_hidden":false,"42wp_authors_list":[],"footnotes":""},"categories":[2],"tags":[2311,25337,147,156,24837,25536,25072,203,25071,764,204,3381],"42wp_author":[47135],"class_list":["post-120973","post","type-post","status-publish","format-standard","has-post-thumbnail","hentry","category-f1","tag-bandeira-vermelha","tag-classificacao-2","tag-f1","tag-f1-2021","tag-formula-1-2","tag-formula-1-2021-2","tag-gp-de-monaco-2","tag-max-verstappen","tag-monaco-2","tag-monte-carlo","tag-red-bull","tag-treino","42wp_author-pedro-luis-cuenca"],"_links":{"self":[{"href":"https:\/\/grandepremio.com\/br\/wp-json\/wp\/v2\/posts\/120973","targetHints":{"allow":["GET"]}}],"collection":[{"href":"https:\/\/grandepremio.com\/br\/wp-json\/wp\/v2\/posts"}],"about":[{"href":"https:\/\/grandepremio.com\/br\/wp-json\/wp\/v2\/types\/post"}],"replies":[{"embeddable":true,"href":"https:\/\/grandepremio.com\/br\/wp-json\/wp\/v2\/comments?post=120973"}],"version-history":[{"count":0,"href":"https:\/\/grandepremio.com\/br\/wp-json\/wp\/v2\/posts\/120973\/revisions"}],"wp:featuredmedia":[{"embeddable":true,"href":"https:\/\/grandepremio.com\/br\/wp-json\/wp\/v2\/media\/1000476356"}],"wp:attachment":[{"href":"https:\/\/grandepremio.com\/br\/wp-json\/wp\/v2\/media?parent=120973"}],"wp:term":[{"taxonomy":"category","embeddable":true,"href":"https:\/\/grandepremio.com\/br\/wp-json\/wp\/v2\/categories?post=120973"},{"taxonomy":"post_tag","embeddable":true,"href":"https:\/\/grandepremio.com\/br\/wp-json\/wp\/v2\/tags?post=120973"},{"taxonomy":"42wp_author","embeddable":true,"href":"https:\/\/grandepremio.com\/br\/wp-json\/wp\/v2\/42wp_author?post=120973"}],"curies":[{"name":"wp","href":"https:\/\/api.w.org\/{rel}","templated":true}]}}