{"id":120984,"date":"2021-05-22T06:03:40","date_gmt":"2021-05-22T09:03:40","guid":{"rendered":"https:\/\/grandepremio.com\/br\/noticias\/sabado-em-monaco-molhado-chance-minima-chuva-para-classificacao-da-f1\/"},"modified":"2021-05-22T06:03:45","modified_gmt":"2021-05-22T09:03:45","slug":"sabado-em-monaco-molhado-chance-minima-chuva-para-classificacao-da-f1","status":"publish","type":"post","link":"https:\/\/grandepremio.com\/br\/f1\/sabado-em-monaco-molhado-chance-minima-chuva-para-classificacao-da-f1\/","title":{"rendered":"Meteorologia aponta chance m\u00ednima de chuva para classifica\u00e7\u00e3o da F1 em M\u00f4naco"},"content":{"rendered":"\n<figure class=\"wp-block-video\"><video class=\"video-js vjs-big-play-centered\" data-gp-vjs=\"1\" controls src=\"https:\/\/www.grandepremio.com\/br\/wp-content\/uploads\/2021\/05\/yt1s.com-F1-2021-Deluxe-Edition-Trailer_1080p-1.mp4\"><\/video><figcaption>Trailer dos personagens cl\u00e1ssicos do F1 2021 (V\u00eddeo: Codemasters)<\/figcaption><\/figure>\n\n\n\n<p class=\"wp-block-paragraph\">Quem assistiu \u00e0 <a href=\"https:\/\/www.grandepremio.com\/br\/f2\/noticias\/liam-lawson-vence-corrida-2-formula-2-no-molhado-em-monaco-brasileiros-nao-pontuam\/\">corrida 2 da F\u00f3rmula 2, neste s\u00e1bado (22) pela manh\u00e3<\/a>, se animou com a possibilidade de a classifica\u00e7\u00e3o do GP de M\u00f4naco de F\u00f3rmula 1 acontecer com pista molhada. Mas, de acordo com a previs\u00e3o do tempo para as pr\u00f3ximas horas, a chance de chuva durante a defini\u00e7\u00e3o do grid de largada nas ruas do Principado \u00e9 quase zero.<\/p>\n\n\n\n<p class=\"wp-block-paragraph\">Choveu o bastante nas primeiras horas da manh\u00e3 para molhar a pista e tornar dif\u00edcil a jornada dos pilotos da principal categoria de acesso \u00e0 F\u00f3rmula 1 nas primeiras voltas da corrida. Depois, com a passagem dos carros, o asfalto foi naturalmente secando. J\u00e1 na corrida da F\u00f3rmula Regional Europeia, iniciada pouco depois das 5h (de Bras\u00edlia), 10h pelo hor\u00e1rio local, o tra\u00e7ado j\u00e1 estava praticamente seco, apenas com alguns pequenos trechos mais \u00famidos.<\/p>\n\n\n\n<p class=\"wp-block-paragraph\">A tend\u00eancia \u00e9 que tal cen\u00e1rio permane\u00e7a para o treino livre 3 da F\u00f3rmula 1 em M\u00f4naco, a partir de 12h locais, 7h de Bras\u00edlia, e tamb\u00e9m para a classifica\u00e7\u00e3o, tr\u00eas horas mais tarde.<\/p>\n\n\n\n<figure class=\"wp-block-image size-large\"><img decoding=\"async\" src=\"https:\/\/www.grandepremio.com\/br\/wp-content\/uploads\/2021\/05\/E167eoKWEAIR8rd-1024x576.jpg\" alt=\"M\u00d4NACO; NUBLADO;\" class=\"wp-image-476273\"\/><figcaption>Previs\u00e3o do tempo para s\u00e1bado e domingo em M\u00f4naco \u00e9 de c\u00e9u nublado, mas chance de chuva \u00e9 m\u00ednima (Foto: Haas)<\/figcaption><\/figure>\n\n\n\n<p class=\"wp-block-paragraph\">Segundo o site especializado Weather Channel, o dia vai ser todo nublado, mas a chance de chuva tanto no treino livre 3 como tamb\u00e9m na classifica\u00e7\u00e3o ser\u00e1 de apenas 2%. Para o momento da defini\u00e7\u00e3o do grid de largada em M\u00f4naco, a meteorologia prev\u00ea temperatura ambiente e sensa\u00e7\u00e3o t\u00e9rmica de 18\u00baC e ventos razoavelmente fortes, de at\u00e9 14 km\/h, soprando na dire\u00e7\u00e3o Sul-Sudoeste.<\/p>\n\n\n\n<p class=\"wp-block-paragraph\">Tamb\u00e9m segundo o Weather Channel, a previs\u00e3o para o hor\u00e1rio da corrida, \u00e0s 15h locais, 10h de Bras\u00edlia neste domingo, \u00e9 de chance de chuva de apenas 2%, enquanto a temperatura ambiente vai ficar em torno de 19\u00baC.<\/p>\n\n\n\n<p class=\"wp-block-paragraph\">A F\u00f3rmula 1 volta a acelerar logo mais depois da habitual sexta-feira livre para eventos e a\u00e7\u00f5es de marketing em M\u00f4naco. Na quinta-feira, a Ferrari surpreendeu as favoritas Red Bull e Mercedes e cravou dobradinha no treino livre 2, o mais r\u00e1pido do dia, com Charles Leclerc \u00e0 frente e Carlos Sainz em segundo.<\/p>\n\n\n\n<p class=\"wp-block-paragraph\">O <strong>GRANDE PR\u00caMIO<\/strong> acompanha <a href=\"https:\/\/bit.ly\/TLMonacoGPF1\">AO VIVO e em TEMPO REAL<\/a> o treino livre 3 do GP de M\u00f4naco de F\u00f3rmula 1. <a href=\"https:\/\/www.grandepremio.com\/br\/f1\/\">Siga tudo aqui<\/a>.<\/p>\n\n\n\n<figure class=\"wp-block-embed is-type-video is-provider-youtube wp-block-embed-youtube wp-embed-aspect-16-9 wp-has-aspect-ratio\"><div class=\"wp-block-embed__wrapper\">\n<iframe loading=\"lazy\" title=\"&amp;apos;SILLY SEASON&amp;apos; DA F1 COME\u00c7A A DAR AS CARAS E MOVIMENTA MERCADO DE PILOTOS EM M\u00d4NACO | GP \u00c0S 10\" width=\"500\" height=\"281\" src=\"https:\/\/www.youtube.com\/embed\/fUEErUEK4tI?feature=oembed\" frameborder=\"0\" allow=\"accelerometer; autoplay; clipboard-write; encrypted-media; gyroscope; picture-in-picture; web-share\" referrerpolicy=\"strict-origin-when-cross-origin\" allowfullscreen><\/iframe>\n<\/div><\/figure>\n","protected":false},"excerpt":{"rendered":"<p>A corrida 2 da F\u00f3rmula 2 nas ruas do Principado come\u00e7ou com a pista molhada, mas o cen\u00e1rio clim\u00e1tico j\u00e1 \u00e9 bastante distinto para a sequ\u00eancia do s\u00e1bado em M\u00f4naco. A meteorologia indica que o dia como um todo vai ser bastante nublado, mas com chance quase zero de chuva<\/p>\n","protected":false},"author":0,"featured_media":1000476273,"comment_status":"closed","ping_status":"closed","sticky":false,"template":"","format":"standard","meta":{"42wp_featured_image_caption":"","42wp_featured_image_credits":"","42wp_featured_video":"","42wp_featured_image_hidden":false,"42wp_authors_list":[],"footnotes":""},"categories":[2],"tags":[147,156,24837,25536,24951,24836],"42wp_author":[47110],"class_list":["post-120984","post","type-post","status-publish","format-standard","has-post-thumbnail","hentry","category-f1","tag-f1","tag-f1-2021","tag-formula-1-2","tag-formula-1-2021-2","tag-formula-2-2","tag-grande-premio-2","42wp_author-fernando-silva"],"_links":{"self":[{"href":"https:\/\/grandepremio.com\/br\/wp-json\/wp\/v2\/posts\/120984","targetHints":{"allow":["GET"]}}],"collection":[{"href":"https:\/\/grandepremio.com\/br\/wp-json\/wp\/v2\/posts"}],"about":[{"href":"https:\/\/grandepremio.com\/br\/wp-json\/wp\/v2\/types\/post"}],"replies":[{"embeddable":true,"href":"https:\/\/grandepremio.com\/br\/wp-json\/wp\/v2\/comments?post=120984"}],"version-history":[{"count":0,"href":"https:\/\/grandepremio.com\/br\/wp-json\/wp\/v2\/posts\/120984\/revisions"}],"wp:featuredmedia":[{"embeddable":true,"href":"https:\/\/grandepremio.com\/br\/wp-json\/wp\/v2\/media\/1000476273"}],"wp:attachment":[{"href":"https:\/\/grandepremio.com\/br\/wp-json\/wp\/v2\/media?parent=120984"}],"wp:term":[{"taxonomy":"category","embeddable":true,"href":"https:\/\/grandepremio.com\/br\/wp-json\/wp\/v2\/categories?post=120984"},{"taxonomy":"post_tag","embeddable":true,"href":"https:\/\/grandepremio.com\/br\/wp-json\/wp\/v2\/tags?post=120984"},{"taxonomy":"42wp_author","embeddable":true,"href":"https:\/\/grandepremio.com\/br\/wp-json\/wp\/v2\/42wp_author?post=120984"}],"curies":[{"name":"wp","href":"https:\/\/api.w.org\/{rel}","templated":true}]}}