{"id":120999,"date":"2021-05-21T11:38:16","date_gmt":"2021-05-21T14:38:16","guid":{"rendered":"https:\/\/grandepremio.com\/br\/noticias\/carlos-reutemann-se-recupera-e-recebe-alta-de-hospital-em-rosario\/"},"modified":"2021-05-21T11:38:22","modified_gmt":"2021-05-21T14:38:22","slug":"carlos-reutemann-se-recupera-e-recebe-alta-de-hospital-em-rosario","status":"publish","type":"post","link":"https:\/\/grandepremio.com\/br\/f1\/carlos-reutemann-se-recupera-e-recebe-alta-de-hospital-em-rosario\/","title":{"rendered":"Reutemann se recupera ap\u00f3s duas semanas internado e recebe alta de hospital em Ros\u00e1rio"},"content":{"rendered":"\n<figure class=\"wp-block-video\"><video class=\"video-js vjs-big-play-centered\" data-gp-vjs=\"1\" controls src=\"https:\/\/www.grandepremio.com\/br\/wp-content\/uploads\/2021\/05\/Sotck-Interlagos-Di-Mauri.mp4\"><\/video><figcaption>Gaetano Di Mauro sofreu um forte acidente no final da corrida 2 em Interlagos (V\u00eddeo: SporTV)<\/figcaption><\/figure>\n\n\n\n<p class=\"wp-block-paragraph\">Carlos Reutemann completou o ciclo de recupera\u00e7\u00e3o depois de duas semanas internado e recebeu alta m\u00e9dica nesta sexta-feira (21) no Sanatorio Parque, hospital em que esteve nos \u00faltimos dias em Ros\u00e1rio, na Argentina. O vice-campe\u00e3o mundial de F\u00f3rmula 1 em 1981 e atualmente senador no seu pa\u00eds-natal <a href=\"https:\/\/www.grandepremio.com\/br\/f1\/noticias\/carlos-reutemann-melhora-e-deixa-unidade-de-terapia-intensiva-de-hospital-em-rosario\/\">ficou nove dias na unidade de terapia intensiva e, no \u00faltimo domingo, foi transferido para um quarto, onde foi fotografado pela filha mais nova, Mariana, lendo um jornal<\/a>.<\/p>\n\n\n\n<p class=\"wp-block-paragraph\">O <a href=\"https:\/\/www.grandepremio.com\/br\/f1\/noticias\/reutemann-e-internado-em-uti-de-hospital-na-argentina-com-quadro-de-anemia\/\">pol\u00edtico e ex-piloto esteve internado desde 6 de maio. <\/a>Em princ\u00edpio, Reutemann ficou em um hospital na cidade de Santa Fe para tratar de um quadro de anemia, eventual consequ\u00eancia de uma opera\u00e7\u00e3o para tratar de um c\u00e2ncer no f\u00edgado durante cirurgia de cerca de sete horas em 2017 em Nova York.<\/p>\n\n\n\n<p class=\"wp-block-paragraph\">Contudo, o estado de sa\u00fade de Reutemann se agravou nos \u00faltimos dias, o que levou a uma transfer\u00eancia para um centro de sa\u00fade de maior complexidade, em Ros\u00e1rio. Carlos apresentou hemorragia digestiva e descompensa\u00e7\u00e3o hemodin\u00e2mica, cen\u00e1rio cl\u00ednico que motivou sua interna\u00e7\u00e3o na UTI do Sanatorio Parque, onde esteve at\u00e9 o \u00faltimo domingo.<\/p>\n\n\n\n<figure class=\"wp-block-image size-large\"><img decoding=\"async\" src=\"https:\/\/www.grandepremio.com\/br\/wp-content\/uploads\/2021\/05\/CarlosReutemann-e1621257708371-1024x631.jpg\" alt=\"CARLOS REUTEMANN; MELHORA; HOSPITAL; ROS\u00c1RIO;\" class=\"wp-image-474940\"\/><figcaption>Carlos Reutemann est\u00e1 plenamente recuperado ap\u00f3s duas semanas internado e recebeu alta m\u00e9dica (Foto: Mariana Reutemann\/Twitter)<\/figcaption><\/figure>\n\n\n\n<p class=\"wp-block-paragraph\"><strong>Conhe\u00e7a o canal do Grande Pr\u00eamio no YouTube! Clique\u00a0<a target=\"_blank\" href=\"https:\/\/youtube.com\/GrandePremioTV\" rel=\"noreferrer noopener\">aqui<\/a>.<\/strong><br><strong>Siga o Grande Pr\u00eamio no\u00a0<a target=\"_blank\" href=\"https:\/\/twitter.com\/grandepremio\" rel=\"noreferrer noopener\">Twitter\u00a0<\/a>e no\u00a0<a target=\"_blank\" href=\"https:\/\/instagram.com\/grandepremio\" rel=\"noreferrer noopener\">Instagram<\/a>!<\/strong><\/p>\n\n\n\n<p class=\"wp-block-paragraph\">Ao longo deste processo, <a href=\"https:\/\/www.grandepremio.com\/br\/f1\/noticias\/boletim-medico-indica-carlos-reutemann-estavel-lucido-sem-sangramentos-internos\/\">Carlos evoluiu bem, segundo informou o boletim m\u00e9dico emitido em 12 de maio<\/a>.<\/p>\n\n\n\n<p class=\"wp-block-paragraph\">\u201cO paciente est\u00e1 hospitalizado na UTI, l\u00facido, em comunica\u00e7\u00e3o com o ambiente e sem outras fal\u00eancias de \u00f3rg\u00e3os. N\u00e3o h\u00e1 sinais de sangramento no sistema digestivo desde o procedimento de endoscopia realizado ontem\u201d, descreveu o hospital naquela data.<\/p>\n\n\n\n<p class=\"wp-block-paragraph\">A evolu\u00e7\u00e3o foi confirmada nos \u00faltimos dias, em que o ex-piloto esteve sob observa\u00e7\u00e3o at\u00e9 ter sua alta oficializada nesta sexta-feira.<\/p>\n\n\n\n<p class=\"wp-block-paragraph\">Carlos Alberto Reutemann tem um hist\u00f3rico laureado na F\u00f3rmula 1. O argentino estreou no Mundial em casa, no GP da Argentina de 1972, pela Brabham, time que defendeu at\u00e9 1976. O primeiro p\u00f3dio aconteceu no GP da Fran\u00e7a de 1973 e a primeira vit\u00f3ria no GP da \u00c1frica do Sul, no ano seguinte.<\/p>\n\n\n\n<p class=\"wp-block-paragraph\">\u2018Lole\u2019 tamb\u00e9m correu pela Ferrari, Lotus e Williams e foi um grande rival de <a href=\"https:\/\/www.grandepremio.com\/br\/f1\/noticias\/na-garagem-piquet-derrota-reutemann-em-las-vegas-e-alcanca-titulo-da-f1\/\">Nelson Piquet na campanha do t\u00edtulo na temporada de 1981, que o brasileiro levou a melhor por apenas 1 ponto de vantagem<\/a>. Carlos deixou a F\u00f3rmula 1 em 1982, depois do GP do Brasil. Foi o \u00faltimo argentino a subir no p\u00f3dio e pontuar no Mundial.<\/p>\n\n\n\n<p class=\"wp-block-paragraph\">Na \u00faltima segunda-feira, Reutemann completou 40 anos da sua \u00faltima vit\u00f3ria como piloto de F1. Dono de 12 triunfos, 45 p\u00f3dios e seis poles no Mundial, o argentino subiu ao topo do p\u00f3dio em 17 de maio de 1981 com a Williams no GP da B\u00e9lgica, realizado em Zolder, dividindo o top-3 com Jacques Laffite e Nigel Mansell.<\/p>\n\n\n\n<p class=\"wp-block-paragraph\">Atualmente, Reutemann est\u00e1 em seu \u00faltimo ano de mandato como senador pelo partido Cambiemos e n\u00e3o deve concorrer novamente.<\/p>\n\n\n\n<figure class=\"wp-block-embed is-type-video is-provider-youtube wp-block-embed-youtube wp-embed-aspect-16-9 wp-has-aspect-ratio\"><div class=\"wp-block-embed__wrapper\">\n<iframe loading=\"lazy\" title=\"&amp;apos;SILLY SEASON&amp;apos; DA F1 COME\u00c7A A DAR AS CARAS E MOVIMENTA MERCADO DE PILOTOS EM M\u00d4NACO | GP \u00c0S 10\" width=\"500\" height=\"281\" src=\"https:\/\/www.youtube.com\/embed\/fUEErUEK4tI?feature=oembed\" frameborder=\"0\" allow=\"accelerometer; autoplay; clipboard-write; encrypted-media; gyroscope; picture-in-picture; web-share\" referrerpolicy=\"strict-origin-when-cross-origin\" allowfullscreen><\/iframe>\n<\/div><\/figure>\n\n\n\n<p class=\"wp-block-paragraph\"><\/p>\n","protected":false},"excerpt":{"rendered":"<p>Carlos Reutemann est\u00e1 oficialmente de alta m\u00e9dica. A not\u00edcia foi anunciada nesta sexta-feira pelo Sanatorio Parque, em Ros\u00e1rio, onde o ex-piloto e senador da Argentina esteve internado nos \u00faltimos dias<\/p>\n","protected":false},"author":0,"featured_media":1000471384,"comment_status":"closed","ping_status":"closed","sticky":false,"template":"","format":"standard","meta":{"42wp_featured_image_caption":"","42wp_featured_image_credits":"","42wp_featured_video":"","42wp_featured_image_hidden":false,"42wp_authors_list":[],"footnotes":""},"categories":[2],"tags":[2838,147,156,24837,25536,24836],"42wp_author":[47110],"class_list":["post-120999","post","type-post","status-publish","format-standard","has-post-thumbnail","hentry","category-f1","tag-carlos-reutemann","tag-f1","tag-f1-2021","tag-formula-1-2","tag-formula-1-2021-2","tag-grande-premio-2","42wp_author-fernando-silva"],"_links":{"self":[{"href":"https:\/\/grandepremio.com\/br\/wp-json\/wp\/v2\/posts\/120999","targetHints":{"allow":["GET"]}}],"collection":[{"href":"https:\/\/grandepremio.com\/br\/wp-json\/wp\/v2\/posts"}],"about":[{"href":"https:\/\/grandepremio.com\/br\/wp-json\/wp\/v2\/types\/post"}],"replies":[{"embeddable":true,"href":"https:\/\/grandepremio.com\/br\/wp-json\/wp\/v2\/comments?post=120999"}],"version-history":[{"count":0,"href":"https:\/\/grandepremio.com\/br\/wp-json\/wp\/v2\/posts\/120999\/revisions"}],"wp:featuredmedia":[{"embeddable":true,"href":"https:\/\/grandepremio.com\/br\/wp-json\/wp\/v2\/media\/1000471384"}],"wp:attachment":[{"href":"https:\/\/grandepremio.com\/br\/wp-json\/wp\/v2\/media?parent=120999"}],"wp:term":[{"taxonomy":"category","embeddable":true,"href":"https:\/\/grandepremio.com\/br\/wp-json\/wp\/v2\/categories?post=120999"},{"taxonomy":"post_tag","embeddable":true,"href":"https:\/\/grandepremio.com\/br\/wp-json\/wp\/v2\/tags?post=120999"},{"taxonomy":"42wp_author","embeddable":true,"href":"https:\/\/grandepremio.com\/br\/wp-json\/wp\/v2\/42wp_author?post=120999"}],"curies":[{"name":"wp","href":"https:\/\/api.w.org\/{rel}","templated":true}]}}