{"id":121056,"date":"2021-05-19T12:53:27","date_gmt":"2021-05-19T15:53:27","guid":{"rendered":"https:\/\/grandepremio.com\/br\/noticias\/dona-da-mercedes-confirma-interesse-saida-formula-1-depois-temporada-2021\/"},"modified":"2021-05-20T20:53:19","modified_gmt":"2021-05-20T23:53:19","slug":"dona-da-mercedes-confirma-interesse-saida-formula-1-depois-temporada-2021","status":"publish","type":"post","link":"https:\/\/grandepremio.com\/br\/f1\/dona-da-mercedes-confirma-interesse-saida-formula-1-depois-temporada-2021\/","title":{"rendered":"Dona da Mercedes confirma interesse de sa\u00edda da F\u00f3rmula 1 depois da temporada 2021"},"content":{"rendered":"\n<p class=\"wp-block-paragraph\">\ud83c\uddea\ud83c\uddf8 <a href=\"https:\/\/granprem.io\/f1\/propietaria-de-mercedes-confirma-interes-en-salida-de-la-f1-luego-de-2021\/\" target=\"_blank\" rel=\"noreferrer noopener\">Leia esta not\u00edcia em espanhol no GRAN PREMIO<\/a>.<\/p>\n\n\n\n<figure class=\"wp-block-embed is-type-video is-provider-youtube wp-block-embed-youtube wp-embed-aspect-16-9 wp-has-aspect-ratio\"><div class=\"wp-block-embed__wrapper\">\n<iframe loading=\"lazy\" title=\"FERRARI NA FRENTE? SURPRESA NO PRIMEIRO DIA DE TREINOS LIVRES DA F1 EM M\u00d4NACO | WGP\" width=\"500\" height=\"281\" src=\"https:\/\/www.youtube.com\/embed\/4L34MwEc9Ng?feature=oembed\" frameborder=\"0\" allow=\"accelerometer; autoplay; clipboard-write; encrypted-media; gyroscope; picture-in-picture; web-share\" referrerpolicy=\"strict-origin-when-cross-origin\" allowfullscreen><\/iframe>\n<\/div><figcaption><strong>A an\u00e1lise dos treinos livres da F1 em M\u00f4naco: ASSISTA AQUI<\/strong><\/figcaption><\/figure>\n\n\n\n<p class=\"wp-block-paragraph\">A Daimler, companhia que \u00e9 propriet\u00e1ria da Mercedes, revelou em um relat\u00f3rio financeiro interno que vai vender sua parte acion\u00e1ria da equipe e, na pr\u00e1tica, preparar o terreno para sair da <strong><a href=\"https:\/\/www.grandepremio.com\/br\/f1\/\">F\u00f3rmula 1<\/a><\/strong>. O relat\u00f3rio veio \u00e0 tona nesta quarta-feira (19) e, de cara, coloca em d\u00favida como ser\u00e1 a continuidade da equipe que domina a categoria desde a temporada 2014.<\/p>\n\n\n\n<p class=\"wp-block-paragraph\">&#8220;N\u00f3s assumimos o compromisso de sair no primeiro semestre de 2021 e, ap\u00f3s isso, esperamos que a Daimler n\u00e3o ter\u00e1 mais o controle da equipe da F\u00f3rmula 1&#8221;, dizia um trecho do informe.<\/p>\n\n\n\n<figure class=\"wp-block-image size-large\"><img decoding=\"async\" src=\"https:\/\/www.grandepremio.com\/br\/wp-content\/uploads\/2020\/05\/000_99H4MW-1024x683.jpg\" alt=\"\" class=\"wp-image-471653\"\/><figcaption>A Mercedes fez hist\u00f3ria na F\u00f3rmula 1, mas agora lida com futuro incerto (Foto: AFP)<\/figcaption><\/figure>\n\n\n\n<p class=\"wp-block-paragraph\">No fim do ano passado, a Daimler repartiu o controle acion\u00e1rio da equipe, dividindo-o igualitariamente em tr\u00eas partes de 33,3% cada uma. Al\u00e9m da companhia, o chefe Toto Wolff e a patrocinadora Ineos, petroqu\u00edmica inglesa, participam desta composi\u00e7\u00e3o.<\/p>\n\n\n\n<p class=\"wp-block-paragraph\">N\u00e3o se espera, no entanto, que a Daimler venda toda sua parte acion\u00e1ria, restando \u00e0 empresa alguma divis\u00e3o significativa. O mesmo n\u00e3o se pode entender com rela\u00e7\u00e3o ao nome da equipe, j\u00e1 que a Mercedes em si n\u00e3o ser\u00e1 mais a marca dominante. Os acordos para fornecimento de motores a McLaren, Aston Martin e Williams n\u00e3o sofrer\u00e3o qualquer mudan\u00e7a por conta da decis\u00e3o da Daimler.<\/p>\n\n\n\n<p class=\"wp-block-paragraph\">Dias atr\u00e1s, a Red Bull anunciou a contrata\u00e7\u00e3o de seis engenheiros para forma\u00e7\u00e3o da equipe que vai cuidar da Red Bull Powertrains, a parte da equipe que vai cuidar dos motores Honda a partir da pr\u00f3xima temporada.<\/p>\n\n\n\n<p class=\"wp-block-paragraph\"><strong>Conhe\u00e7a o canal do Grande Pr\u00eamio no YouTube! Clique&nbsp;<a target=\"_blank\" href=\"https:\/\/youtube.com\/GrandePremioTV\" rel=\"noreferrer noopener\">aqui<\/a>.<\/strong><br><strong>Siga o Grande Pr\u00eamio no&nbsp;<a target=\"_blank\" href=\"https:\/\/twitter.com\/grandepremio\" rel=\"noreferrer noopener\">Twitter&nbsp;<\/a>e no&nbsp;<a target=\"_blank\" href=\"https:\/\/instagram.com\/grandepremio\" rel=\"noreferrer noopener\">Instagram<\/a>!<\/strong><\/p>\n\n\n\n<figure class=\"wp-block-image size-large\"><img decoding=\"async\" src=\"https:\/\/www.grandepremio.com\/br\/wp-content\/uploads\/2020\/05\/M260844-1024x683.jpg\" alt=\"TOTO WOLFF; MERCEDES; GP DO BAHREIN;\" class=\"wp-image-461043\"\/><figcaption>Toto Wolff ajudou a construir o imp\u00e9rio da Mercedes na F\u00f3rmula 1 (Foto: Mercedes)<\/figcaption><\/figure>\n\n\n\n<p class=\"wp-block-paragraph\">O futuro da Mercedes na F\u00f3rmula 1 \u00e9 frequentemente alvo de rumores. O mais recente deles veio em 2020, quando <strong><a href=\"https:\/\/www.grandepremio.com\/br\/f1\/noticias\/jordan-afirma-que-patrocinador-vai-comprar-e-mudar-nome-da-mercedes-na-f1\/\">Eddie Jordan afirmou que a escuderia seria vendida para a Ineos<\/a><\/strong>, uma das patrocinadoras. De acordo com o ex-dirigente, o bilion\u00e1rio Jim Ratcliffe estaria disposto a fazer um investimento para comprar 70% da atual campe\u00e3 de F1. Jordan n\u00e3o deu prazo para a aquisi\u00e7\u00e3o acontecer, mas o assunto perdeu for\u00e7a nos meses seguintes. Toto Wolff veio a p\u00fablico para dizer que a <strong><a href=\"https:\/\/www.grandepremio.com\/br\/f1\/noticias\/mercedes-desmente-rumor-sobre-venda-para-patrocinador-muitas-coisas-sao-inventadas\/\">informa\u00e7\u00e3o foi fabricada<\/a><\/strong> e reafirmar compromisso com a principal categoria do automobilismo. Al\u00e9m disso, a\u00e7\u00f5es como renova\u00e7\u00e3o de contrato com Lewis Hamilton e desenvolvimento de pilotos como George Russell de olho no longo prazo indicam um interesse de seguir no grid.<\/p>\n\n\n\n<p class=\"wp-block-paragraph\">A Mercedes tem equipe de f\u00e1brica na F1 desde 2010, quando assumiu a gest\u00e3o da Brawn. Antes disso, est\u00e1 desde 1994 ininterruptamente no grid como fornecedora de motores. Essa era ficou marcada pela alian\u00e7a com a McLaren, que durou entre 1995 e 2014.<\/p>\n\n\n\n<figure class=\"wp-block-video\"><video class=\"video-js vjs-big-play-centered\" data-gp-vjs=\"1\" controls src=\"https:\/\/www.grandepremio.com\/br\/wp-content\/uploads\/2021\/05\/yt1s.com-F1-2021-Deluxe-Edition-Trailer_1080p-1.mp4\"><\/video><figcaption>Trailer dos personagens cl\u00e1ssicos do F1 2021 (V\u00eddeo: Codemasters)<\/figcaption><\/figure>\n","protected":false},"excerpt":{"rendered":"<p>Relat\u00f3rio interno da Daimler aponta que o plano \u00e9 vender as a\u00e7\u00f5es, embora a equipe em si se mantenha na categoria<\/p>\n","protected":false},"author":0,"featured_media":1000468997,"comment_status":"closed","ping_status":"closed","sticky":false,"template":"","format":"standard","meta":{"42wp_featured_image_caption":"","42wp_featured_image_credits":"","42wp_featured_video":"","42wp_featured_image_hidden":false,"42wp_authors_list":[],"footnotes":""},"categories":[2],"tags":[16381,156,24837,87,82,612],"42wp_author":[47136],"class_list":["post-121056","post","type-post","status-publish","format-standard","has-post-thumbnail","hentry","category-f1","tag-daimler","tag-f1-2021","tag-formula-1-2","tag-lewis-hamilton","tag-mercedes","tag-valtteri-bottas","42wp_author-victor-martins"],"_links":{"self":[{"href":"https:\/\/grandepremio.com\/br\/wp-json\/wp\/v2\/posts\/121056","targetHints":{"allow":["GET"]}}],"collection":[{"href":"https:\/\/grandepremio.com\/br\/wp-json\/wp\/v2\/posts"}],"about":[{"href":"https:\/\/grandepremio.com\/br\/wp-json\/wp\/v2\/types\/post"}],"replies":[{"embeddable":true,"href":"https:\/\/grandepremio.com\/br\/wp-json\/wp\/v2\/comments?post=121056"}],"version-history":[{"count":0,"href":"https:\/\/grandepremio.com\/br\/wp-json\/wp\/v2\/posts\/121056\/revisions"}],"wp:featuredmedia":[{"embeddable":true,"href":"https:\/\/grandepremio.com\/br\/wp-json\/wp\/v2\/media\/1000468997"}],"wp:attachment":[{"href":"https:\/\/grandepremio.com\/br\/wp-json\/wp\/v2\/media?parent=121056"}],"wp:term":[{"taxonomy":"category","embeddable":true,"href":"https:\/\/grandepremio.com\/br\/wp-json\/wp\/v2\/categories?post=121056"},{"taxonomy":"post_tag","embeddable":true,"href":"https:\/\/grandepremio.com\/br\/wp-json\/wp\/v2\/tags?post=121056"},{"taxonomy":"42wp_author","embeddable":true,"href":"https:\/\/grandepremio.com\/br\/wp-json\/wp\/v2\/42wp_author?post=121056"}],"curies":[{"name":"wp","href":"https:\/\/api.w.org\/{rel}","templated":true}]}}