{"id":121127,"date":"2021-05-16T19:07:02","date_gmt":"2021-05-16T22:07:02","guid":{"rendered":"https:\/\/grandepremio.com\/br\/noticias\/daniel-serra-mantem-lideranca-stock-car-rubens-barrichello-punido-interlagos\/"},"modified":"2021-05-16T19:08:50","modified_gmt":"2021-05-16T22:08:50","slug":"daniel-serra-mantem-lideranca-stock-car-rubens-barrichello-punido-interlagos","status":"publish","type":"post","link":"https:\/\/grandepremio.com\/br\/stock-car\/daniel-serra-mantem-lideranca-stock-car-rubens-barrichello-punido-interlagos\/","title":{"rendered":"Serra segue l\u00edder da Stock Car e Barrichello \u00e9 punido em Interlagos. Confira classifica\u00e7\u00e3o"},"content":{"rendered":"\n<figure class=\"wp-block-video\"><video class=\"video-js vjs-big-play-centered\" data-gp-vjs=\"1\" controls src=\"https:\/\/www.grandepremio.com\/br\/wp-content\/uploads\/2021\/05\/Sotck-Interlagos-Di-Mauri.mp4\"><\/video><figcaption>Di Mauro sofreu um forte acidente no final da corrida 2 em Interlagos (V\u00eddeo: SporTV)<\/figcaption><\/figure>\n\n\n\n<p class=\"wp-block-paragraph\">Daniel Serra foi oficializado como l\u00edder da temporada 2021 da Stock Car, posi\u00e7\u00e3o mantida em rela\u00e7\u00e3o ao desfecho da rodada dupla de Goi\u00e2nia, tamb\u00e9m com o t\u00e9rmino da etapa de Interlagos, neste domingo I16). Na <a href=\"https:\/\/www.grandepremio.com\/br\/stock-car\/noticias\/bruno-baptista-iguala-daniel-serra-lideranca-stock-car-etapa-de-interlagos\/\">primeira pontua\u00e7\u00e3o divulgada pela categoria, ainda em car\u00e1ter extraoficial<\/a>, o tricampe\u00e3o estava empatado com Bruno Baptista na lideran\u00e7a, os dois com 64 pontos, mas com Serra na frente em raz\u00e3o dos crit\u00e9rios de desempate, j\u00e1 que venceu uma corrida neste campeonato. Mas a tabela definitiva traz ligeiras mudan\u00e7as na pontua\u00e7\u00e3o e compreende tamb\u00e9m as puni\u00e7\u00f5es impostas a Rubens Barrichello e Guga Lima.<\/p>\n\n\n\n<p class=\"wp-block-paragraph\">Em raz\u00e3o de uma regra que determina que um piloto n\u00e3o-filiado \u00e0 Codasur (Confedera\u00e7\u00e3o Sul-Americana de Automobilismo) n\u00e3o pode pontuar em competi\u00e7\u00f5es chanceladas pela entidade, Ant\u00f3nio F\u00e9lix da Costa n\u00e3o somou os 24 pontos em raz\u00e3o do triunfo na corrida 2 no circuito paulistano. Em princ\u00edpio, Serra manteve os 20 tentos pelo segundo lugar, mas na verdade o piloto da RC Eurofarma herdou a pontua\u00e7\u00e3o destinada ao lusitano companheiro de equipe, ainda que declarado como segundo colocado na corrida. <\/p>\n\n\n\n<p class=\"wp-block-paragraph\">No topo da tabela, dos 64 que chegou a ter logo depois da corrida, Daniel agora tem 68 pontos no campeonato, 3 a mais que Baptista, vice-l\u00edder da tabela. Salas, terceiro colocado na corrida, assumiu a pontua\u00e7\u00e3o do segundo colocado e somou 20 ao inv\u00e9s de 18 pontos. O mesmo para Ricardo Zonta, quarto colocado, que acumulou os 18 tentos relativos ao terceiro lugar e assim por diante.<\/p>\n\n\n\n<figure class=\"wp-block-image size-large\"><img decoding=\"async\" src=\"https:\/\/www.grandepremio.com\/br\/wp-content\/uploads\/2021\/05\/DanielSerraStockCarInterlagos-1024x682.jpg\" alt=\"DANIEL SERRA; STOCK CAR; P\u00d3DIO; CORRIDA 2; INTERLAGOS;\" class=\"wp-image-474795\"\/><figcaption>Daniel Serra segue l\u00edder do campeonato depois da rodada dupla de Interlagos (Foto: Duda Bairros\/Vicar)<\/figcaption><\/figure>\n\n\n\n<p class=\"wp-block-paragraph\">As demais posi\u00e7\u00f5es do top-10 foram mantidas, ainda que com pequenas varia\u00e7\u00f5es em termos de pontua\u00e7\u00e3o. \u00c1tila Abreu, da nova equipe da Stock Car, a Pole Motorsport, patrocinada pela Shell, est\u00e1 em terceiro e soma 63 pontos \u2014 n\u00e3o mais 62 \u2014, 1 a mais que C\u00e9sar Ramos, da A.Matheis Ipiranga. O ga\u00facho, quarto colocado, \u00e9 seguido por outra surpresa na tabela de pontos neste ainda princ\u00edpio de campeonato: Denis Navarro, da Cavaleiro, que tem 58 tentos depois da boa etapa neste fim de semana em Interlagos.<\/p>\n\n\n\n<p class=\"wp-block-paragraph\">Dono da pole e de uma vit\u00f3ria dram\u00e1tica neste domingo no aut\u00f3dromo paulistano, Gabriel Casagrande, da Vogel\/A.Mattheis, subiu bem na tabela e tem agora 56 pontos. O paranaense \u00e9 seguido por dois nomes de enorme peso na Stock Car: Thiago Camilo, da A.Mattheis\/Ipiranga, em s\u00e9timo com 47, e Cac\u00e1 Bueno, pentacampe\u00e3o da categoria e piloto da Crown Racing, com 46.<\/p>\n\n\n\n<p class=\"wp-block-paragraph\">Galid Osman, que perdeu grande chance at\u00e9 de vencer neste domingo na corrida 2 com o carro #28 da Pole Motorsport, \u00e9 o nono e tem 45 tentos, contra 70 de Diego Nunes, da Blau, que soma 40.<\/p>\n\n\n\n<p class=\"wp-block-paragraph\">Preju\u00edzo maior, em termos de busca pelo t\u00edtulo, tiveram dois pilotos. Fora da rodada dupla em Interlagos depois de ter testado positivo para Covid-19, Ricardo Maur\u00edcio, o atual campe\u00e3o da Stock Car estacionou nos 29 pontos e est\u00e1 em 16\u00ba lugar, atr\u00e1s de Rafael Suzuki. O piloto de 42 anos, segundo informa\u00e7\u00f5es da assessoria de imprensa da RC Eurofarma, apresenta leve quadro de pneumonia ap\u00f3s realizar novos exames.<\/p>\n\n\n\n<figure class=\"wp-block-image size-large\"><img decoding=\"async\" src=\"https:\/\/www.grandepremio.com\/br\/wp-content\/uploads\/2021\/05\/Bruno-Baptista_2aet_StockCar_02_credito_Vanderley-Soares_Hyset-683x1024.jpg\" alt=\"\" class=\"wp-image-474816\"\/><figcaption>Bruno Baptista segue em posi\u00e7\u00e3o de enorme destaque como vice-l\u00edder do campeonato (Foto: Vanderley Soares)<\/figcaption><\/figure>\n\n\n\n<p class=\"wp-block-paragraph\">Gaetano di Mauro, v\u00edtima de grav\u00edssimo acidente no fim da corrida 2, quando lutava por um lugar no p\u00f3dio, se manteve com 34 pontos, mas caiu de segundo para 13\u00ba na tabela.<\/p>\n\n\n\n<p class=\"wp-block-paragraph\">J\u00e1 o substituto de Maur\u00edcio em Interlagos, Ant\u00f3nio F\u00e9lix da Costa, fez hist\u00f3ria ao ser o primeiro piloto estrangeiro a vencer de forma individual na Stock Car. No entanto, em raz\u00e3o de uma regra descrita no Artigo 4.3, inciso II, do Regulamento Desportivo determinado pela Confedera\u00e7\u00e3o Brasileira de Automobilismo para a Stock Car, pilotos n\u00e3o-filiados \u00e0 Codasur (Confedera\u00e7\u00e3o Sul-Americana de Automobilismo) podem participar de competi\u00e7\u00f5es como a Stock Car, mas n\u00e3o pontuam, como \u00e9 o caso de F\u00e9lix da Costa.<\/p>\n\n\n\n<p class=\"wp-block-paragraph\">Felipe Massa e Tony Kanaan, que fazem suas respectivas temporadas de estreia na Stock Car, pontuaram pela primeira vez no campeonato neste domingo. O vice-campe\u00e3o mundial de F1 em 2008 com a Ferrari tem 22 pontos e \u00e9 o 18\u00ba colocado no campeonato com a equipe Lubrax Podium, enquanto Kanaan, da Full Time, est\u00e1 em 22\u00ba e tem 11 tentos.<\/p>\n\n\n\n<p class=\"wp-block-paragraph\">Rubens Barrichello, em contrapartida, teve um fim de semana para esquecer. O piloto foi considerado culpado pelo incidente que envolveu tamb\u00e9m Marcos Gomes e Cac\u00e1 Bueno no fim da Reta Oposta no in\u00edcio da corrida 1, foi exclu\u00eddo pelos comiss\u00e1rios de prova e sofreu puni\u00e7\u00e3o ainda mais dura: a perda de todas as posi\u00e7\u00f5es do grid de largada da corrida 1 da pr\u00f3xima etapa, em 19 de junho, no Velocitta, em Mogi-Gua\u00e7u, interior de S\u00e3o Paulo. Barrichello soma apenas 3 pontos no campeonato.<\/p>\n\n\n\n<p class=\"wp-block-paragraph\">Da mesma forma, Guga Lima foi exclu\u00eddo por ter causado o incidente com Christian Hahn no come\u00e7o da corrida 2 em Interlagos. O piloto da A.Mattheis\/Vogel, companheiro de equipe de Casagrande, tamb\u00e9m perdeu todas as posi\u00e7\u00f5es do grid da corrida 1 da etapa do Velocitta, assim como Barrichello.<\/p>\n\n\n\n<p class=\"wp-block-paragraph\"><strong>Stock Car 2021, classifica\u00e7\u00e3o ap\u00f3s quatro corridas (oficial):<\/strong><\/p>\n\n\n\n<figure class=\"wp-block-table\"><table><tbody><tr><td>&nbsp;<\/td><td>&nbsp;<\/td><td>&nbsp;<\/td><td>&nbsp;<\/td><td>&nbsp;<\/td><td>Poles<\/td><td>Vit\u00f3rias<\/td><td>Pontos<\/td><\/tr><tr><td>1<\/td><td>29<\/td><td>D SERRA<\/td><td>&nbsp;<\/td><td>RC EUROFARMA CHEVROLET<\/td><td>&#8211;<\/td><td>1<\/td><td>68<\/td><\/tr><tr><td>2<\/td><td>44<\/td><td>B BAPTISTA<\/td><td>&nbsp;<\/td><td>RCM TOYOTA<\/td><td>&#8211;<\/td><td>&#8211;<\/td><td>65<\/td><\/tr><tr><td>3<\/td><td>51<\/td><td>A ABREU<\/td><td>&nbsp;<\/td><td>POLE\/SHELL CHEVROLET<\/td><td>&#8211;<\/td><td>&#8211;<\/td><td>63<\/td><\/tr><tr><td>4<\/td><td>30<\/td><td>C RAMOS<\/td><td>&nbsp;<\/td><td>IPIRANGA TOYOTA<\/td><td>&#8211;<\/td><td>&#8211;<\/td><td>62<\/td><\/tr><tr><td>5<\/td><td>5<\/td><td>D NAVARRO<\/td><td>&nbsp;<\/td><td>CAVALEIRO CHEVROLET<\/td><td>&#8211;<\/td><td>&#8211;<\/td><td>58<\/td><\/tr><tr><td>6<\/td><td>83<\/td><td>G CASAGRANDE<\/td><td>&nbsp;<\/td><td>VOGEL CHEVROLET<\/td><td>1<\/td><td>1<\/td><td>56<\/td><\/tr><tr><td>7<\/td><td>21<\/td><td>T CAMILO<\/td><td>&nbsp;<\/td><td>IPIRANGA TOYOTA<\/td><td>&#8211;<\/td><td>&#8211;<\/td><td>47<\/td><\/tr><tr><td>8<\/td><td>0<\/td><td>C BUENO<\/td><td>&nbsp;<\/td><td>CROWN CHEVROLET<\/td><td>1<\/td><td>&#8211;<\/td><td>46<\/td><\/tr><tr><td>9<\/td><td>28<\/td><td>G OSMAN<\/td><td>&nbsp;<\/td><td>POLE\/SHELL CHEVROLET<\/td><td>&#8211;<\/td><td>&#8211;<\/td><td>45<\/td><\/tr><tr><td>10<\/td><td>70<\/td><td>D NUNES<\/td><td>&nbsp;<\/td><td>BLAU CHEVROLET<\/td><td>&#8211;<\/td><td>&#8211;<\/td><td>40<\/td><\/tr><tr><td>11<\/td><td>85<\/td><td>G SALAS<\/td><td>&nbsp;<\/td><td>KTF CHEVROLET<\/td><td>&#8211;<\/td><td>&#8211;<\/td><td>39<\/td><\/tr><tr><td>12<\/td><td>18<\/td><td>A KHODAIR<\/td><td>&nbsp;<\/td><td>BLAU CHEVROLET<\/td><td>&#8211;<\/td><td>&#8211;<\/td><td>37<\/td><\/tr><tr><td>13<\/td><td>11<\/td><td>G DI MAURO<\/td><td>&nbsp;<\/td><td>KTF RACING CHEVROLET<\/td><td>&#8211;<\/td><td>&#8211;<\/td><td>34<\/td><\/tr><tr><td>14<\/td><td>10<\/td><td>R ZONTA<\/td><td>&nbsp;<\/td><td>RCM TOYOTA<\/td><td>&#8211;<\/td><td>&#8211;<\/td><td>32<\/td><\/tr><tr><td>15<\/td><td>8<\/td><td>R SUZUKI<\/td><td>&nbsp;<\/td><td>FULL TIME BASSANI TOYOTA<\/td><td>&#8211;<\/td><td>&#8211;<\/td><td>29<\/td><\/tr><tr><td>16<\/td><td>90<\/td><td>R MAUR\u00cdCIO<\/td><td>&nbsp;<\/td><td>RC EUROFARMA CHEVROLET<\/td><td>&#8211;<\/td><td>1<\/td><td>29<\/td><\/tr><tr><td>17<\/td><td>43<\/td><td>P CARDOSO<\/td><td>&nbsp;<\/td><td>KTF RACING CHEVROLET<\/td><td>&#8211;<\/td><td>&#8211;<\/td><td>27<\/td><\/tr><tr><td>18<\/td><td>91<\/td><td>F MASSA<\/td><td>&nbsp;<\/td><td>LUBRAX PODIUM CHEVROLET<\/td><td>&#8211;<\/td><td>&#8211;<\/td><td>22<\/td><\/tr><tr><td>19<\/td><td>4<\/td><td>J CAMPOS<\/td><td>&nbsp;<\/td><td>LUBRAX PODIUM CHEVROLET<\/td><td>&#8211;<\/td><td>&#8211;<\/td><td>20<\/td><\/tr><tr><td>20<\/td><td>12<\/td><td>L FORESTI<\/td><td>&nbsp;<\/td><td>KTF CHEVROLET<\/td><td>&#8211;<\/td><td>&#8211;<\/td><td>17<\/td><\/tr><tr><td>21<\/td><td>16<\/td><td>C HAHN<\/td><td>&nbsp;<\/td><td>BLAU II CHEVROLET<\/td><td>&#8211;<\/td><td>&#8211;<\/td><td>13<\/td><\/tr><tr><td>22<\/td><td>48<\/td><td>T KANAAN<\/td><td>&nbsp;<\/td><td>FULL TIME BASSANI TOYOTA<\/td><td>&#8211;<\/td><td>&#8211;<\/td><td>11<\/td><\/tr><tr><td>23<\/td><td>33<\/td><td>N PIQUET<\/td><td>&nbsp;<\/td><td>MX PIQUET TOYOTA<\/td><td>&#8211;<\/td><td>&#8211;<\/td><td>9<\/td><\/tr><tr><td>24<\/td><td>9<\/td><td>G LIMA<\/td><td>&nbsp;<\/td><td>VOGEL CHEVROLET<\/td><td>&#8211;<\/td><td>&#8211;<\/td><td>8<\/td><\/tr><tr><td>25<\/td><td>73<\/td><td>S JIMENEZ<\/td><td>&nbsp;<\/td><td>MX PIQUET TOYOTA<\/td><td>&#8211;<\/td><td>&#8211;<\/td><td>6<\/td><\/tr><tr><td>26<\/td><td>117<\/td><td>M ROSSI<\/td><td>&nbsp;<\/td><td>FULL TIME TOYOTA<\/td><td>&#8211;<\/td><td>&#8211;<\/td><td>4<\/td><\/tr><tr><td>27<\/td><td>88<\/td><td>B MONTEIRO<\/td><td>&nbsp;<\/td><td>CROWN CHEVROLET<\/td><td>&#8211;<\/td><td>&#8211;<\/td><td>3<\/td><\/tr><tr><td>28<\/td><td>111<\/td><td>R BARRICHELLO<\/td><td>&nbsp;<\/td><td>FULL TIME TOYOTA<\/td><td>&#8211;<\/td><td>&#8211;<\/td><td>3<\/td><\/tr><tr><td>29<\/td><td>86<\/td><td>G FRIGOTTO<\/td><td>&nbsp;<\/td><td>RKL CHEVROLET<\/td><td>&#8211;<\/td><td>&#8211;<\/td><td>2<\/td><\/tr><tr><td>30<\/td><td>110<\/td><td>F LAPENNA<\/td><td>&nbsp;<\/td><td>HOT CAR CHEVROLET<\/td><td>&#8211;<\/td><td>&#8211;<\/td><td>1<\/td><\/tr><tr><td>31<\/td><td>54<\/td><td>T ANTONIAZI<\/td><td>&nbsp;<\/td><td>HOT CAR CHEVROLET<\/td><td>&#8211;<\/td><td>&#8211;<\/td><td>1<\/td><\/tr><tr><td>32<\/td><td>80<\/td><td>M GOMES<\/td><td>&nbsp;<\/td><td>CAVALEIRO CHEVROLET<\/td><td>&#8211;<\/td><td>&#8211;<\/td><td>1<\/td><\/tr><tr><td>33<\/td><td>65<\/td><td>M WILSON<\/td><td>&nbsp;<\/td><td>FULL TIME TOYOTA<\/td><td>&#8211;<\/td><td>&#8211;<\/td><td>0<\/td><\/tr><tr><td>34<\/td><td>13<\/td><td>A F\u00c9LIX DA COSTA<\/td><td>&nbsp;<\/td><td>RC EUROFARMA CHEVROLET<\/td><td>&#8211;<\/td><td>1<\/td><td>0<\/td><\/tr><\/tbody><\/table><\/figure>\n\n\n\n<figure class=\"wp-block-embed is-type-video is-provider-youtube wp-block-embed-youtube wp-embed-aspect-16-9 wp-has-aspect-ratio\"><div class=\"wp-block-embed__wrapper\">\n<iframe loading=\"lazy\" title=\"BOTTAS FORA DA MERCEDES? 3 SINAIS J\u00c1 FORAM DADOS NA F1 2021 | GP \u00e0s 10\" width=\"500\" height=\"281\" src=\"https:\/\/www.youtube.com\/embed\/Epfaj3YYXRo?feature=oembed\" frameborder=\"0\" allow=\"accelerometer; autoplay; clipboard-write; encrypted-media; gyroscope; picture-in-picture; web-share\" referrerpolicy=\"strict-origin-when-cross-origin\" allowfullscreen><\/iframe>\n<\/div><\/figure>\n","protected":false},"excerpt":{"rendered":"<p>A primeira pontua\u00e7\u00e3o extraoficial ap\u00f3s a rodada dupla de Interlagos mostrava Daniel Serra e Bruno Baptista empatados na lideran\u00e7a com 64 pontos. Entretanto, em raz\u00e3o do regulamento e do fato de o vencedor Ant\u00f3nio F\u00e9lix da Costa n\u00e3o somar pontos \u2014 por n\u00e3o estar filiado \u00e0 Codasur \u2014, Serra herda a pontua\u00e7\u00e3o do primeiro lugar, embora oficialmente seja declarado como segundo na corrida 2, acumulando assim 24 tentos ao inv\u00e9s de 20 <\/p>\n","protected":false},"author":0,"featured_media":1000474795,"comment_status":"closed","ping_status":"closed","sticky":false,"template":"","format":"standard","meta":{"42wp_featured_image_caption":"","42wp_featured_image_credits":"","42wp_featured_video":"","42wp_featured_image_hidden":false,"42wp_authors_list":[],"footnotes":""},"categories":[11],"tags":[394,27867,77,24836,25544,26054,175,69,1170],"42wp_author":[47110],"class_list":["post-121127","post","type-post","status-publish","format-standard","has-post-thumbnail","hentry","category-stock-car","tag-bruno-baptista","tag-classificacao-stock-car","tag-daniel-serra","tag-grande-premio-2","tag-lideranca","tag-punicoes","tag-rubens-barrichello","tag-stock-car","tag-stock-car-2021","42wp_author-fernando-silva"],"_links":{"self":[{"href":"https:\/\/grandepremio.com\/br\/wp-json\/wp\/v2\/posts\/121127","targetHints":{"allow":["GET"]}}],"collection":[{"href":"https:\/\/grandepremio.com\/br\/wp-json\/wp\/v2\/posts"}],"about":[{"href":"https:\/\/grandepremio.com\/br\/wp-json\/wp\/v2\/types\/post"}],"replies":[{"embeddable":true,"href":"https:\/\/grandepremio.com\/br\/wp-json\/wp\/v2\/comments?post=121127"}],"version-history":[{"count":0,"href":"https:\/\/grandepremio.com\/br\/wp-json\/wp\/v2\/posts\/121127\/revisions"}],"wp:featuredmedia":[{"embeddable":true,"href":"https:\/\/grandepremio.com\/br\/wp-json\/wp\/v2\/media\/1000474795"}],"wp:attachment":[{"href":"https:\/\/grandepremio.com\/br\/wp-json\/wp\/v2\/media?parent=121127"}],"wp:term":[{"taxonomy":"category","embeddable":true,"href":"https:\/\/grandepremio.com\/br\/wp-json\/wp\/v2\/categories?post=121127"},{"taxonomy":"post_tag","embeddable":true,"href":"https:\/\/grandepremio.com\/br\/wp-json\/wp\/v2\/tags?post=121127"},{"taxonomy":"42wp_author","embeddable":true,"href":"https:\/\/grandepremio.com\/br\/wp-json\/wp\/v2\/42wp_author?post=121127"}],"curies":[{"name":"wp","href":"https:\/\/api.w.org\/{rel}","templated":true}]}}