{"id":121165,"date":"2021-05-15T15:03:15","date_gmt":"2021-05-15T18:03:15","guid":{"rendered":"https:\/\/grandepremio.com\/br\/noticias\/romain-grosjean-equilibrio-competitividade-indy-eu-sinto-vivo-novo\/"},"modified":"2021-05-15T15:07:45","modified_gmt":"2021-05-15T18:07:45","slug":"romain-grosjean-equilibrio-competitividade-indy-eu-sinto-vivo-novo","status":"publish","type":"post","link":"https:\/\/grandepremio.com\/br\/indy\/romain-grosjean-equilibrio-competitividade-indy-eu-sinto-vivo-novo\/","title":{"rendered":"Grosjean celebra equil\u00edbrio e competitividade na Indy: &#8220;Eu me sinto vivo de novo&#8221;"},"content":{"rendered":"\n<figure class=\"wp-block-video\"><video class=\"video-js vjs-big-play-centered\" data-gp-vjs=\"1\" controls src=\"https:\/\/www.grandepremio.com\/br\/wp-content\/uploads\/2021\/05\/2021_05_14_jOHNSON.mp4\"><\/video><\/figure>\n\n\n\n<p class=\"wp-block-paragraph\">Bastaram apenas tr\u00eas corridas para Romain Grosjean brilhar na Indy. O piloto anotou a pole-position para o GP de Indian\u00e1polis, que acontece neste s\u00e1bado (15). O piloto valorizou bastante o resultado especial que vem ap\u00f3s anos de batalha por muito pouco nos tempos de Haas, na F\u00f3rmula 1.<\/p>\n\n\n\n<p class=\"wp-block-paragraph\">Em entrevista ap\u00f3s a pole-position, Grosjean falou sobre a felicidade por ser um piloto competitivo novamente. Em 2020, na F\u00f3rmula 1, o piloto s\u00f3 esteve nos pontos uma vez, quando conquistou o nono lugar no GP de Eifel.<\/p>\n\n\n\n<p class=\"wp-block-paragraph\">&#8220;At\u00e9 os \u00faltimos anos foram dif\u00edceis em termos de resultado. Tenho o exemplo da Alemanha no ano passado, quando terminar em nono com a Haas foi especial. Acho que a Alemanha 2018 tamb\u00e9m, \u00e9ramos 12\u00ba ap\u00f3s o \u00faltimo safety-car e fechamos em sexto. Foi legal, mesmo sem vencer, voc\u00ea tem aquele sentimento&#8221;, disse o franco-su\u00ed\u00e7o.<\/p>\n\n\n\n<p class=\"wp-block-paragraph\"><strong>Conhe\u00e7a o canal do Grande Pr\u00eamio no YouTube! Clique\u00a0<a target=\"_blank\" href=\"https:\/\/youtube.com\/GrandePremioTV\" rel=\"noreferrer noopener\">aqui<\/a>.<\/strong><br><strong>Siga o Grande Pr\u00eamio no\u00a0<a target=\"_blank\" href=\"https:\/\/twitter.com\/grandepremio\" rel=\"noreferrer noopener\">Twitter\u00a0<\/a>e no\u00a0<a target=\"_blank\" href=\"https:\/\/instagram.com\/grandepremio\" rel=\"noreferrer noopener\">Instagram<\/a>!<\/strong><br><strong><a href=\"https:\/\/www.grandepremio.com\/br\/web-stories\/indy\/como-ficou-o-top-10-da-indy-apos-a-rodada-dupla-do-texas\/\">WEB STORIES: Como ficou o top-10 da Indy ap\u00f3s a rodada dupla do\u00a0<\/a><a href=\"https:\/\/www.grandepremio.com\/br\/etapa\/indy\/gp-do-texas\/\" target=\"_blank\" rel=\"noreferrer noopener\">Texas<\/a>?<\/strong><\/p>\n\n\n\n<figure class=\"wp-block-image size-large\"><img decoding=\"async\" src=\"https:\/\/www.grandepremio.com\/br\/wp-content\/uploads\/2021\/05\/Grosjean-4-1024x684.jpg\" alt=\"\" class=\"wp-image-473716\"\/><figcaption>Romain Grosjean: do c\u00e9u ao inferno (Foto: Indycar)<\/figcaption><\/figure>\n\n\n\n<p class=\"wp-block-paragraph\">Com a pole que o fez &#8220;se sentir vivo novamente&#8221;, Grosjean tamb\u00e9m comentou que n\u00e3o sente saudades da F\u00f3rmula 1 e enxerga a categoria como um cap\u00edtulo fechado. Por l\u00e1, foram 10 temporadas do piloto franc\u00eas, com 179 corridas e 10 p\u00f3dios.<\/p>\n\n\n\n<p class=\"wp-block-paragraph\">&#8220;\u00c9 como se sentir vivo de novo. Muitas pessoas me perguntaram como foi assistir a primeira corrida da F1 no ano e eu n\u00e3o estava l\u00e1. Eu disse que aquele cap\u00edtulo estava fechado para mim, vivi bons momentos, agora quero outra coisa. \u00c9 isso que vim buscar. Amo a atmosfera entre os pilotos, amo as pistas, os carros s\u00e3o legais de guiar. Podemos conquistar coisas, estou bem feliz&#8221;, concluiu.<\/p>\n\n\n\n<figure class=\"wp-block-embed is-type-video is-provider-youtube wp-block-embed-youtube wp-embed-aspect-16-9 wp-has-aspect-ratio\"><div class=\"wp-block-embed__wrapper\">\n<iframe loading=\"lazy\" title=\"QUEM S\u00c3O OS PILOTOS QUE MAIS EVOLU\u00cdRAM DE 2020 PARA 2021 NA F1? | GP \u00c0S 10\" width=\"500\" height=\"281\" src=\"https:\/\/www.youtube.com\/embed\/YQFGQywV6wQ?start=148&amp;feature=oembed\" frameborder=\"0\" allow=\"accelerometer; autoplay; clipboard-write; encrypted-media; gyroscope; picture-in-picture; web-share\" referrerpolicy=\"strict-origin-when-cross-origin\" allowfullscreen><\/iframe>\n<\/div><\/figure>\n","protected":false},"excerpt":{"rendered":"<p>Na pole-position apenas em sua terceira corrida na Indy, Romain Grosjean admitiu que se sente vivo por estar em uma categoria t\u00e3o equilibrada e competitiva. Piloto larga na ponta do GP de Indian\u00e1polis<\/p>\n","protected":false},"author":0,"featured_media":1000473711,"comment_status":"closed","ping_status":"closed","sticky":false,"template":"","format":"standard","meta":{"42wp_featured_image_caption":"","42wp_featured_image_credits":"","42wp_featured_video":"","42wp_featured_image_hidden":false,"42wp_authors_list":[],"footnotes":""},"categories":[3],"tags":[831,24881,93,5601,120],"42wp_author":[47119],"class_list":["post-121165","post","type-post","status-publish","format-standard","has-post-thumbnail","hentry","category-indy","tag-dale-coyne","tag-formula-indy-2","tag-indy","tag-indy-2021","tag-romain-grosjean","42wp_author-gabriel-carvalho"],"_links":{"self":[{"href":"https:\/\/grandepremio.com\/br\/wp-json\/wp\/v2\/posts\/121165","targetHints":{"allow":["GET"]}}],"collection":[{"href":"https:\/\/grandepremio.com\/br\/wp-json\/wp\/v2\/posts"}],"about":[{"href":"https:\/\/grandepremio.com\/br\/wp-json\/wp\/v2\/types\/post"}],"replies":[{"embeddable":true,"href":"https:\/\/grandepremio.com\/br\/wp-json\/wp\/v2\/comments?post=121165"}],"version-history":[{"count":0,"href":"https:\/\/grandepremio.com\/br\/wp-json\/wp\/v2\/posts\/121165\/revisions"}],"wp:featuredmedia":[{"embeddable":true,"href":"https:\/\/grandepremio.com\/br\/wp-json\/wp\/v2\/media\/1000473711"}],"wp:attachment":[{"href":"https:\/\/grandepremio.com\/br\/wp-json\/wp\/v2\/media?parent=121165"}],"wp:term":[{"taxonomy":"category","embeddable":true,"href":"https:\/\/grandepremio.com\/br\/wp-json\/wp\/v2\/categories?post=121165"},{"taxonomy":"post_tag","embeddable":true,"href":"https:\/\/grandepremio.com\/br\/wp-json\/wp\/v2\/tags?post=121165"},{"taxonomy":"42wp_author","embeddable":true,"href":"https:\/\/grandepremio.com\/br\/wp-json\/wp\/v2\/42wp_author?post=121165"}],"curies":[{"name":"wp","href":"https:\/\/api.w.org\/{rel}","templated":true}]}}