{"id":121166,"date":"2021-05-15T14:49:26","date_gmt":"2021-05-15T17:49:26","guid":{"rendered":"https:\/\/grandepremio.com\/br\/noticias\/incidente-rancho-joelho-instavel-franco-morbidelli-explica-tombo-inusitado-le-mans\/"},"modified":"2021-05-15T14:51:06","modified_gmt":"2021-05-15T17:51:06","slug":"incidente-rancho-joelho-instavel-franco-morbidelli-explica-tombo-inusitado-le-mans","status":"publish","type":"post","link":"https:\/\/grandepremio.com\/br\/motogp\/incidente-rancho-joelho-instavel-franco-morbidelli-explica-tombo-inusitado-le-mans\/","title":{"rendered":"Incidente no Rancho e joelho inst\u00e1vel: Morbidelli explica tombo inusitado na Fran\u00e7a"},"content":{"rendered":"\n<figure class=\"wp-block-video\"><video class=\"video-js vjs-big-play-centered\" data-gp-vjs=\"1\" controls src=\"https:\/\/www.grandepremio.com\/br\/wp-content\/uploads\/2021\/05\/MotoGP-2021-Franca-Le-Mans-TL3-FRanco-Morbidelli.mp4\"><\/video><figcaption>Franco Morbidelli se acidentou enquanto praticava a troca de motos no fim do TL3 (V\u00eddeo: MotoGP)<\/figcaption><\/figure>\n\n\n\n<p class=\"wp-block-paragraph\">Franco Morbidelli conseguiu um <a href=\"https:\/\/www.grandepremio.com\/br\/motogp\/noticias\/fabio-quartararo-dribla-chuva-frustra-honda-crava-pole-franca\/\">bom rendimento na classifica\u00e7\u00e3o<\/a> para o GP da Fran\u00e7a, em Le Mans, e larga na quarta posi\u00e7\u00e3o. Antes, no terceiro treino livre, por\u00e9m, o \u00edtalo-brasileiro passou por um acidente bizarro dentro dos boxes e torceu o joelho.<\/p>\n\n\n\n<p class=\"wp-block-paragraph\">Ap\u00f3s a sess\u00e3o, Morbidelli se encaminhou para os boxes. Enquanto sa\u00eda de sua moto, torceu o joelho e caiu durante a troca de equipamento. O piloto foi rapidamente amparado pelos mec\u00e2nicos da SRT e saiu mancando em dire\u00e7\u00e3o \u00e0 garagem. Ap\u00f3s a classifica\u00e7\u00e3o, o incidente foi devidamente explicado.<\/p>\n\n\n\n<p class=\"wp-block-paragraph\">De acordo com o italiano, uma incidente no rancho de Valentino Rossi, em Tavullia, o fez perder um pouco de for\u00e7a no joelho antes de chegar na Fran\u00e7a para a quinta corrida da MotoGP em 2021.<\/p>\n\n\n\n<figure class=\"wp-block-image size-large\"><img decoding=\"async\" src=\"https:\/\/www.grandepremio.com\/br\/wp-content\/uploads\/2021\/05\/Franco.jpg\" alt=\"\" class=\"wp-image-473800\"\/><figcaption>Franco Morbidelli caiu em cima da M1 da SRT (Foto: Reprodu\u00e7\u00e3o)<\/figcaption><\/figure>\n\n\n\n<p class=\"wp-block-paragraph\"><strong>Conhe\u00e7a o canal do Grande Pr\u00eamio no\u00a0<a href=\"https:\/\/www.youtube.com\/GrandePremioTV\">YouTube<\/a>.<br>Siga o Grande Pr\u00eamio no\u00a0<a rel=\"noreferrer noopener\" href=\"https:\/\/twitter.com\/grandepremio\" target=\"_blank\">Twitter\u00a0<\/a>e no\u00a0<a rel=\"noreferrer noopener\" href=\"https:\/\/instagram.com\/grandepremio\" target=\"_blank\">Instagram<\/a>.<\/strong><\/p>\n\n\n\n<p class=\"wp-block-paragraph\">&#8220;Tive um incidente no rancho, s\u00f3 que n\u00e3o me acidentei. Mas quando coloco minha perna no ch\u00e3o, como voc\u00eas viram hoje, meu joelho fica fraco. Come\u00e7ou a doer na \u00faltima semana, isso que aconteceu&#8221;, afirmou Morbidelli aos jornalistas presentes em Le Mans.<\/p>\n\n\n\n<p class=\"wp-block-paragraph\">&#8220;Ent\u00e3o, meu joelho n\u00e3o est\u00e1 realmente est\u00e1vel no momento. Quando eu fui trocar de moto, pisei com minha perna esquerda e senti que o joelho queria se deslocar. Ent\u00e3o eu s\u00f3 deixei e ca\u00ed na moto em vez de pular nela. J\u00e1 est\u00e1vamos trabalhando neste joelho antes do incidente, mas tivemos que intensificar para eu estar apto na classifica\u00e7\u00e3o. N\u00e3o sinto muita dor, isso \u00e9 positivo&#8221;, completou.<\/p>\n\n\n\n<p class=\"wp-block-paragraph\">Apesar do incidente, Franco fez a quarta melhor marca da classifica\u00e7\u00e3o, a 0s166 do pole Fabio Quartararo, e abre a segunda fila do grid. O piloto da SRT Yamaha espera manter a boa fase que o acompanha desde a etapa de Portugal. &#8220;A segunda fila do grid \u00e9 importante para nossa moto e, amanh\u00e3, ser\u00e1 uma corrida complicada. Se for molhado, seco ou misto, ningu\u00e9m possui muitas informa\u00e7\u00f5es. Nada est\u00e1 claro&#8221;, opinou.<\/p>\n\n\n\n<p class=\"wp-block-paragraph\">Quinta etapa da temporada, o GP da Fran\u00e7a de MotoGP est\u00e1 marcado para este domingo (16), \u00e0s 9h (de Bras\u00edlia).\u00a0<a href=\"https:\/\/www.grandepremio.com\/br\/motogp\/ultimas-noticias\/\">Acompanhe a cobertura do\u00a0<strong>GRANDE PR\u00caMIO<\/strong>\u00a0sobre o Mundial de\u00a0<\/a><a href=\"https:\/\/www.grandepremio.com\/br\/motogp\/\" target=\"_blank\" rel=\"noreferrer noopener\">Motovelocidade<\/a>.<\/p>\n\n\n\n<p class=\"wp-block-paragraph\"><strong>LEIA MAIS<\/strong><br>\u21dd\u00a0<strong><a href=\"https:\/\/www.grandepremio.com\/br\/motogp\/noticias\/sorte-sorri-jack-miller-apazigua-criticos-sai-protagonista-gp-espanha\/\" target=\"_blank\" rel=\"noreferrer noopener\">Sorte sorri para Miller, que apazigua cr\u00edticos e sai protagonista do GP do Espanha<\/a><\/strong><br>\u21dd\u00a0<a href=\"https:\/\/www.grandepremio.com\/br\/motogp\/noticias\/falta-seguranca-irrita-pilotos-coloca-futuro-motogp-jerez-em-xeque\/\" target=\"_blank\" rel=\"noreferrer noopener\"><strong>Falta de seguran\u00e7a irrita pilotos e coloca futuro da MotoGP em Jerez em xeque<\/strong><\/a><br>\u21dd\u00a0<strong><a href=\"https:\/\/grandepremium.grandepremio.com\/br\/10\/motogp\/materias\/base-de-ouro\" target=\"_blank\" rel=\"noreferrer noopener\">Red Bull Rookies Cup: a categoria de base de ouro do Mundial de\u00a0<\/a><a href=\"https:\/\/www.grandepremio.com\/br\/motogp\/\" target=\"_blank\" rel=\"noreferrer noopener\">Motovelocidade<\/a><\/strong><br>\u21dd\u00a0<strong><a href=\"https:\/\/www.grandepremio.com\/br\/piloto\/pol-espargaro\/\" target=\"_blank\" rel=\"noreferrer noopener\">Pol Espargar\u00f3<\/a><a href=\"https:\/\/www.grandepremio.com\/br\/motogp\/noticias\/pol-espargaro-escancara-frustracao-quatro-gps-se-mostra-perdido-honda\/\" target=\"_blank\" rel=\"noreferrer noopener\">\u00a0escancara frustra\u00e7\u00e3o ap\u00f3s quatro GPs e se mostra perdido na Honda<\/a><\/strong><br>\u21dd\u00a0<strong><a href=\"https:\/\/www.grandepremio.com\/br\/motogp\/noticias\/ducati-consegue-raro-desempenho-em-jerez-e-se-permite-sonhar-com-titulo-em-2021\/\" target=\"_blank\" rel=\"noreferrer noopener\">Ducati consegue raro desempenho em Jerez e se permite sonhar com t\u00edtulo em 2021<\/a><\/strong><br>\u21dd\u00a0<strong><a href=\"https:\/\/grandepremium.grandepremio.com\/br\/lado-a-lado\/motogp\/materias\/as-vitorias-de-jack-miller-na-motogp\/\" target=\"_blank\" rel=\"noreferrer noopener\">Lado a lado: as vit\u00f3rias de\u00a0Jack Miller\u00a0na classe rainha do Mundial de Motovelocidade<\/a><\/strong><br>\u21dd\u00a0<strong><a href=\"https:\/\/www.grandepremio.com\/br\/motogp\/noticias\/azar-desprestigia-franco-morbidelli-yamaha-obrigacao-corrigir-futuro\/\" target=\"_blank\" rel=\"noreferrer noopener\">Azar desprestigia Morbidelli em 2021. Mas Yamaha tem obriga\u00e7\u00e3o de corrigir futuro<\/a><\/strong><br>\u21dd\u00a0<strong><a href=\"https:\/\/www.grandepremio.com\/br\/motogp\/noticias\/ktm-sofre-novos-pneus-desmancha-evolucao-obtida-apos-quatro-etapas\/\" target=\"_blank\" rel=\"noreferrer noopener\">KTM sofre com novos pneus e desmancha evolu\u00e7\u00e3o obtida em 2020 ap\u00f3s quatro etapas<\/a><\/strong><br>\u21dd\u00a0<strong><a href=\"https:\/\/www.grandepremio.com\/br\/motogp\/noticias\/na-garagem-pedrosa-usa-forca-da-honda-na-china-e-vence-na-4a-corrida-na-motogp\/\" target=\"_blank\" rel=\"noreferrer noopener\">Na Garagem: Pedrosa usa for\u00e7a da Honda na China e vence na 4\u00aa corrida na MotoGP<\/a><\/strong><\/p>\n","protected":false},"excerpt":{"rendered":"<p>Franco Morbidelli caiu de maneira estranha dentro dos boxes no terceiro treino livre da MotoGP. Ap\u00f3s a classifica\u00e7\u00e3o, quando conseguiu o quarto melhor tempo, o piloto da SRT Yamaha explicou o incidente<\/p>\n","protected":false},"author":0,"featured_media":1000474056,"comment_status":"closed","ping_status":"closed","sticky":false,"template":"","format":"standard","meta":{"42wp_featured_image_caption":"","42wp_featured_image_credits":"","42wp_featured_video":"","42wp_featured_image_hidden":false,"42wp_authors_list":[],"footnotes":""},"categories":[8],"tags":[487,140,25050,1208,79,78,490,24850,25819,847,26690,25441],"42wp_author":[47135],"class_list":["post-121166","post","type-post","status-publish","format-standard","has-post-thumbnail","hentry","category-motogp","tag-acidente","tag-franco-morbidelli","tag-gp-da-franca","tag-le-mans","tag-moto-gp","tag-motogp","tag-motogp-2021","tag-motogp-fox-sports","tag-motogp-hoje","tag-mundial-de-motovelocidade","tag-pilotos-motogp","tag-srt","42wp_author-pedro-luis-cuenca"],"_links":{"self":[{"href":"https:\/\/grandepremio.com\/br\/wp-json\/wp\/v2\/posts\/121166","targetHints":{"allow":["GET"]}}],"collection":[{"href":"https:\/\/grandepremio.com\/br\/wp-json\/wp\/v2\/posts"}],"about":[{"href":"https:\/\/grandepremio.com\/br\/wp-json\/wp\/v2\/types\/post"}],"replies":[{"embeddable":true,"href":"https:\/\/grandepremio.com\/br\/wp-json\/wp\/v2\/comments?post=121166"}],"version-history":[{"count":0,"href":"https:\/\/grandepremio.com\/br\/wp-json\/wp\/v2\/posts\/121166\/revisions"}],"wp:featuredmedia":[{"embeddable":true,"href":"https:\/\/grandepremio.com\/br\/wp-json\/wp\/v2\/media\/1000474056"}],"wp:attachment":[{"href":"https:\/\/grandepremio.com\/br\/wp-json\/wp\/v2\/media?parent=121166"}],"wp:term":[{"taxonomy":"category","embeddable":true,"href":"https:\/\/grandepremio.com\/br\/wp-json\/wp\/v2\/categories?post=121166"},{"taxonomy":"post_tag","embeddable":true,"href":"https:\/\/grandepremio.com\/br\/wp-json\/wp\/v2\/tags?post=121166"},{"taxonomy":"42wp_author","embeddable":true,"href":"https:\/\/grandepremio.com\/br\/wp-json\/wp\/v2\/42wp_author?post=121166"}],"curies":[{"name":"wp","href":"https:\/\/api.w.org\/{rel}","templated":true}]}}