{"id":121218,"date":"2021-05-14T04:15:00","date_gmt":"2021-05-14T07:15:00","guid":{"rendered":"https:\/\/grandepremio.com\/br\/noticias\/mercedes-red-bull-15-homens-e-um-terreno-vazio-nao-sao-suficientes-competitivo\/"},"modified":"2021-05-13T21:52:05","modified_gmt":"2021-05-14T00:52:05","slug":"mercedes-red-bull-15-homens-e-um-terreno-vazio-nao-sao-suficientes-competitivo","status":"publish","type":"post","link":"https:\/\/grandepremio.com\/br\/f1\/mercedes-red-bull-15-homens-e-um-terreno-vazio-nao-sao-suficientes-competitivo\/","title":{"rendered":"Mercedes cutuca Red Bull e diz: &#8220;15 homens e um terreno vazio n\u00e3o s\u00e3o suficientes&#8221;"},"content":{"rendered":"\n<figure class=\"wp-block-video\"><video class=\"video-js vjs-big-play-centered\" data-gp-vjs=\"1\" controls src=\"https:\/\/www.grandepremio.com\/br\/wp-content\/uploads\/l-videos\/2021-05-09_F1_GPEspanha_domingo_editado.mp4\"><\/video><figcaption>Hamilton pega Verstappen na t\u00e1tica e vence: assista aos melhores momentos do GP da Espanha (GRANDE PR\u00caMIO com Reuters)<\/figcaption><\/figure>\n\n\n\n<p class=\"wp-block-paragraph\">A Red Bull n\u00e3o esconde os altos investimentos para a divis\u00e3o de motores que est\u00e1 preparando para a temporada 2022. Al\u00e9m de uma grande estrutura, o time de Milton Keynes ganhou as manchetes por contratar seis funcion\u00e1rios da rival Mercedes para o novo projeto, entre eles, Ben Hodgkinson, chefe de engenharia e um dos principais nomes do desenvolvimento das unidades de pot\u00eancia da marca alem\u00e3.<\/p>\n\n\n\n<p class=\"wp-block-paragraph\">Mesmo perdendo importantes pe\u00e7as, Toto Wolff, chefe da Mercedes, falou sobre as investidas da advers\u00e1ria e acredita que o trabalho para bater o time alem\u00e3o n\u00e3o pode ser subestimado, mas citou o quanto \u00e9 necess\u00e1rio para entregar um desafio real.<\/p>\n\n\n\n<p class=\"wp-block-paragraph\">&#8220;Temos cerca de 900 pessoas trabalhando em Brixworth. Eles tem aproximadamente 100, e contrataram entre 10 e 15 pessoas, principalmente funcion\u00e1rios para a montagem, sem performance. E se eu fosse come\u00e7ar uma nova f\u00e1brica, faria assim, mas entre contratar m\u00e3o de obra e ter uma f\u00e1brica funcionando, h\u00e1 um longo caminho a percorrer&#8221;, disse o dirigente austr\u00edaco em entrevista ao site da revista Autosport.<\/p>\n\n\n\n<p class=\"wp-block-paragraph\"><strong>Conhe\u00e7a o canal do Grande Pr\u00eamio no YouTube! Clique&nbsp;<a target=\"_blank\" href=\"https:\/\/youtube.com\/GrandePremioTV\" rel=\"noreferrer noopener\">aqui<\/a>.<\/strong><br><strong>Siga o Grande Pr\u00eamio no&nbsp;<a target=\"_blank\" href=\"https:\/\/twitter.com\/grandepremio\" rel=\"noreferrer noopener\">Twitter&nbsp;<\/a>e no&nbsp;<a target=\"_blank\" href=\"https:\/\/instagram.com\/grandepremio\" rel=\"noreferrer noopener\">Instagram<\/a>!<\/strong><br><strong><a href=\"https:\/\/www.grandepremio.com\/br\/web-stories\/f1\/confira-classificacao-do-mundial-de-pilotos-da-f1-apos-gp-da-espanha\/\">WEB STORIES: Confira classifica\u00e7\u00e3o do Mundial de Pilotos d<\/a>a F1 <a href=\"https:\/\/www.grandepremio.com\/br\/web-stories\/f1\/confira-classificacao-do-mundial-de-pilotos-da-f1-apos-gp-da-espanha\/\">ap\u00f3s<\/a> GP da Espanha<\/strong><\/p>\n\n\n\n<figure class=\"wp-block-image size-large\"><img decoding=\"async\" src=\"https:\/\/www.grandepremio.com\/br\/wp-content\/uploads\/2020\/05\/RedBullVerstappenHamiltonBarcelona-1024x576.jpg\" alt=\"LEWIS HAMILTON; MAX VERSTAPPEN; RED BULL; GP DA ESPANHA; BARCELONA; F1\" class=\"wp-image-472164\"\/><figcaption>Max Verstappen \u00e0 frente de Lewis Hamilton no GP da Espanha (Foto: Red Bull Content Pool)<\/figcaption><\/figure>\n\n\n\n<p class=\"wp-block-paragraph\">A decis\u00e3o da Red Bull de construir uma divis\u00e3o pr\u00f3pria de motores veio ap\u00f3s o an\u00fancio de que a Honda, fornecedora atual do time, vai deixar o esporte ao fim de 2021. A equipe austr\u00edaca resolveu adquirir a tecnologia dos japoneses e aproveitou o congelamento no desenvolvimento das unidades de pot\u00eancia para o investimento.<\/p>\n\n\n\n<p class=\"wp-block-paragraph\">Wolff reiterou que, apesar da estrutura que o time taurino deseja, ainda n\u00e3o ser\u00e1 poss\u00edvel se aproximar rapidamente do que faz a Mercedes e nem de nomes como Ferrari e Alpine, que h\u00e1 anos tamb\u00e9m investem em uma divis\u00e3o pr\u00f3pria de motor.<\/p>\n\n\n\n<p class=\"wp-block-paragraph\">&#8220;Acho que a Red Bull consegue, com o recurso que est\u00e3o colocando, mas Mercedes e outros est\u00e3o no esporte h\u00e1 d\u00e9cadas e com grande estrutura. Ent\u00e3o, 15 caras e uma f\u00e1brica vazia n\u00e3o s\u00e3o suficientes para ser competitivo em tr\u00eas anos com um novo motor&#8221;, completou.<\/p>\n\n\n\n<p class=\"wp-block-paragraph\">A pr\u00f3xima etapa da F\u00f3rmula 1 ser\u00e1 o GP de M\u00f4naco, no dia 23 de maio. Lewis Hamilton, da Mercedes, lidera o campeonato com 14 pontos de vantagem para o holand\u00eas Max Verstappen, da Red Bull.<\/p>\n\n\n\n<figure class=\"wp-block-embed is-type-video is-provider-youtube wp-block-embed-youtube wp-embed-aspect-16-9 wp-has-aspect-ratio\"><div class=\"wp-block-embed__wrapper\">\n<iframe loading=\"lazy\" title=\"RICCIARDO ENTERROU SAPO? A MALDI\u00c7\u00c3O DO SEGUNDO CARRO DA RED BULL | GP \u00e0s 10\" width=\"500\" height=\"281\" src=\"https:\/\/www.youtube.com\/embed\/Hi2mA7hxO9s?start=1214&amp;feature=oembed\" frameborder=\"0\" allow=\"accelerometer; autoplay; clipboard-write; encrypted-media; gyroscope; picture-in-picture; web-share\" referrerpolicy=\"strict-origin-when-cross-origin\" allowfullscreen><\/iframe>\n<\/div><\/figure>\n","protected":false},"excerpt":{"rendered":"<p>Toto Wolff elogiou os investimentos que a Red Bull faz para ter uma divis\u00e3o pr\u00f3pria de motores, mas alertou que n\u00e3o s\u00e3o suficientes para competir em curto prazo com as estruturas de Mercedes, Ferrari e Alpine<\/p>\n","protected":false},"author":0,"featured_media":1000472313,"comment_status":"closed","ping_status":"closed","sticky":false,"template":"","format":"standard","meta":{"42wp_featured_image_caption":"","42wp_featured_image_credits":"","42wp_featured_video":"","42wp_featured_image_hidden":false,"42wp_authors_list":[],"footnotes":""},"categories":[2],"tags":[655,147,156,24837,82,656,204,150],"42wp_author":[47119],"class_list":["post-121218","post","type-post","status-publish","format-standard","has-post-thumbnail","hentry","category-f1","tag-christian-horner","tag-f1","tag-f1-2021","tag-formula-1-2","tag-mercedes","tag-motores","tag-red-bull","tag-toto-wolff","42wp_author-gabriel-carvalho"],"_links":{"self":[{"href":"https:\/\/grandepremio.com\/br\/wp-json\/wp\/v2\/posts\/121218","targetHints":{"allow":["GET"]}}],"collection":[{"href":"https:\/\/grandepremio.com\/br\/wp-json\/wp\/v2\/posts"}],"about":[{"href":"https:\/\/grandepremio.com\/br\/wp-json\/wp\/v2\/types\/post"}],"replies":[{"embeddable":true,"href":"https:\/\/grandepremio.com\/br\/wp-json\/wp\/v2\/comments?post=121218"}],"version-history":[{"count":0,"href":"https:\/\/grandepremio.com\/br\/wp-json\/wp\/v2\/posts\/121218\/revisions"}],"wp:featuredmedia":[{"embeddable":true,"href":"https:\/\/grandepremio.com\/br\/wp-json\/wp\/v2\/media\/1000472313"}],"wp:attachment":[{"href":"https:\/\/grandepremio.com\/br\/wp-json\/wp\/v2\/media?parent=121218"}],"wp:term":[{"taxonomy":"category","embeddable":true,"href":"https:\/\/grandepremio.com\/br\/wp-json\/wp\/v2\/categories?post=121218"},{"taxonomy":"post_tag","embeddable":true,"href":"https:\/\/grandepremio.com\/br\/wp-json\/wp\/v2\/tags?post=121218"},{"taxonomy":"42wp_author","embeddable":true,"href":"https:\/\/grandepremio.com\/br\/wp-json\/wp\/v2\/42wp_author?post=121218"}],"curies":[{"name":"wp","href":"https:\/\/api.w.org\/{rel}","templated":true}]}}