{"id":121243,"date":"2021-05-12T19:11:07","date_gmt":"2021-05-12T22:11:07","guid":{"rendered":"https:\/\/grandepremio.com\/br\/noticias\/renato-luz-vence-4-etapa-vira-lider-bolao-2021-gabriel-curty-trem-bala-gp\/"},"modified":"2021-05-12T19:11:12","modified_gmt":"2021-05-12T22:11:12","slug":"renato-luz-vence-4-etapa-vira-lider-bolao-2021-gabriel-curty-trem-bala-gp","status":"publish","type":"post","link":"https:\/\/grandepremio.com\/br\/f1\/renato-luz-vence-4-etapa-vira-lider-bolao-2021-gabriel-curty-trem-bala-gp\/","title":{"rendered":"Renato Luz vence 4\u00aa etapa e vira l\u00edder do Bol\u00e3o 2021. Gabriel Curty \u00e9 trem bala do GP"},"content":{"rendered":"\n<figure class=\"wp-block-video\"><video class=\"video-js vjs-big-play-centered\" data-gp-vjs=\"1\" controls src=\"https:\/\/www.grandepremio.com\/br\/wp-content\/uploads\/l-videos\/2021-05-09_F1_GPEspanha_domingo_editado.mp4\"><\/video><figcaption>Hamilton pega Verstappen na t\u00e1tica e vence: assista aos melhores momentos do GP da Espanha (GRANDE PR\u00caMIO com Reuters)<\/figcaption><\/figure>\n\n\n\n<p class=\"wp-block-paragraph\">A quarta etapa do Bol\u00e3o GP 2021 foi, obviamente, contabilizada ap\u00f3s o GP da Espanha do \u00faltimo fim de semana. Apesar de dezenas de participantes e apenas quatro rodadas, algu\u00e9m j\u00e1 est\u00e1 repetindo vit\u00f3rias. Renato Luz, que j\u00e1 havia levado a melhor em \u00cdmola, lavou a proverbial cara com o restante da competi\u00e7\u00e3o de anotou 230 pontos &#8211; ningu\u00e9m, at\u00e9 ent\u00e3o, passara dos 200 &#8211; para disparar na dianteira da competi\u00e7\u00e3o dos assinantes do <strong>GRANDE PR\u00caMIO<\/strong>.<\/p>\n\n\n\n<p class=\"wp-block-paragraph\">Renato embalou uma sequ\u00eancia que vai se mostrando imposs\u00edvel para qualquer das cabe\u00e7as pensantes do <strong>GRANDE PR\u00caMIO<\/strong>: acertou os tr\u00eas primeiros colocados &#8211; checar quantas vezes algum de n\u00f3s acerta qualquer palpite no Twitter -, o s\u00e9timo, nono e d\u00e9cimo. Sim, seis de dez! Loucura!<\/p>\n\n\n\n<p class=\"wp-block-paragraph\"><strong>Conhe\u00e7a o canal do Grande Pr\u00eamio no YouTube! Clique\u00a0<a target=\"_blank\" href=\"https:\/\/youtube.com\/GrandePremioTV\" rel=\"noreferrer noopener\">aqui<\/a>.<\/strong><br><strong>Siga o Grande Pr\u00eamio no\u00a0<a target=\"_blank\" href=\"https:\/\/twitter.com\/grandepremio\" rel=\"noreferrer noopener\">Twitter\u00a0<\/a>e no\u00a0<a target=\"_blank\" href=\"https:\/\/instagram.com\/grandepremio\" rel=\"noreferrer noopener\">Instagram<\/a>!<\/strong><br><strong>Red Bull ainda respira, mas chances desperdi\u00e7adas v\u00e3o <a href=\"https:\/\/www.grandepremio.com\/br\/f1\/noticias\/red-bull-ainda-respira-f1-2021-chances-desperdicadas-vao-cobrar-preco-fim-do-ano\/\">cobrar pre\u00e7o ao fim do ano<\/a><\/strong><\/p>\n\n\n\n<p class=\"wp-block-paragraph\">\u00c9 verdade que o GP espanhol foi o menos imprevis\u00edvel at\u00e9 agora. Al\u00e9m do l\u00edder, mais dois participantes ultrapassaram a elegante barreira dos 200 pontos: M\u00e1rcio Vilarinho e Marc\u00edlio Ferrari, ambos fizeram 205 tentos e arredondaram o top-3 da semana. Em outros momentos, marcar 200 pontos te colocaria entre os primeiros do Bol\u00e3o, mas os dois est\u00e3o, respectivamente, em 14\u00ba e 19\u00ba. Marcilio at\u00e9 poderia ter feito mais, mas esqueceu de apostar no pole\u2026<\/p>\n\n\n\n<p class=\"wp-block-paragraph\">A quarta coloca\u00e7\u00e3o tamb\u00e9m foi recheada, porque Jana\u00edna Bezerra, Marcos Martinho e nosso Rodrigo Berton, o terrorista de eventos corporativos e melhor GP da semana, marcaram impressionantes 180 tentos. A emo\u00e7\u00e3o do demitido em atividade Berton foi tamanha que ele mandou mensagens no meio da madrugada, coagindo este escriba a ressaltar sua participa\u00e7\u00e3o. Pr\u00f3ximo passo \u00e9 acordar com uma cabe\u00e7a de cavalo na minha cama.<\/p>\n\n\n\n<p class=\"wp-block-paragraph\">Ali\u00e1s, um bom destaque para a semana de outro membro do time do GP: Guilherme Bloisi acertou os cinco primeiros colocados e. com 165 pontos, deixou a rabeira do Bol\u00e3o. &#8220;\u00c9 traseira que se fala, Marum&#8221;, corrigiu o competidor cadeirudo.<\/p>\n\n\n\n<figure class=\"wp-block-image size-large is-resized\"><img loading=\"lazy\" decoding=\"async\" src=\"https:\/\/www.grandepremio.com\/br\/wp-content\/uploads\/2021\/05\/GPF2-2.jpg\" alt=\"\" class=\"wp-image-473023\" width=\"837\" height=\"558\"\/><figcaption>Iluminado por Rodrigo Berton, Guilherme Bloisi come\u00e7a a se recuperar (Foto: Reprodu\u00e7\u00e3o\/TV Globo)<\/figcaption><\/figure>\n\n\n\n<p class=\"wp-block-paragraph\">Vamos ent\u00e3o para a classifica\u00e7\u00e3o geral. L\u00edder com pitadas de confus\u00e3o mental na semana passada, Pedro Lu\u00eds Cuenca esqueceu qual o funcionamento do bot\u00e3o &#8216;enter&#8217; no computador. Fez os palpites e jamais enviou, ficando obviamente zerado e caindo para o 13\u00ba posto. Aqui \u00e9 organiza\u00e7\u00e3o.<\/p>\n\n\n\n<p class=\"wp-block-paragraph\">H\u00e1 uma dobradinha de Renatos na lideran\u00e7a. O Luz chegou a incr\u00edveis 550 pontos nas quatro semanas e lidera em basicamente todas as possibilidades poss\u00edveis de se avaliar. O segundo piloto da Renato &amp; Renato Racing \u00e9 Renato Ribeiro. Ele mesmo, o diretor-executivo da Cartolas &amp; Charutos Co., detentora dos direitos comerciais do Bol\u00e3o, repetiu os 175 pontos da semana passada e tem 475 no ano.<\/p>\n\n\n\n<p class=\"wp-block-paragraph\">Segue sem nenhuma suspeita.<\/p>\n\n\n\n<p class=\"wp-block-paragraph\">Grande destaque de recupera\u00e7\u00e3o do <strong>GRANDE PR\u00caMIO<\/strong> \u00e9 Gabriel Curty. Ap\u00f3s pular a primeira rodada para deixar a competi\u00e7\u00e3o levar alguma vantagem, Curty partiu para engolir os rivais nas semanas seguintes. Com a s\u00e9tima posi\u00e7\u00e3o geral, j\u00e1 \u00e9 o segundo melhor entre as pessoas que recebem sal\u00e1rio para falar de corridas. Procurado pela reportagem para se manifestar sobre a recupera\u00e7\u00e3o: &#8220;Uh pula\u00ea! \u00c9 o trem bala do GP&#8221;, respondeu o coordenador de conte\u00fado.<\/p>\n\n\n\n<p class=\"wp-block-paragraph\">O top-10 est\u00e1 alinhado da seguinte forma: Renato Luz (550), Renato Ribeiro (475), Daniel Dalence (445), Clebio Junior (440), Hugo Fonseca (420), Jos\u00e9 Liborio (410), Gabriel Curty (390), Felipe de Paula (385), Rodrigo Reghin (380), Rodrigo Berton (365).<\/p>\n\n\n\n<p class=\"wp-block-paragraph\">A lista de demais GPs segue com Cuenca e tem Gabriel Carvalho na 18\u00aa coloca\u00e7\u00e3o; Vitor Fazio \u00e9 o 21\u00ba; Victor Martins segue em decad\u00eancia latente e j\u00e1 assume a 25\u00aa posi\u00e7\u00e3o; Bloisi \u00e9 o 34\u00ba; Am\u00e9rico Teixeira Jr \u00e9 o 42\u00ba. Pedro Prado, com uma \u00fanica rodada participada, soma 115 pontos e est\u00e1 em 55\u00ba, somente uma coloca\u00e7\u00e3o atr\u00e1s de Lucas Couto, o 54\u00ba. Lucas \u00e9 o pior entre todos aqueles que apostaram em tr\u00eas ou mais corridas, uma jornada absolutamente heroica do jovem rep\u00f3rter.<\/p>\n\n\n\n<p class=\"wp-block-paragraph\">Eu, Pedro Henrique Marum, sigo est\u00e1vel na honrosa 38\u00aa coloca\u00e7\u00e3o e sem jamais abandonar o top-40, que \u00e9 minha meta anual. Vale dizer que, ao cravar nono e d\u00e9cimo colocados, tive minha melhor semana: 95 pontos de algu\u00e9m que escolheu passar o ano abaixo do radar e acima de qualquer suspeita.<\/p>\n\n\n\n<figure class=\"wp-block-image size-large\"><img decoding=\"async\" src=\"https:\/\/www.grandepremio.com\/br\/wp-content\/uploads\/2021\/05\/mercedes-lewishamilton-01-3-e1620836070641-1024x893.jpg\" alt=\"\" class=\"wp-image-472313\"\/><figcaption>Esque\u00e7a Hamilton e Verstappen: briga de verdade est\u00e1 aqui (Foto: Mercedes)<\/figcaption><\/figure>\n\n\n\n\n\n<h3 class=\"wp-block-heading\">Jornada do Her\u00f3i, com Fernando Silva<\/h3>\n\n\n\n<p class=\"wp-block-paragraph\">O nosso bravo guerreiro nederland Fernando Silva brilhou mais uma vez. Ap\u00f3s um come\u00e7o que n\u00e3o condiz com o hist\u00f3rico de palpites vencedores do editor-chefe do <strong>GRANDE PR\u00caMIO<\/strong>, ele partiu para excelentes 120 pontos nesta etapa e atingiu a meta t\u00e3o esperada de ingressar no top-40: j\u00e1 ocupa a 39\u00aa coloca\u00e7\u00e3o.<\/p>\n\n\n\n<p class=\"wp-block-paragraph\">&#8220;Meu rei, realmente tive uma participa\u00e7\u00e3o retumbante nesta semana&#8221;, relatou Fernand\u00e3o. O <strong>GP<\/strong> pode confirmar que o pai engrenou de vez nos palpites e agora foi comemorar assando uma panceta.<\/p>\n\n\n\n<p class=\"wp-block-paragraph\">O Brasil acompanha com emo\u00e7\u00e3o a jornada de Fernando Silva rumo ao reencontro com as vit\u00f3rias e o crescimento na competi\u00e7\u00e3o.<\/p>\n\n\n\n<p class=\"wp-block-paragraph\">O bol\u00e3o continua com o GP de M\u00f4naco, marcado para o fim de semana do dia 23 de maio. Voc\u00ea pode apostar, como sempre, at\u00e9 o come\u00e7o do treino de classifica\u00e7\u00e3o. Para participar do Bol\u00e3o GP 2021, basta se tornar um assinante da GPTV, o nosso canal do YouTube. <a href=\"http:\/\/bit.ly\/GPMembroYT\">Fa\u00e7a isso aqui<\/a>.<\/p>\n\n\n\n<figure class=\"wp-block-embed is-type-video is-provider-youtube wp-block-embed-youtube wp-embed-aspect-16-9 wp-has-aspect-ratio\"><div class=\"wp-block-embed__wrapper\">\n<iframe loading=\"lazy\" title=\"F1 2021: LECLERC ASSUME &amp;apos;COTA VERSTAPPEN&amp;apos; E FLORESCE EM MEIO AO CAOS | GP \u00c0S 10\" width=\"500\" height=\"281\" src=\"https:\/\/www.youtube.com\/embed\/ruDuZgEnSbk?feature=oembed\" frameborder=\"0\" allow=\"accelerometer; autoplay; clipboard-write; encrypted-media; gyroscope; picture-in-picture; web-share\" referrerpolicy=\"strict-origin-when-cross-origin\" allowfullscreen><\/iframe>\n<\/div><\/figure>\n","protected":false},"excerpt":{"rendered":"<p>Pela segunda vez em quatro etapas, Renato Luz leva a melhor na rodada e assume a lideran\u00e7a geral do Bol\u00e3o 2021. Gabriel Curty dispara!<\/p>\n","protected":false},"author":0,"featured_media":1000472067,"comment_status":"closed","ping_status":"closed","sticky":false,"template":"","format":"standard","meta":{"42wp_featured_image_caption":"","42wp_featured_image_credits":"","42wp_featured_video":"","42wp_featured_image_hidden":false,"42wp_authors_list":[],"footnotes":""},"categories":[2],"tags":[156,390,1285,25536,230,996,1494],"42wp_author":[47120],"class_list":["post-121243","post","type-post","status-publish","format-standard","has-post-thumbnail","hentry","category-f1","tag-f1-2021","tag-fernando-silva","tag-formula-1-2021","tag-formula-1-2021-2","tag-gabriel-curty","tag-gp-da-espanha","tag-renato-ribeiro","42wp_author-pedro-henrique-marum"],"_links":{"self":[{"href":"https:\/\/grandepremio.com\/br\/wp-json\/wp\/v2\/posts\/121243","targetHints":{"allow":["GET"]}}],"collection":[{"href":"https:\/\/grandepremio.com\/br\/wp-json\/wp\/v2\/posts"}],"about":[{"href":"https:\/\/grandepremio.com\/br\/wp-json\/wp\/v2\/types\/post"}],"replies":[{"embeddable":true,"href":"https:\/\/grandepremio.com\/br\/wp-json\/wp\/v2\/comments?post=121243"}],"version-history":[{"count":0,"href":"https:\/\/grandepremio.com\/br\/wp-json\/wp\/v2\/posts\/121243\/revisions"}],"wp:featuredmedia":[{"embeddable":true,"href":"https:\/\/grandepremio.com\/br\/wp-json\/wp\/v2\/media\/1000472067"}],"wp:attachment":[{"href":"https:\/\/grandepremio.com\/br\/wp-json\/wp\/v2\/media?parent=121243"}],"wp:term":[{"taxonomy":"category","embeddable":true,"href":"https:\/\/grandepremio.com\/br\/wp-json\/wp\/v2\/categories?post=121243"},{"taxonomy":"post_tag","embeddable":true,"href":"https:\/\/grandepremio.com\/br\/wp-json\/wp\/v2\/tags?post=121243"},{"taxonomy":"42wp_author","embeddable":true,"href":"https:\/\/grandepremio.com\/br\/wp-json\/wp\/v2\/42wp_author?post=121243"}],"curies":[{"name":"wp","href":"https:\/\/api.w.org\/{rel}","templated":true}]}}