{"id":121280,"date":"2021-05-11T06:06:34","date_gmt":"2021-05-11T09:06:34","guid":{"rendered":"https:\/\/grandepremio.com\/br\/noticias\/sergio-perez-assume-frustracao-dificuldade-para-alcancar-velocidade\/"},"modified":"2021-05-11T07:52:47","modified_gmt":"2021-05-11T10:52:47","slug":"sergio-perez-assume-frustracao-dificuldade-para-alcancar-velocidade","status":"publish","type":"post","link":"https:\/\/grandepremio.com\/br\/f1\/sergio-perez-assume-frustracao-dificuldade-para-alcancar-velocidade\/","title":{"rendered":"P\u00e9rez assume frustra\u00e7\u00e3o na Espanha e reporta dificuldade \u201cpara alcan\u00e7ar velocidade\u201d"},"content":{"rendered":"\n<figure class=\"wp-block-video\"><video class=\"video-js vjs-big-play-centered\" data-gp-vjs=\"1\" controls src=\"https:\/\/www.grandepremio.com\/br\/wp-content\/uploads\/l-videos\/2021-05-09_F1_GPEspanha_domingo_editado.mp4\"><\/video><figcaption>Hamilton pega Verstappen na t\u00e1tica e vence: assista aos melhores momentos do GP da Espanha (GRANDE PR\u00caMIO com Reuters)<\/figcaption><\/figure>\n\n\n\n<p class=\"wp-block-paragraph\">Pouco antes do come\u00e7o da temporada, <a href=\"https:\/\/www.grandepremio.com\/br\/f1\/noticias\/sergio-perez-pede-cinco-corridas-para-tirar-maximo-de-performance-da-red-bull\/\">Sergio P\u00e9rez pediu cinco corridas para se sentir completamente adaptado ao carro da Red Bull<\/a>. Mas, passadas as quatro etapas iniciais do campeonato, o mexicano ainda est\u00e1 longe de entregar a performance e os resultados esperados pela equipe taurina, que j\u00e1 come\u00e7a a pression\u00e1-lo. No <a href=\"https:\/\/www.grandepremio.com\/br\/f1\/noticias\/red-bull-vacila-estrategia-max-verstappen-e-entrega-vitoria-a-lewis-hamilton-na-espanha\/\">GP da Espanha do \u00faltimo domingo (9), \u2018Checo\u2019 terminou apenas em quinto depois de sofrer por muitas voltas para ultrapassar a McLaren de Daniel Ricciardo<\/a> e n\u00e3o escondeu a frustra\u00e7\u00e3o. O <a href=\"https:\/\/www.grandepremio.com\/br\/f1\/noticias\/red-bull-cobra-melhora-de-sergio-perez-precisamos-dele-desesperadamente\/\">piloto do carro #11 foi cobrado por Christian Horner<\/a> e por <a href=\"https:\/\/www.grandepremio.com\/br\/f1\/noticias\/max-verstappen-cutuca-sergio-perez-gp-espanha-simplesmente-sozinho-luta\/\">Max Verstappen por n\u00e3o estar mais \u00e0 frente<\/a> e, desta forma, n\u00e3o conseguir ajudar o holand\u00eas na batalha contra Lewis Hamilton pela vit\u00f3ria.<\/p>\n\n\n\n<p class=\"wp-block-paragraph\">Um dos pontos abordados por P\u00e9rez em entrevista veiculada pelo site brit\u00e2nico RaceFans \u00e9 o fato de, at\u00e9 o momento, n\u00e3o ter conseguido encaixar um fim de semana \u2018redondo\u2019, ou seja, livre de problemas.<\/p>\n\n\n\n<figure class=\"wp-block-image size-large\"><img decoding=\"async\" src=\"https:\/\/www.grandepremio.com\/br\/wp-content\/uploads\/2021\/05\/SI202105090587_news-1024x659.jpg\" alt=\"SERGIO P\u00c9REZ; DANIEL RICCIARDO; RED BULL; GP DA ESPANHA; F1;\" class=\"wp-image-472573\"\/><figcaption>Sergio P\u00e9rez passa Daniel Ricciardo para chegar em quinto no GP da Espanha (Foto: Getty Images\/Red Bull Content Pool)<\/figcaption><\/figure>\n\n\n\n<p class=\"wp-block-paragraph\"><strong>Conhe\u00e7a o canal do Grande Pr\u00eamio no YouTube! Clique&nbsp;<a target=\"_blank\" href=\"https:\/\/youtube.com\/GrandePremioTV\" rel=\"noreferrer noopener\">aqui<\/a>.<\/strong><br><strong>Siga o Grande Pr\u00eamio no&nbsp;<a target=\"_blank\" href=\"https:\/\/twitter.com\/grandepremio\" rel=\"noreferrer noopener\">Twitter&nbsp;<\/a>e no&nbsp;<a target=\"_blank\" href=\"https:\/\/instagram.com\/grandepremio\" rel=\"noreferrer noopener\">Instagram<\/a>!<\/strong><\/p>\n\n\n\n<p class=\"wp-block-paragraph\">\u201c\u00c9 importante seguir esses passos e encaixar todo o fim de semana. S\u00f3 leva um pouco de tempo para come\u00e7ar a alcan\u00e7ar velocidade quando vamos para um novo circuito\u201d, disse. \u201cUma vez que conseguirmos encaixar tudo, vamos ter o ritmo para conseguir andar bem r\u00e1pido\u201d, explicou.<\/p>\n\n\n\n<p class=\"wp-block-paragraph\">O piloto nascido em Guadalajara teve o resultado comprometido no Bahrein em raz\u00e3o de uma pane antes da largada, mas fez grande prova de rea\u00e7\u00e3o e terminou em quinto. No GP da Em\u00edlia-Romanha, em \u00cdmola, \u2018Checo\u2019 teve \u00f3tima classifica\u00e7\u00e3o, largou em segundo, mas fez corrida bem abaixo da expectativa, rodou, foi punido e terminou s\u00f3 o 11\u00ba.<\/p>\n\n\n\n<p class=\"wp-block-paragraph\">Em Portugal, P\u00e9rez teve uma jornada mais ok e um resultado dentro do esperado ao finalizar em quarto. Uma semana depois, em Barcelona, o latino-americano teve uma classifica\u00e7\u00e3o muito abaixo da performance da Red Bull e largou em oitavo. A posi\u00e7\u00e3o de grid, no fim das contas, complicou toda a corrida em raz\u00e3o das not\u00f3rias de ultrapassar no circuito catal\u00e3o.<\/p>\n\n\n\n<p class=\"wp-block-paragraph\">P\u00e9rez entende que ainda est\u00e1 no processo de entendimento das manhas do carro da Red Bull. \u2018Checo\u2019 ressaltou que a redu\u00e7\u00e3o dos treinos de sexta-feira em 30 minutos cada trouxe uma perda de tempo de pista consider\u00e1vel, o que compromete o trabalho de adapta\u00e7\u00e3o ao RB16B.<\/p>\n\n\n\n<p class=\"wp-block-paragraph\">\u201cEstou ficando cada vez mais confiante com o carro, claro. Cada vez que termina a semana como eu gosto, eu s\u00f3 queria que o fim de semana come\u00e7asse naquela hora. Levando em conta o qu\u00e3o limitado \u00e9 o tempo de pista, isso torna muito dif\u00edcil para alcan\u00e7ar essa velocidade\u201d, salientou.<\/p>\n\n\n\n<p class=\"wp-block-paragraph\">Por fim, o piloto falou sobre como se sentiu depois de terminar em quinto lugar em Barcelona, muito longe at\u00e9 mesmo da luta por um lugar no p\u00f3dio.<\/p>\n\n\n\n<p class=\"wp-block-paragraph\">\u201cClaro que \u00e9 frustrante. Mas, levando em conta nosso dia ruim, acho que foi tudo o que poder\u00edamos ter feito. Levei muito tempo para passar Daniel. Ele foi muito r\u00e1pido na reta principal. N\u00e3o \u00e9 um lugar f\u00e1cil para ultrapassar. Vamos esquecer essa e voltar para M\u00f4naco, aprender com o que fizemos e, com sorte, voltarmos mais fortes\u201d, finalizou \u2018Checo\u2019 P\u00e9rez.<\/p>\n\n\n\n<figure class=\"wp-block-embed is-type-video is-provider-youtube wp-block-embed-youtube wp-embed-aspect-16-9 wp-has-aspect-ratio\"><div class=\"wp-block-embed__wrapper\">\n<iframe loading=\"lazy\" title=\"F1 2021: HAMILTON E MERCEDES VENCEM GP DA ESPANHA NO BRA\u00c7O E NA CABE\u00c7A | Paddock GP #238\" width=\"500\" height=\"281\" src=\"https:\/\/www.youtube.com\/embed\/SQv_fNOUEn8?feature=oembed\" frameborder=\"0\" allow=\"accelerometer; autoplay; clipboard-write; encrypted-media; gyroscope; picture-in-picture; web-share\" referrerpolicy=\"strict-origin-when-cross-origin\" allowfullscreen><\/iframe>\n<\/div><\/figure>\n","protected":false},"excerpt":{"rendered":"<p>Sergio P\u00e9rez entende que a redu\u00e7\u00e3o em 30 minutos nos treinos livres de sexta-feira a partir de 2021 limitou bastante o tempo de pista no seu processo de adapta\u00e7\u00e3o ao carro da Red Bull. O mexicano reconheceu que ainda n\u00e3o conseguiu encaixar um fim de semana \u2018redondo\u2019 na temporada<\/p>\n","protected":false},"author":0,"featured_media":1000472572,"comment_status":"closed","ping_status":"closed","sticky":false,"template":"","format":"standard","meta":{"42wp_featured_image_caption":"","42wp_featured_image_credits":"","42wp_featured_video":"","42wp_featured_image_hidden":false,"42wp_authors_list":[],"footnotes":""},"categories":[2],"tags":[147,156,24837,25536,24836,28012,24863],"42wp_author":[47110],"class_list":["post-121280","post","type-post","status-publish","format-standard","has-post-thumbnail","hentry","category-f1","tag-f1","tag-f1-2021","tag-formula-1-2","tag-formula-1-2021-2","tag-grande-premio-2","tag-perez-na-red-bull","tag-sergio-perez-2","42wp_author-fernando-silva"],"_links":{"self":[{"href":"https:\/\/grandepremio.com\/br\/wp-json\/wp\/v2\/posts\/121280","targetHints":{"allow":["GET"]}}],"collection":[{"href":"https:\/\/grandepremio.com\/br\/wp-json\/wp\/v2\/posts"}],"about":[{"href":"https:\/\/grandepremio.com\/br\/wp-json\/wp\/v2\/types\/post"}],"replies":[{"embeddable":true,"href":"https:\/\/grandepremio.com\/br\/wp-json\/wp\/v2\/comments?post=121280"}],"version-history":[{"count":0,"href":"https:\/\/grandepremio.com\/br\/wp-json\/wp\/v2\/posts\/121280\/revisions"}],"wp:featuredmedia":[{"embeddable":true,"href":"https:\/\/grandepremio.com\/br\/wp-json\/wp\/v2\/media\/1000472572"}],"wp:attachment":[{"href":"https:\/\/grandepremio.com\/br\/wp-json\/wp\/v2\/media?parent=121280"}],"wp:term":[{"taxonomy":"category","embeddable":true,"href":"https:\/\/grandepremio.com\/br\/wp-json\/wp\/v2\/categories?post=121280"},{"taxonomy":"post_tag","embeddable":true,"href":"https:\/\/grandepremio.com\/br\/wp-json\/wp\/v2\/tags?post=121280"},{"taxonomy":"42wp_author","embeddable":true,"href":"https:\/\/grandepremio.com\/br\/wp-json\/wp\/v2\/42wp_author?post=121280"}],"curies":[{"name":"wp","href":"https:\/\/api.w.org\/{rel}","templated":true}]}}