{"id":121338,"date":"2021-05-09T11:50:00","date_gmt":"2021-05-09T14:50:00","guid":{"rendered":"https:\/\/grandepremio.com\/br\/noticias\/briefing-entra-ao-vivo-e-analisa-tudo-sobre-o-gp-da-espanha-de-formula-1\/"},"modified":"2021-05-09T11:52:45","modified_gmt":"2021-05-09T14:52:45","slug":"briefing-entra-ao-vivo-e-analisa-tudo-sobre-o-gp-da-espanha-de-formula-1","status":"publish","type":"post","link":"https:\/\/grandepremio.com\/br\/f1\/briefing-entra-ao-vivo-e-analisa-tudo-sobre-o-gp-da-espanha-de-formula-1\/","title":{"rendered":"Briefing entra ao vivo e analisa tudo sobre o GP da Espanha de F\u00f3rmula 1"},"content":{"rendered":"\n<figure class=\"wp-block-video\"><video class=\"video-js vjs-big-play-centered\" data-gp-vjs=\"1\" controls src=\"https:\/\/www.grandepremio.com\/br\/wp-content\/uploads\/l-videos\/2021-05-02_F1_GPPortugal_domingo_editado.mp4\"><\/video><\/figure>\n\n\n\n<p class=\"wp-block-paragraph\">Logo ap\u00f3s o encerramento do GP da Espanha, quarta etapa da temporada 2021 da\u00a0<a href=\"https:\/\/www.grandepremio.com\/br\/f1\/\" target=\"_blank\" rel=\"noreferrer noopener\">F\u00f3rmula 1<\/a>, o\u00a0<strong>BRIEFING<\/strong>, programa de debates da\u00a0<a href=\"https:\/\/www.youtube.com\/c\/GrandePremioTV\"><strong>GPTV, o canal do GRANDE PR\u00caMIO<\/strong>\u00a0<strong>no YouTube<\/strong><\/a>, entra ao vivo para debater tudo o que aconteceu de melhor (e de pior) no circuito Barcelona-Catalunya na tarde deste domingo (9).<\/p>\n\n\n\n<p class=\"wp-block-paragraph\">Lewis Hamilton arrancou uma vit\u00f3ria no peito e na ra\u00e7a e tamb\u00e9m na estrat\u00e9gia, al\u00e9m, claro, de contar com a vacilada da Red Bull ao n\u00e3o responder da mesma forma com Max Verstappen. O brit\u00e2nico comemorou seu terceiro triunfo no ano e abriu vantagem de 14 pontos para o seu maior rival na temporada. Valtteri Bottas terminou em terceiro, enquanto Charles Leclerc, da Ferrari, e Sergio P\u00e9rez, da Red Bull, completaram a lista dos cinco primeiros.<\/p>\n\n\n\n<p class=\"wp-block-paragraph\"><strong>Conhe\u00e7a o canal do Grande Pr\u00eamio no YouTube! Clique&nbsp;<a rel=\"noreferrer noopener\" href=\"https:\/\/youtube.com\/GrandePremioTV\" target=\"_blank\">aqui<\/a>.<br>Siga o Grande Pr\u00eamio no&nbsp;<a rel=\"noreferrer noopener\" href=\"https:\/\/twitter.com\/grandepremio\" target=\"_blank\">Twitter&nbsp;<\/a>e no&nbsp;<a rel=\"noreferrer noopener\" href=\"https:\/\/instagram.com\/grandepremio\" target=\"_blank\">Instagram<\/a>!<\/strong><\/p>\n\n\n\n<figure class=\"wp-block-image size-large\"><img decoding=\"async\" src=\"https:\/\/www.grandepremio.com\/br\/wp-content\/uploads\/2021\/05\/mercedes-lewishamilton-04-1024x703.jpg\" alt=\"\" class=\"wp-image-471921\"\/><figcaption>Lewis Hamilton foi o grande vencedor do GP da Espanha deste domingo (Foto: Mercedes) <\/figcaption><\/figure>\n\n\n\n<p class=\"wp-block-paragraph\">Entre as pautas principais do programa est\u00e3o o vencedor da corrida em&nbsp;Barcelona, os grandes nomes, as maiores pol\u00eamicas, as notas dos pilotos e a novidade do&nbsp;<strong>BRIEFING<\/strong>&nbsp;p\u00f3s-corrida: o pr\u00eamio Guiomar Aguiar, dedicado ao pior piloto do GP da Espanha.<\/p>\n\n\n\n<p class=\"wp-block-paragraph\">O\u00a0<strong>BRIEFING<\/strong>\u00a0p\u00f3s-GP da Espanha ter\u00e1 a apresenta\u00e7\u00e3o de Victor Martins e coment\u00e1rios de Evelyn Guimar\u00e3es e do convidado especial Victor Ludgero.<\/p>\n\n\n\n<figure class=\"wp-block-embed is-type-video is-provider-youtube wp-block-embed-youtube wp-embed-aspect-16-9 wp-has-aspect-ratio\"><div class=\"wp-block-embed__wrapper\">\n<iframe loading=\"lazy\" title=\"RED BULL VACILA E HAMILTON VENCE NA ESPANHA. AN\u00c1LISE COM VICTOR LUDGERO | Briefing\" width=\"500\" height=\"281\" src=\"https:\/\/www.youtube.com\/embed\/9m6bs5XYHqc?feature=oembed\" frameborder=\"0\" allow=\"accelerometer; autoplay; clipboard-write; encrypted-media; gyroscope; picture-in-picture; web-share\" referrerpolicy=\"strict-origin-when-cross-origin\" allowfullscreen><\/iframe>\n<\/div><\/figure>\n\n\n\n<p class=\"wp-block-paragraph\"><\/p>\n","protected":false},"excerpt":{"rendered":"<p>Logo ap\u00f3s a bandeirada do GP da Espanha, o GRANDE PR\u00caMIO entra ao vivo com o BRIEFING para comentar tudo sobre a corrida do circuito Barcelona-Catalunya, vencida por Lewis Hamilton<\/p>\n","protected":false},"author":0,"featured_media":1000472067,"comment_status":"closed","ping_status":"closed","sticky":false,"template":"","format":"standard","meta":{"42wp_featured_image_caption":"","42wp_featured_image_credits":"","42wp_featured_video":"","42wp_featured_image_hidden":false,"42wp_authors_list":[],"footnotes":""},"categories":[2],"tags":[3350,2154,147,390,24837,996,570,1291,154,486],"42wp_author":[47139],"class_list":["post-121338","post","type-post","status-publish","format-standard","has-post-thumbnail","hentry","category-f1","tag-briefing","tag-evelyn-guimaraes","tag-f1","tag-fernando-silva","tag-formula-1-2","tag-gp-da-espanha","tag-pedro-henrique-marum","tag-temporada-2019-f1","tag-temporada-2021","tag-victor-martins","42wp_author-ana-cerveira"],"_links":{"self":[{"href":"https:\/\/grandepremio.com\/br\/wp-json\/wp\/v2\/posts\/121338","targetHints":{"allow":["GET"]}}],"collection":[{"href":"https:\/\/grandepremio.com\/br\/wp-json\/wp\/v2\/posts"}],"about":[{"href":"https:\/\/grandepremio.com\/br\/wp-json\/wp\/v2\/types\/post"}],"replies":[{"embeddable":true,"href":"https:\/\/grandepremio.com\/br\/wp-json\/wp\/v2\/comments?post=121338"}],"version-history":[{"count":0,"href":"https:\/\/grandepremio.com\/br\/wp-json\/wp\/v2\/posts\/121338\/revisions"}],"wp:featuredmedia":[{"embeddable":true,"href":"https:\/\/grandepremio.com\/br\/wp-json\/wp\/v2\/media\/1000472067"}],"wp:attachment":[{"href":"https:\/\/grandepremio.com\/br\/wp-json\/wp\/v2\/media?parent=121338"}],"wp:term":[{"taxonomy":"category","embeddable":true,"href":"https:\/\/grandepremio.com\/br\/wp-json\/wp\/v2\/categories?post=121338"},{"taxonomy":"post_tag","embeddable":true,"href":"https:\/\/grandepremio.com\/br\/wp-json\/wp\/v2\/tags?post=121338"},{"taxonomy":"42wp_author","embeddable":true,"href":"https:\/\/grandepremio.com\/br\/wp-json\/wp\/v2\/42wp_author?post=121338"}],"curies":[{"name":"wp","href":"https:\/\/api.w.org\/{rel}","templated":true}]}}