{"id":121344,"date":"2021-05-09T07:10:48","date_gmt":"2021-05-09T10:10:48","guid":{"rendered":"https:\/\/grandepremio.com\/br\/noticias\/barcelona-ceu-nublado-muito-vento-pouca-chance-chuva-gp-da-espanha-formula-1\/"},"modified":"2021-05-09T07:10:53","modified_gmt":"2021-05-09T10:10:53","slug":"barcelona-ceu-nublado-muito-vento-pouca-chance-chuva-gp-da-espanha-formula-1","status":"publish","type":"post","link":"https:\/\/grandepremio.com\/br\/f1\/barcelona-ceu-nublado-muito-vento-pouca-chance-chuva-gp-da-espanha-formula-1\/","title":{"rendered":"Barcelona tem c\u00e9u nublado, muito vento e pouca chance de chuva para GP da Espanha"},"content":{"rendered":"\n<figure class=\"wp-block-video\"><video class=\"video-js vjs-big-play-centered\" data-gp-vjs=\"1\" controls src=\"https:\/\/www.grandepremio.com\/br\/wp-content\/uploads\/2021\/05\/sette-camara-monaco-crash.mp4\"><\/video><figcaption>Sette C\u00e2mara escapou na \u00faltima curva, bateu e larga em \u00faltimo nas ruas de M\u00f4naco (V\u00eddeo: F\u00f3rmula E)<\/figcaption><\/figure>\n\n\n\n<p class=\"wp-block-paragraph\">A previs\u00e3o do tempo para o GP da Espanha, quarta etapa da temporada 2021 da F\u00f3rmula 1, neste domingo (9), indica chance reduzida de chuva. Segundo o site especializado Weather Channel, a possibilidade de pista molhada nas pr\u00f3ximas horas em Montmel\u00f3 \u00e9 de apenas 5%. No entanto, j\u00e1 durante a corrida da F\u00f3rmula 3, j\u00e1 \u00e9 poss\u00edvel ver o c\u00e9u bastante nublado. H\u00e1 muito vento na regi\u00e3o do circuito catal\u00e3o.<\/p>\n\n\n\n<p class=\"wp-block-paragraph\">No momento, a temperatura ambiente \u00e9 de 21\u00baC, com tend\u00eancia de pequena varia\u00e7\u00e3o e subida para 22\u00baC durante a corrida. O que chama a aten\u00e7\u00e3o, novamente, \u00e9 a intensa velocidade dos ventos, que v\u00e3o alcan\u00e7ar cerca de 18 km\/h ao longo da prova.<\/p>\n\n\n\n<p class=\"wp-block-paragraph\"><strong>Conhe\u00e7a o canal do Grande Pr\u00eamio no YouTube! Clique\u00a0<a target=\"_blank\" href=\"https:\/\/youtube.com\/GrandePremioTV\" rel=\"noreferrer noopener\">aqui<\/a>.<\/strong><br><strong>Siga o Grande Pr\u00eamio no\u00a0<a target=\"_blank\" href=\"https:\/\/twitter.com\/grandepremio\" rel=\"noreferrer noopener\">Twitter\u00a0<\/a>e no\u00a0<a target=\"_blank\" href=\"https:\/\/instagram.com\/grandepremio\" rel=\"noreferrer noopener\">Instagram<\/a>!<\/strong><\/p>\n\n\n\n<figure class=\"wp-block-image size-large\"><img decoding=\"async\" src=\"https:\/\/www.grandepremio.com\/br\/wp-content\/uploads\/2021\/05\/BarcelonaCatalunhadomingo-1024x683.jpg\" alt=\"BARCELONA; CATALUNHA; DOMINGO;\" class=\"wp-image-472041\"\/><figcaption>A previs\u00e3o do tempo para o domingo em Barcelona \u00e9 de pista seca (Foto: Scuderia Ferrari)<\/figcaption><\/figure>\n\n\n\n<p class=\"wp-block-paragraph\">O c\u00e9u nublado vai ser o cen\u00e1rio predominante ao longo de todo o domingo em Barcelona. Mas o percentual de chance de chuva, segundo o Weather Channel, vai variar apenas entre 4 e 5%. J\u00e1 a umidade relativa do ar vai ficar em torno de 65%.<\/p>\n\n\n\n<p class=\"wp-block-paragraph\">O GP da Espanha de F\u00f3rmula 1 vai ter Lewis Hamilton largando na pole-position. <a href=\"https:\/\/www.grandepremio.com\/br\/f1\/noticias\/lewis-hamilton-derrota-max-verstappen-na-espanha-crava-pole-100-na-formula-1\/\">O heptacampe\u00e3o mundial brilhou novamente e alcan\u00e7ou outra grande marca na sua laureada carreira ao conquistar pela 100\u00aa vez a posi\u00e7\u00e3o de honra no grid do Mundial<\/a>.<\/p>\n\n\n\n<p class=\"wp-block-paragraph\">Hamilton superou Max Verstappen por apenas 0s036. O holand\u00eas vai dividir a primeira fila do grid com o carro da Red Bull, partindo lado a lado com Lewis, enquanto Valtteri Bottas, com a outra Mercedes, vai largar em terceiro, ao lado de Charles Leclerc, novamente em outra grande classifica\u00e7\u00e3o com a Ferrari.<\/p>\n\n\n\n<p class=\"wp-block-paragraph\">O GP da Espanha tem largada marcada para 10h (de Bras\u00edlia). Antes, a partir das 9h, o <strong>BRIEFING<\/strong>, programa<a href=\"https:\/\/www.youtube.com\/c\/GrandePremioTV\/\"> AO VIVO da GP TV, o canal do <strong>GRANDE PR\u00caMIO<\/strong> no YouTube<\/a>, debate tudo sobre a classifica\u00e7\u00e3o e traz as \u00faltimas informa\u00e7\u00f5es vindas direto de Barcelona antes da largada.<\/p>\n\n\n\n<p class=\"wp-block-paragraph\">O <strong>GRANDE PR\u00caMIO<\/strong> acompanha todas as atividades de pista do GP da Espanha <strong>AO VIVO e em TEMPO REAL<\/strong>.<\/p>\n\n\n\n<figure class=\"wp-block-embed is-type-video is-provider-youtube wp-block-embed-youtube wp-embed-aspect-16-9 wp-has-aspect-ratio\"><div class=\"wp-block-embed__wrapper\">\n<iframe loading=\"lazy\" title=\"HAMILTON BATE VERSTAPPEN NA ESPANHA E ALCAN\u00c7A A CENT\u00c9SIMA POLE NA F1 | Briefing\" width=\"500\" height=\"281\" src=\"https:\/\/www.youtube.com\/embed\/Oi0pXwJOuoA?feature=oembed\" frameborder=\"0\" allow=\"accelerometer; autoplay; clipboard-write; encrypted-media; gyroscope; picture-in-picture; web-share\" referrerpolicy=\"strict-origin-when-cross-origin\" allowfullscreen><\/iframe>\n<\/div><\/figure>\n","protected":false},"excerpt":{"rendered":"<p>O GP da Espanha vai ser disputado com o c\u00e9u bastante nublado na tarde deste domingo (9) em Montmel\u00f3. Segundo o site especializado Weather Channel, no entanto, a chance de chuva \u00e9 de somente 5%<\/p>\n","protected":false},"author":0,"featured_media":1000472041,"comment_status":"closed","ping_status":"closed","sticky":false,"template":"","format":"standard","meta":{"42wp_featured_image_caption":"","42wp_featured_image_credits":"","42wp_featured_video":"","42wp_featured_image_hidden":false,"42wp_authors_list":[],"footnotes":""},"categories":[2],"tags":[304,1877,147,156,24837,996,24836,25333],"42wp_author":[47110],"class_list":["post-121344","post","type-post","status-publish","format-standard","has-post-thumbnail","hentry","category-f1","tag-barcelona","tag-espanha","tag-f1","tag-f1-2021","tag-formula-1-2","tag-gp-da-espanha","tag-grande-premio-2","tag-previsao-do-tempo","42wp_author-fernando-silva"],"_links":{"self":[{"href":"https:\/\/grandepremio.com\/br\/wp-json\/wp\/v2\/posts\/121344","targetHints":{"allow":["GET"]}}],"collection":[{"href":"https:\/\/grandepremio.com\/br\/wp-json\/wp\/v2\/posts"}],"about":[{"href":"https:\/\/grandepremio.com\/br\/wp-json\/wp\/v2\/types\/post"}],"replies":[{"embeddable":true,"href":"https:\/\/grandepremio.com\/br\/wp-json\/wp\/v2\/comments?post=121344"}],"version-history":[{"count":0,"href":"https:\/\/grandepremio.com\/br\/wp-json\/wp\/v2\/posts\/121344\/revisions"}],"wp:featuredmedia":[{"embeddable":true,"href":"https:\/\/grandepremio.com\/br\/wp-json\/wp\/v2\/media\/1000472041"}],"wp:attachment":[{"href":"https:\/\/grandepremio.com\/br\/wp-json\/wp\/v2\/media?parent=121344"}],"wp:term":[{"taxonomy":"category","embeddable":true,"href":"https:\/\/grandepremio.com\/br\/wp-json\/wp\/v2\/categories?post=121344"},{"taxonomy":"post_tag","embeddable":true,"href":"https:\/\/grandepremio.com\/br\/wp-json\/wp\/v2\/tags?post=121344"},{"taxonomy":"42wp_author","embeddable":true,"href":"https:\/\/grandepremio.com\/br\/wp-json\/wp\/v2\/42wp_author?post=121344"}],"curies":[{"name":"wp","href":"https:\/\/api.w.org\/{rel}","templated":true}]}}