{"id":121367,"date":"2021-05-08T12:48:10","date_gmt":"2021-05-08T15:48:10","guid":{"rendered":"https:\/\/grandepremio.com\/br\/noticias\/robin-frijns-aproveita-apagao-mercedes-vira-lider-formula-e-confira-classificacao\/"},"modified":"2021-05-08T12:55:55","modified_gmt":"2021-05-08T15:55:55","slug":"robin-frijns-aproveita-apagao-mercedes-vira-lider-formula-e-confira-classificacao","status":"publish","type":"post","link":"https:\/\/grandepremio.com\/br\/formula-e\/robin-frijns-aproveita-apagao-mercedes-vira-lider-formula-e-confira-classificacao\/","title":{"rendered":"Frijns aproveita apag\u00e3o da Mercedes e vira l\u00edder da F\u00f3rmula E. Confira classifica\u00e7\u00e3o"},"content":{"rendered":"\n<figure class=\"wp-block-video\"><video class=\"video-js vjs-big-play-centered\" data-gp-vjs=\"1\" controls src=\"https:\/\/www.grandepremio.com\/br\/wp-content\/uploads\/2021\/05\/frijns-dacosta-monaco-corrida.mp4\"><\/video><figcaption>Robin Frijns ultrapassa F\u00e9lix da Costa e assume a lideran\u00e7a em M\u00f4naco (V\u00eddeo: F\u00f3rmula E)<\/figcaption><\/figure>\n\n\n\n<p class=\"wp-block-paragraph\">Bastou um <strong><a href=\"https:\/\/www.grandepremio.com\/br\/formula-e\/noticias\/da-costa-passa-evans-no-apagar-das-luzes-e-vence-ep-de-monaco-da-formula-e\/\">s\u00e1bado (8) ruim<\/a><\/strong> que todo o favoritismo da Mercedes j\u00e1 parece ter ru\u00eddo. A equipe que formava dobradinha no Campeonato de Pilotos n\u00e3o pontuou em M\u00f4naco e abriu caminho para uma reviravolta: agora \u00e9 Robin Frijns quem aparece em primeiro.<\/p>\n\n\n\n<p class=\"wp-block-paragraph\">O holand\u00eas aposta na regularidade, vista com o segundo lugar em M\u00f4naco, para compensar a falta de vit\u00f3rias at\u00e9 aqui. S\u00e3o 62 pontos, representando 5 de vantagem sobre Nyck de Vries, agora vice. Stoffel Vandoorne, outro piloto das Flechas de Prata, desaba de segundo para sexto, estacionado em 48.<\/p>\n\n\n\n<p class=\"wp-block-paragraph\"><strong>Conhe\u00e7a o canal do Grande Pr\u00eamio no YouTube! Clique&nbsp;<a target=\"_blank\" href=\"https:\/\/youtube.com\/GrandePremioTV\" rel=\"noreferrer noopener\">aqui<\/a>.<\/strong><br><strong>Siga o Grande Pr\u00eamio no&nbsp;<a target=\"_blank\" href=\"https:\/\/twitter.com\/grandepremio\" rel=\"noreferrer noopener\">Twitter&nbsp;<\/a>e no&nbsp;<a target=\"_blank\" href=\"https:\/\/instagram.com\/grandepremio\" rel=\"noreferrer noopener\">Instagram<\/a>!<\/strong><\/p>\n\n\n\n<figure class=\"wp-block-image size-large\"><img decoding=\"async\" src=\"https:\/\/www.grandepremio.com\/br\/wp-content\/uploads\/2021\/04\/virgin-robinfrijns-1-1024x683.jpg\" alt=\"\" class=\"wp-image-462394\"\/><figcaption>Robin Frijns virou l\u00edder da F\u00f3rmula E (Foto: FIA F\u00f3rmula E)<\/figcaption><\/figure>\n\n\n\n<p class=\"wp-block-paragraph\">Mitch Evans, apesar da decep\u00e7\u00e3o de ver a vit\u00f3ria escapar em M\u00f4naco, tem motivos para celebrar. O piloto da Jaguar sobe para terceiro, com 54 tentos. Ant\u00f3nio F\u00e9lix da Costa, vencedor do dia, \u00e9 outro que ganha terreno e, com 52, entra de vez na luta pelo t\u00edtulo.<\/p>\n\n\n\n<p class=\"wp-block-paragraph\">Para os brasileiros, uma situa\u00e7\u00e3o ainda ruim. Lucas Di Grassi e S\u00e9rgio Sette C\u00e2mara n\u00e3o pontuaram e, assim, perderam ambos posi\u00e7\u00e3o para Maximilian G\u00fcnther. O campe\u00e3o cai para 20\u00b0, com o novato em 21\u00b0.<\/p>\n\n\n\n<p class=\"wp-block-paragraph\"><strong>Confira a classifica\u00e7\u00e3o da F\u00f3rmula E ap\u00f3s eP de M\u00f4naco:<\/strong><\/p>\n\n\n\n<figure class=\"wp-block-table\"><table><tbody><tr><td><strong><\/strong><\/td><td><strong><\/strong><\/td><td><strong><\/strong><\/td><td><strong><\/strong><\/td><td>Poles<\/td><td>Vit\u00f3rias<\/td><td>PONTOS<\/td><\/tr><tr><td><strong>1<\/strong><\/td><td>R FRIJNS<\/td><td>HOL<\/td><td>Virgin Audi<\/td><td><strong>1<\/strong><\/td><td><strong>&#8211;<\/strong><\/td><td><strong>62<\/strong><\/td><\/tr><tr><td><strong>2<\/strong><\/td><td>N DE VRIES<\/td><td>HOL<\/td><td>Mercedes<\/td><td><strong>1<\/strong><\/td><td><strong>2<\/strong><\/td><td><strong>57<\/strong><\/td><\/tr><tr><td><strong>3<\/strong><\/td><td>M EVANS<\/td><td>NZL<\/td><td>Jaguar<\/td><td><strong>&#8211;<\/strong><\/td><td><strong>&#8211;<\/strong><\/td><td><strong>54<\/strong><\/td><\/tr><tr><td><strong>4<\/strong><\/td><td>A.F. DA COSTA<\/td><td>POR<\/td><td>DS Techeetah<\/td><td><strong>2<\/strong><\/td><td><strong>1<\/strong><\/td><td><strong>52<\/strong><\/td><\/tr><tr><td><strong>5<\/strong><\/td><td>S BIRD<\/td><td>ING<\/td><td>Jaguar<\/td><td><strong>&#8211;<\/strong><\/td><td><strong>1<\/strong><\/td><td><strong>49<\/strong><\/td><\/tr><tr><td><strong>6<\/strong><\/td><td>S VANDOORNE<\/td><td>BEL<\/td><td>Mercedes<\/td><td><strong>1<\/strong><\/td><td><strong>1<\/strong><\/td><td><strong>48<\/strong><\/td><\/tr><tr><td><strong>7<\/strong><\/td><td>J.E. VERGNE<\/td><td>FRA<\/td><td>DS Techeetah<\/td><td><strong>&#8211;<\/strong><\/td><td><strong>1<\/strong><\/td><td><strong>46<\/strong><\/td><\/tr><tr><td><strong>8<\/strong><\/td><td>R RAST<\/td><td>ALE<\/td><td>Audi<\/td><td><strong>&#8211;<\/strong><\/td><td><strong>&#8211;<\/strong><\/td><td><strong>39<\/strong><\/td><\/tr><tr><td><strong>9<\/strong><\/td><td>O ROWLAND<\/td><td>ING<\/td><td>Nissan<\/td><td><strong>&#8211;<\/strong><\/td><td><strong>&#8211;<\/strong><\/td><td><strong>35<\/strong><\/td><\/tr><tr><td><strong>10<\/strong><\/td><td>J DENNIS<\/td><td>ING<\/td><td>BMW<\/td><td><strong>1<\/strong><\/td><td><strong>1<\/strong><\/td><td><strong>33<\/strong><\/td><\/tr><tr><td><strong>11<\/strong><\/td><td>E MORTARA<\/td><td>SUI<\/td><td>Venturi Mercedes<\/td><td><strong>&#8211;<\/strong><\/td><td><strong>&#8211;<\/strong><\/td><td><strong>32<\/strong><\/td><\/tr><tr><td><strong>12<\/strong><\/td><td>P WEHRLEIN<\/td><td>ALE<\/td><td>Porsche<\/td><td><strong>&#8211;<\/strong><\/td><td><strong>&#8211;<\/strong><\/td><td><strong>32<\/strong><\/td><\/tr><tr><td><strong>13<\/strong><\/td><td>N M\u00dcLLER<\/td><td>SUI<\/td><td>Dragon Penske<\/td><td><strong>&#8211;<\/strong><\/td><td><strong>&#8211;<\/strong><\/td><td><strong>30<\/strong><\/td><\/tr><tr><td><strong>14<\/strong><\/td><td>A SIMS<\/td><td>ING<\/td><td>Mahindra<\/td><td><strong>&#8211;<\/strong><\/td><td><strong>&#8211;<\/strong><\/td><td><strong>24<\/strong><\/td><\/tr><tr><td><strong>15<\/strong><\/td><td>M G\u00dcNTHER<\/td><td>ALE<\/td><td>BMW<\/td><td><strong>&#8211;<\/strong><\/td><td><strong>&#8211;<\/strong><\/td><td><strong>22<\/strong><\/td><\/tr><tr><td><strong>16<\/strong><\/td><td>A LYNN<\/td><td>ING<\/td><td>Mahindra<\/td><td><strong>&#8211;<\/strong><\/td><td><strong>&#8211;<\/strong><\/td><td><strong>21<\/strong><\/td><\/tr><tr><td><strong>17<\/strong><\/td><td>A LOTTERER<\/td><td>ALE<\/td><td>Porsche<\/td><td><strong>&#8211;<\/strong><\/td><td><strong>&#8211;<\/strong><\/td><td><strong>20<\/strong><\/td><\/tr><tr><td><strong>18<\/strong><\/td><td>N CASSIDY<\/td><td>NZE<\/td><td>Virgin Audi<\/td><td><strong>1<\/strong><\/td><td><strong>&#8211;<\/strong><\/td><td><strong>19<\/strong><\/td><\/tr><tr><td><strong>19<\/strong><\/td><td>O TURVEY<\/td><td>ING<\/td><td>NIO<\/td><td><strong>&#8211;<\/strong><\/td><td><strong>&#8211;<\/strong><\/td><td><strong>13<\/strong><\/td><\/tr><tr><td><strong>20<\/strong><\/td><td>L DI GRASSI<\/td><td>BRA<\/td><td>Audi<\/td><td><strong>&#8211;<\/strong><\/td><td><strong>&#8211;<\/strong><\/td><td><strong>13<\/strong><\/td><\/tr><tr><td><strong>21<\/strong><\/td><td>S. SETTE C\u00c2MARA<\/td><td>BRA<\/td><td>Dragon Penske<\/td><td><strong>&#8211;<\/strong><\/td><td><strong>&#8211;<\/strong><\/td><td><strong>12<\/strong><\/td><\/tr><tr><td><strong>22<\/strong><\/td><td>S BUEMI<\/td><td>SUI<\/td><td>Nissan<\/td><td><strong>&#8211;<\/strong><\/td><td><strong>&#8211;<\/strong><\/td><td><strong>11<\/strong><\/td><\/tr><tr><td><strong>23<\/strong><\/td><td>N NATO<\/td><td>FRA<\/td><td>Venturi Mercedes<\/td><td><strong>&#8211;<\/strong><\/td><td><strong>&#8211;<\/strong><\/td><td><strong>11<\/strong><\/td><\/tr><tr><td><strong>24<\/strong><\/td><td>T BLOMQVIST<\/td><td>ING<\/td><td>NIO<\/td><td><strong>&#8211;<\/strong><\/td><td><strong>&#8211;<\/strong><\/td><td><strong>5<\/strong><\/td><\/tr><\/tbody><\/table><\/figure>\n","protected":false},"excerpt":{"rendered":"<p>A Mercedes sai de M\u00f4naco zerada, perdendo terreno tanto com Nyck de Vries quanto com Stoffel Vandoorne. Melhor para Robin Frijns, que, mesmo ainda sem vit\u00f3ria, vira l\u00edder da F\u00f3rmula E<\/p>\n","protected":false},"author":0,"featured_media":1000462394,"comment_status":"closed","ping_status":"closed","sticky":false,"template":"","format":"standard","meta":{"42wp_featured_image_caption":"","42wp_featured_image_credits":"","42wp_featured_video":"","42wp_featured_image_hidden":false,"42wp_authors_list":[],"footnotes":""},"categories":[19],"tags":[26482,25000,82,25071,1556,1593,967],"42wp_author":[47118],"class_list":["post-121367","post","type-post","status-publish","format-standard","has-post-thumbnail","hentry","category-formula-e","tag-fe-2021","tag-formula-e-2","tag-mercedes","tag-monaco-2","tag-nyck-de-vries","tag-robin-frijns","tag-stoffel-vandoorne","42wp_author-vitor-fazio"],"_links":{"self":[{"href":"https:\/\/grandepremio.com\/br\/wp-json\/wp\/v2\/posts\/121367","targetHints":{"allow":["GET"]}}],"collection":[{"href":"https:\/\/grandepremio.com\/br\/wp-json\/wp\/v2\/posts"}],"about":[{"href":"https:\/\/grandepremio.com\/br\/wp-json\/wp\/v2\/types\/post"}],"replies":[{"embeddable":true,"href":"https:\/\/grandepremio.com\/br\/wp-json\/wp\/v2\/comments?post=121367"}],"version-history":[{"count":0,"href":"https:\/\/grandepremio.com\/br\/wp-json\/wp\/v2\/posts\/121367\/revisions"}],"wp:featuredmedia":[{"embeddable":true,"href":"https:\/\/grandepremio.com\/br\/wp-json\/wp\/v2\/media\/1000462394"}],"wp:attachment":[{"href":"https:\/\/grandepremio.com\/br\/wp-json\/wp\/v2\/media?parent=121367"}],"wp:term":[{"taxonomy":"category","embeddable":true,"href":"https:\/\/grandepremio.com\/br\/wp-json\/wp\/v2\/categories?post=121367"},{"taxonomy":"post_tag","embeddable":true,"href":"https:\/\/grandepremio.com\/br\/wp-json\/wp\/v2\/tags?post=121367"},{"taxonomy":"42wp_author","embeddable":true,"href":"https:\/\/grandepremio.com\/br\/wp-json\/wp\/v2\/42wp_author?post=121367"}],"curies":[{"name":"wp","href":"https:\/\/api.w.org\/{rel}","templated":true}]}}