{"id":121373,"date":"2021-05-08T09:45:00","date_gmt":"2021-05-08T12:45:00","guid":{"rendered":"https:\/\/grandepremio.com\/br\/noticias\/briefing-ao-vivo-classificacao-gp-da-espanha-de-formula-1\/"},"modified":"2021-05-08T10:11:09","modified_gmt":"2021-05-08T13:11:09","slug":"briefing-ao-vivo-classificacao-gp-da-espanha-de-formula-1","status":"publish","type":"post","link":"https:\/\/grandepremio.com\/br\/f1\/briefing-ao-vivo-classificacao-gp-da-espanha-de-formula-1\/","title":{"rendered":"Briefing tem edi\u00e7\u00e3o ao vivo neste s\u00e1bado e analisa classifica\u00e7\u00e3o do GP da Espanha de F1"},"content":{"rendered":"\n<figure class=\"wp-block-video\"><video class=\"video-js vjs-big-play-centered\" data-gp-vjs=\"1\" controls src=\"https:\/\/www.grandepremio.com\/br\/wp-content\/uploads\/l-videos\/2021-05-02_F1_GPPortugal_domingo_editado.mp4\"><\/video><figcaption>Lewis Hamilton conquistou a vit\u00f3ria 97 na F1: assista aos melhores momentos do GP de Portugal de F1 (Foto: GRANDE PREMIO com Reuters)<\/figcaption><\/figure>\n\n\n\n<p class=\"wp-block-paragraph\">T\u00e3o logo tiver in\u00edcio o Q3 da classifica\u00e7\u00e3o do GP da Espanha de F\u00f3rmula 1, neste s\u00e1bado (8), por volta de 10h45 (de Bras\u00edlia), o <strong>BRIEFING<\/strong> entra no ar ao vivo e disseca tudo sobre a defini\u00e7\u00e3o do grid de largada da temporada 2021 da F\u00f3rmula 1.<\/p>\n\n\n\n<p class=\"wp-block-paragraph\">Com apresenta\u00e7\u00e3o de Victor Martins e coment\u00e1rios de Evelyn Guimar\u00e3es e Pedro Henrique Marum, a mesa virtual do <strong>GRANDE PR\u00caMIO<\/strong> vai debater tudo o que aconteceu de melhor (e de pior) na classifica\u00e7\u00e3o em Barcelona. Tudo na <strong><a href=\"https:\/\/www.youtube.com\/c\/GrandePremioTV\">GPTV, o canal do GRANDE PR\u00caMIO no YouTube<\/a><\/strong>.<\/p>\n\n\n\n<p class=\"wp-block-paragraph\">Em formato j\u00e1 consagrado desde o ano passado, o <strong>BRIEFING<\/strong> tem mais uma edi\u00e7\u00e3o nos finais de semana de etapa do Mundial de F\u00f3rmula 1: a primeira vai ao ar aos s\u00e1bados, logo ap\u00f3s o fim da classifica\u00e7\u00e3o, e aos domingos segue com uma edi\u00e7\u00e3o antes da corrida e outra imediatamente ap\u00f3s a bandeira quadriculada.<\/p>\n\n\n\n<figure class=\"wp-block-image size-large\"><img decoding=\"async\" src=\"https:\/\/www.grandepremio.com\/br\/wp-content\/uploads\/2021\/05\/astonmartin-sebastianvettel-02-1-1024x683.jpg\" alt=\"\" class=\"wp-image-471564\"\/><figcaption>O BRIEFING vai analisar a classifica\u00e7\u00e3o do GP da Espanha logo ap\u00f3s o in\u00edcio do Q3 em Barcelona (Foto: Aston Martin)<\/figcaption><\/figure>\n\n\n\n<p class=\"wp-block-paragraph\"><strong>Conhe\u00e7a o canal do Grande Pr\u00eamio no YouTube! Clique&nbsp;<a target=\"_blank\" href=\"https:\/\/youtube.com\/GrandePremioTV\" rel=\"noreferrer noopener\">aqui<\/a>.<\/strong><br><strong>Siga o Grande Pr\u00eamio no&nbsp;<a target=\"_blank\" href=\"https:\/\/twitter.com\/grandepremio\" rel=\"noreferrer noopener\">Twitter&nbsp;<\/a>e no&nbsp;<a target=\"_blank\" href=\"https:\/\/instagram.com\/grandepremio\" rel=\"noreferrer noopener\">Instagram<\/a>!<\/strong><\/p>\n\n\n\n<p class=\"wp-block-paragraph\">O GP da Espanha, em raz\u00e3o das caracter\u00edsticas do circuito de Barcelona e dos muitos dados que as equipes disp\u00f5em do tra\u00e7ado, palco habitual de testes, se desenha como o cen\u00e1rio em que a ordem de for\u00e7as do grid da F\u00f3rmula 1 se apresenta de forma mais cristalina. <a href=\"https:\/\/www.grandepremio.com\/br\/f1\/classificacao\/\">A Mercedes e Lewis Hamilton lideram o campeonato com duas vit\u00f3rias, Bahrein e Portuga<\/a>l, enquanto Max Verstappen conduziu a Red Bull ao topo do p\u00f3dio em \u00cdmola, onde foi disputado o GP da Em\u00edlia-Romanha.<\/p>\n\n\n\n<p class=\"wp-block-paragraph\">No domingo, a partir de 9h (de Bras\u00edlia), Victor Martins comanda a atra\u00e7\u00e3o e, com Fernando Silva e Pedro Henrique Marum, traz a pr\u00e9via do GP da Espanha e debate as \u00faltimas informa\u00e7\u00f5es antes da largada em Barcelona.<\/p>\n\n\n\n<p class=\"wp-block-paragraph\">E logo depois da corrida, o <strong>BRIEFING<\/strong> p\u00f3s-corrida destrincha tudo o que aconteceu na segunda prova do campeonato, sempre com Victor Martins na apresenta\u00e7\u00e3o do programa.<\/p>\n\n\n\n<h3 class=\"wp-block-heading\">BRIEFING p\u00f3s-classifica\u00e7\u00e3o do GP da Espanha com Victor Martins, Evelyn Guimar\u00e3es e Pedro Henrique Marum<\/h3>\n\n\n\n<figure class=\"wp-block-embed is-type-video is-provider-youtube wp-block-embed-youtube wp-embed-aspect-16-9 wp-has-aspect-ratio\"><div class=\"wp-block-embed__wrapper\">\n<iframe loading=\"lazy\" title=\"HAMILTON BATE VERSTAPPEN NA ESPANHA E ALCAN\u00c7A A CENT\u00c9SIMA POLE NA F1 | Briefing\" width=\"500\" height=\"281\" src=\"https:\/\/www.youtube.com\/embed\/Oi0pXwJOuoA?feature=oembed\" frameborder=\"0\" allow=\"accelerometer; autoplay; clipboard-write; encrypted-media; gyroscope; picture-in-picture; web-share\" referrerpolicy=\"strict-origin-when-cross-origin\" allowfullscreen><\/iframe>\n<\/div><\/figure>\n","protected":false},"excerpt":{"rendered":"<p>Victor Martins, Evelyn Guimar\u00e3es e Pedro Henrique Marum entram ao ar no in\u00edcio do Q3 da classifica\u00e7\u00e3o do GP da Espanha e formam a mesa virtual do BRIEFING, que vai analisar o s\u00e1bado de F\u00f3rmula 1 em Barcelona<\/p>\n","protected":false},"author":0,"featured_media":1000471566,"comment_status":"closed","ping_status":"closed","sticky":false,"template":"","format":"standard","meta":{"42wp_featured_image_caption":"","42wp_featured_image_credits":"","42wp_featured_video":"","42wp_featured_image_hidden":false,"42wp_authors_list":[],"footnotes":""},"categories":[2],"tags":[3350,147,156,642,24837,25536,996,87,203,82,570,1214,204,612,486],"42wp_author":[47110],"class_list":["post-121373","post","type-post","status-publish","format-standard","has-post-thumbnail","hentry","category-f1","tag-briefing","tag-f1","tag-f1-2021","tag-f1-ao-vivo","tag-formula-1-2","tag-formula-1-2021-2","tag-gp-da-espanha","tag-lewis-hamilton","tag-max-verstappen","tag-mercedes","tag-pedro-henrique-marum","tag-pole-position","tag-red-bull","tag-valtteri-bottas","tag-victor-martins","42wp_author-fernando-silva"],"_links":{"self":[{"href":"https:\/\/grandepremio.com\/br\/wp-json\/wp\/v2\/posts\/121373","targetHints":{"allow":["GET"]}}],"collection":[{"href":"https:\/\/grandepremio.com\/br\/wp-json\/wp\/v2\/posts"}],"about":[{"href":"https:\/\/grandepremio.com\/br\/wp-json\/wp\/v2\/types\/post"}],"replies":[{"embeddable":true,"href":"https:\/\/grandepremio.com\/br\/wp-json\/wp\/v2\/comments?post=121373"}],"version-history":[{"count":0,"href":"https:\/\/grandepremio.com\/br\/wp-json\/wp\/v2\/posts\/121373\/revisions"}],"wp:featuredmedia":[{"embeddable":true,"href":"https:\/\/grandepremio.com\/br\/wp-json\/wp\/v2\/media\/1000471566"}],"wp:attachment":[{"href":"https:\/\/grandepremio.com\/br\/wp-json\/wp\/v2\/media?parent=121373"}],"wp:term":[{"taxonomy":"category","embeddable":true,"href":"https:\/\/grandepremio.com\/br\/wp-json\/wp\/v2\/categories?post=121373"},{"taxonomy":"post_tag","embeddable":true,"href":"https:\/\/grandepremio.com\/br\/wp-json\/wp\/v2\/tags?post=121373"},{"taxonomy":"42wp_author","embeddable":true,"href":"https:\/\/grandepremio.com\/br\/wp-json\/wp\/v2\/42wp_author?post=121373"}],"curies":[{"name":"wp","href":"https:\/\/api.w.org\/{rel}","templated":true}]}}