{"id":121399,"date":"2021-05-07T09:28:23","date_gmt":"2021-05-07T12:28:23","guid":{"rendered":"https:\/\/grandepremio.com\/br\/noticias\/dennis-hauger-pole-corrida-principal-formula-3-barcelona-caio-collet-decimo\/"},"modified":"2021-05-07T09:28:29","modified_gmt":"2021-05-07T12:28:29","slug":"dennis-hauger-pole-corrida-principal-formula-3-barcelona-caio-collet-decimo","status":"publish","type":"post","link":"https:\/\/grandepremio.com\/br\/f3\/dennis-hauger-pole-corrida-principal-formula-3-barcelona-caio-collet-decimo\/","title":{"rendered":"Hauger leva pole da corrida principal da F3 por s\u00f3 0s006 em Barcelona. Collet \u00e9 d\u00e9cimo"},"content":{"rendered":"\n<figure class=\"wp-block-video\"><video class=\"video-js vjs-big-play-centered\" data-gp-vjs=\"1\" controls src=\"https:\/\/www.grandepremio.com\/br\/wp-content\/uploads\/l-videos\/2021-05-02_F1_GPPortugal_domingo_editado.mp4\"><\/video><figcaption>Lewis Hamilton conquistou a vit\u00f3ria 97 na F1: assista aos melhores momentos do GP de Portugal de F1 (Foto: GRANDE PREMIO com Reuters)<\/figcaption><\/figure>\n\n\n\n<p class=\"wp-block-paragraph\">&#8220;Bem-vindo \u00e0 Prema&#8221;. Esta foi a mensagem recebida por Dennis Hauger depois de confirmar a conquista da primeira pole-position da temporada 2021 da F\u00f3rmula 3. O noruegu\u00eas marcou 1min32s904 na sua volta mais r\u00e1pida da sess\u00e3o classificat\u00f3ria desta sexta-feira (7), em Barcelona, tempo apenas 0s006 mais r\u00e1pido em rela\u00e7\u00e3o a Jack Doohan, da Trident, o segundo colocado. Victor Martins, companheiro de equipe de Caio Collet na MP Motorsport, obteve o terceiro tempo.<\/p>\n\n\n\n<p class=\"wp-block-paragraph\">Assim como acontece na F\u00f3rmula 2 em 2021, na F\u00f3rmula 3 a classifica\u00e7\u00e3o define o grid de largada da corrida de domingo, considerada a principal do fim de semana e a que distribui mais pontos. O regulamento da F3 diz que os 12 primeiros colocados da classifica\u00e7\u00e3o largam em posi\u00e7\u00e3o invertida na primeira prova da rodada tripla, enquanto o grid da corrida 2 \u00e9 definido pelo resultado da primeira disputa, tamb\u00e9m com grid invertido em rela\u00e7\u00e3o aos 12 primeiros.<\/p>\n\n\n\n<p class=\"wp-block-paragraph\">Desta forma, Caio Collet parte com chances de conquistar um bom resultado j\u00e1 na manh\u00e3 deste s\u00e1bado em Barcelona. O brasileiro obteve o d\u00e9cimo tempo na classifica\u00e7\u00e3o desta sexta-feira e, pela regra do grid invertido, larga em terceiro na corrida 1 do fim de semana. <a href=\"https:\/\/www.grandepremio.com\/br\/f3\/noticias\/enzo-fittipaldi-charouz-temporada-2021-formula-3\/\">Enzo Fittipaldi, que de \u00faltima hora confirmou seu retorno \u00e0 F\u00f3rmula 3, com a Charouz, registrou 1min33s806 e obteve o 18\u00ba lugar na corrida principal<\/a>, tr\u00eas posi\u00e7\u00f5es atr\u00e1s de Arthur Leclerc, da Prema. A primeira posi\u00e7\u00e3o da corrida 1 vai ficar com o brit\u00e2nico Jonny Edgar, outra cria do Red Bull Junior Team, como Hauger.<\/p>\n\n\n\n<figure class=\"wp-block-image size-large\"><img decoding=\"async\" src=\"https:\/\/www.grandepremio.com\/br\/wp-content\/uploads\/2021\/05\/DennisHaugerpoleF3-1024x722.jpg\" alt=\"DENNIS HAUGER; POLE; F\u00d3RMULA 3; F3; BARCELONA;\" class=\"wp-image-471455\"\/><figcaption>Dennis Hauger festeja a pole-position da F3 em Barcelona (Foto: Prema Powerteam)<\/figcaption><\/figure>\n\n\n\n<p class=\"wp-block-paragraph\">A F\u00f3rmula 3 faz a primeira das tr\u00eas corridas do fim de semana na manh\u00e3 deste s\u00e1bado, a partir de 5h30 (de Bras\u00edlia). A segunda prova tamb\u00e9m acontece no s\u00e1bado, \u00e0s 11h40, enquanto a prova principal e derradeira do fim de semana, no domingo, est\u00e1 marcada para 7h. Todas com transmiss\u00e3o ao vivo pelo canal por assinatura BandSports e pelo servi\u00e7o de streaming F1 TV Pro.<\/p>\n\n\n\n<p class=\"wp-block-paragraph\"><strong>Conhe\u00e7a o canal do Grande Pr\u00eamio no YouTube! Clique\u00a0<a target=\"_blank\" href=\"https:\/\/youtube.com\/GrandePremioTV\" rel=\"noreferrer noopener\">aqui<\/a>.<\/strong><br><strong>Siga o Grande Pr\u00eamio no\u00a0<a target=\"_blank\" href=\"https:\/\/twitter.com\/grandepremio\" rel=\"noreferrer noopener\">Twitter\u00a0<\/a>e no\u00a0<a target=\"_blank\" href=\"https:\/\/instagram.com\/grandepremio\" rel=\"noreferrer noopener\">Instagram<\/a>!<\/strong><\/p>\n\n\n\n<h3 class=\"wp-block-heading\">Saiba como foi a classifica\u00e7\u00e3o da F\u00f3rmula 3 em Barcelona<\/h3>\n\n\n\n<figure class=\"wp-block-embed is-type-rich is-provider-spotify wp-block-embed-spotify wp-embed-aspect-21-9 wp-has-aspect-ratio\"><div class=\"wp-block-embed__wrapper\">\n<iframe title=\"Spotify Embed: Paddockast #102 - A Mercedes j\u00e1 est\u00e1 melhor que a Red Bull na F1 2021?\" style=\"border-radius: 12px\" width=\"100%\" height=\"152\" frameborder=\"0\" allowfullscreen allow=\"autoplay; clipboard-write; encrypted-media; fullscreen; picture-in-picture\" loading=\"lazy\" src=\"https:\/\/open.spotify.com\/embed\/episode\/2rp6Jzc9JGEGLkjPanwfTk?si=Hq1Lz8EjTG-P7jKLdsN0dA&amp;utm_source=oembed\"><\/iframe>\n<\/div><\/figure>\n\n\n\n<p class=\"wp-block-paragraph\">Antes do in\u00edcio da sess\u00e3o, a dire\u00e7\u00e3o de prova anunciou duas multas em raz\u00e3o de infra\u00e7\u00e3o no treino livre, mais cedo. Enzo Fittipaldi, que volta ao grid da F\u00f3rmula 3 depois de ter feito duas corridas da Indy Pro 2000 em Barber, tomou \u20ac 700 (R$ 4.461 na cota\u00e7\u00e3o atual) de multa por excesso de velocidade na entrada do pit-lane. E a ART Grand Prix, por libera\u00e7\u00e3o insegura de Alexander Smolyar para a pista, sofreu multa de \u20ac 500 (ou R$ 3.186).<\/p>\n\n\n\n<p class=\"wp-block-paragraph\">Os 30 pilotos do grid partiram para 30 minutos da primeira sess\u00e3o classificat\u00f3ria do ano, que definiu o grid para a terceira e mais importante prova do fim de semana, que vai acontecer no domingo. Com tantos carros na pista, um dos grandes desafios estava no intenso tr\u00e1fego ao longo da sess\u00e3o.<\/p>\n\n\n\n<figure class=\"wp-block-image size-large\"><img decoding=\"async\" src=\"https:\/\/www.grandepremio.com\/br\/wp-content\/uploads\/2021\/05\/E0yHSClXsAEtuc_-1024x576.jpg\" alt=\"CAIO COLLET; DENNIS HAUGER; F3; BARCELONA;\" class=\"wp-image-471447\"\/><figcaption>Incidente entre Caio Collet e Dennis Hauger marcou o in\u00edcio da classifica\u00e7\u00e3o (Foto: Reprodu\u00e7\u00e3o)<\/figcaption><\/figure>\n\n\n\n<p class=\"wp-block-paragraph\">Antes mesmo das voltas r\u00e1pidas serem aferidas, um incidente envolvendo Caio Collet foi anotado pela dire\u00e7\u00e3o de prova. Dennis Hauger reclamou que o brasileiro jogou seu carro para cima do #1 da Prema na volta de aquecimento dos pneus, quando os dois estavam lado a lado.<\/p>\n\n\n\n<p class=\"wp-block-paragraph\">Na primeira rodada de voltas r\u00e1pidas, Jack Doohan, da Trident, tinha o melhor tempo, com 1min33s580, seguido por Matteo Nannini, da HWA, e Arthur Leclerc, da Prema, vinha em terceiro. Collet aparecia em P17, quatro posi\u00e7\u00f5es \u00e0 frente de Fittipaldi.<\/p>\n\n\n\n<p class=\"wp-block-paragraph\">A sess\u00e3o esquentou nos minutos seguintes, quando v\u00e1rios pilotos baixaram suas marcas. Hauger, piloto ligado ao Red Bull Junior Team e um dos fortes candidatos ao t\u00edtulo, chegou a assumir a pole provis\u00f3ria, mas foi batido segundos depois por Doohan, que virou 1min33s091, s\u00f3 0s047 mais r\u00e1pido que o noruegu\u00eas. Collet tamb\u00e9m melhorou e subiu para nono.<\/p>\n\n\n\n<figure class=\"wp-block-image size-large\"><img decoding=\"async\" src=\"https:\/\/www.grandepremio.com\/br\/wp-content\/uploads\/2021\/05\/HaugerDoohan-1024x576.jpg\" alt=\"DENNIS HAUGER; JACK DOOHAN; F3; BARCELONA;\" class=\"wp-image-471451\"\/><figcaption>Batalha pela pole entre Dennis Hauger e Jack Doohan na F3 em Barcelona (Foto: Reprodu\u00e7\u00e3o)<\/figcaption><\/figure>\n\n\n\n<p class=\"wp-block-paragraph\">Nos minutos finais, os pilotos partiram para as \u00faltimas tentativas de voltas r\u00e1pidas. Na sua maioria, os competidores sa\u00edram do pit-lane com pneus novos.  A batalha ficou entre Hauger, Doohan e Frederik Vesti, da ART Grand Prix. O noruegu\u00eas virou 1min32s904, somente 0s006 mais r\u00e1pido que Doohan. Vesti ficou um pouco mais distante com tempo 0s2 acima da marca de Hauger.<\/p>\n\n\n\n<p class=\"wp-block-paragraph\">Os piloto da MP Motorsport deixaram para fazer suas voltas r\u00e1pidas mais perto do fim da sess\u00e3o. Tamb\u00e9m no &#8216;apagar das luzes&#8217;, Nannini voltou a se colocar bem, em terceiro na tabela de tempos, s\u00f3 que o italiano foi superado por Victor Martins. Caio Collet, por sua vez, aferiu o d\u00e9cimo tempo e, pela regra do grid invertido para a corrida 1 do fim de semana, vai largar em terceiro lugar na prova que abre a rodada tripla neste s\u00e1bado em Barcelona.<\/p>\n\n\n\n<figure class=\"wp-block-embed is-type-video is-provider-youtube wp-block-embed-youtube wp-embed-aspect-16-9 wp-has-aspect-ratio\"><div class=\"wp-block-embed__wrapper\">\n<iframe loading=\"lazy\" title=\"GP DA ESPANHA PODE DEFINIR F1 2021 + RUSSELL NO LUGAR DE BOTTAS | GP \u00e0s 10\" width=\"500\" height=\"281\" src=\"https:\/\/www.youtube.com\/embed\/vks0OmR4A6g?feature=oembed\" frameborder=\"0\" allow=\"accelerometer; autoplay; clipboard-write; encrypted-media; gyroscope; picture-in-picture; web-share\" referrerpolicy=\"strict-origin-when-cross-origin\" allowfullscreen><\/iframe>\n<\/div><\/figure>\n","protected":false},"excerpt":{"rendered":"<p>A primeira pole da temporada 2021 da F\u00f3rmula 3 \u00e9 de Dennis Hauger. O noruegu\u00eas da Prema superou Jack Doohan, da Trident, por apenas 0s006. Caio Collet vai largar em terceiro na corrida principal da etapa, enquanto Enzo Fittipaldi sair\u00e1 em 18\u00ba<\/p>\n","protected":false},"author":0,"featured_media":1000471454,"comment_status":"closed","ping_status":"closed","sticky":false,"template":"","format":"standard","meta":{"42wp_featured_image_caption":"","42wp_featured_image_credits":"","42wp_featured_video":"","42wp_featured_image_hidden":false,"42wp_authors_list":[],"footnotes":""},"categories":[10],"tags":[926,304,448,1581,409,1877,1008,26641,24945,1318,24836,599,25553,1214,486],"42wp_author":[47110],"class_list":["post-121399","post","type-post","status-publish","format-standard","has-post-thumbnail","hentry","category-f3","tag-arthur-leclerc","tag-barcelona","tag-caio-collet","tag-dennis-hauger","tag-enzo-fittipaldi","tag-espanha","tag-f3","tag-f3-2021","tag-formula-3-2","tag-frederik-vesti","tag-grande-premio-2","tag-jonny-edgar","tag-logan-sargeant","tag-pole-position","tag-victor-martins","42wp_author-fernando-silva"],"_links":{"self":[{"href":"https:\/\/grandepremio.com\/br\/wp-json\/wp\/v2\/posts\/121399","targetHints":{"allow":["GET"]}}],"collection":[{"href":"https:\/\/grandepremio.com\/br\/wp-json\/wp\/v2\/posts"}],"about":[{"href":"https:\/\/grandepremio.com\/br\/wp-json\/wp\/v2\/types\/post"}],"replies":[{"embeddable":true,"href":"https:\/\/grandepremio.com\/br\/wp-json\/wp\/v2\/comments?post=121399"}],"version-history":[{"count":0,"href":"https:\/\/grandepremio.com\/br\/wp-json\/wp\/v2\/posts\/121399\/revisions"}],"wp:featuredmedia":[{"embeddable":true,"href":"https:\/\/grandepremio.com\/br\/wp-json\/wp\/v2\/media\/1000471454"}],"wp:attachment":[{"href":"https:\/\/grandepremio.com\/br\/wp-json\/wp\/v2\/media?parent=121399"}],"wp:term":[{"taxonomy":"category","embeddable":true,"href":"https:\/\/grandepremio.com\/br\/wp-json\/wp\/v2\/categories?post=121399"},{"taxonomy":"post_tag","embeddable":true,"href":"https:\/\/grandepremio.com\/br\/wp-json\/wp\/v2\/tags?post=121399"},{"taxonomy":"42wp_author","embeddable":true,"href":"https:\/\/grandepremio.com\/br\/wp-json\/wp\/v2\/42wp_author?post=121399"}],"curies":[{"name":"wp","href":"https:\/\/api.w.org\/{rel}","templated":true}]}}