{"id":121407,"date":"2021-05-07T04:30:00","date_gmt":"2021-05-07T07:30:00","guid":{"rendered":"https:\/\/grandepremio.com\/br\/noticias\/sebastian-vettel-destaca-carinho-lewis-hamilton-exalta-ativismo-nao-da-ignorar-coisas\/"},"modified":"2021-05-06T18:19:33","modified_gmt":"2021-05-06T21:19:33","slug":"sebastian-vettel-destaca-carinho-lewis-hamilton-exalta-ativismo-nao-da-ignorar-coisas","status":"publish","type":"post","link":"https:\/\/grandepremio.com\/br\/f1\/sebastian-vettel-destaca-carinho-lewis-hamilton-exalta-ativismo-nao-da-ignorar-coisas\/","title":{"rendered":"Vettel destaca carinho por Hamilton e exalta ativismo: &#8220;N\u00e3o d\u00e1 para ignorar as coisas&#8221;"},"content":{"rendered":"\n<figure class=\"wp-block-video\"><video class=\"video-js vjs-big-play-centered\" data-gp-vjs=\"1\" controls src=\"https:\/\/www.grandepremio.com\/br\/wp-content\/uploads\/l-videos\/2021-05-02_F1_GPPortugal_domingo_editado.mp4\"><\/video><\/figure>\n\n\n\n<p class=\"wp-block-paragraph\">Sebastian Vettel destacou a boa rela\u00e7\u00e3o de carinho que mant\u00e9m com Lewis Hamilton na F\u00f3rmula 1. O titular da Aston Martin frisou o respeito m\u00fatuo que tem com o titular da Mercedes e destacou que os dois s\u00e3o ligados por uma mesma paix\u00e3o.<\/p>\n\n\n\n<p class=\"wp-block-paragraph\">Vettel avaliou que \u00e9 desnecess\u00e1rio falar dos feitos de Hamilton na pista, j\u00e1 que os n\u00fameros s\u00e3o bastante conhecidas, mas lembrou que o brit\u00e2nico evoluiu muito ao longo dos anos como pessoa.<\/p>\n\n\n\n<figure class=\"wp-block-image size-large\"><img decoding=\"async\" src=\"https:\/\/www.grandepremio.com\/br\/wp-content\/uploads\/2021\/04\/Sewis-2-1024x683.jpg\" alt=\"\" class=\"wp-image-463484\"\/><figcaption>Vettel elogiou o crescimento pessoal de Hamilton (Foto: F1)<\/figcaption><\/figure>\n\n\n\n<p class=\"wp-block-paragraph\"><strong>Conhe\u00e7a o canal do Grande Pr\u00eamio no YouTube! Clique\u00a0<a target=\"_blank\" href=\"https:\/\/youtube.com\/GrandePremioTV\" rel=\"noreferrer noopener\">aqui<\/a>.<\/strong><br><strong>Siga o Grande Pr\u00eamio no\u00a0<a target=\"_blank\" href=\"https:\/\/twitter.com\/grandepremio\" rel=\"noreferrer noopener\">Twitter\u00a0<\/a>e no\u00a0<a target=\"_blank\" href=\"https:\/\/instagram.com\/grandepremio\" rel=\"noreferrer noopener\">Instagram<\/a>!<\/strong><\/p>\n\n\n\n<p class=\"wp-block-paragraph\">&#8220;Ele, provavelmente, \u00e9 um dos pilotos com quem melhor me dou e n\u00f3s, definitivamente, compartilhamos muito respeito\u201d, disse Vettel. \u201cN\u00e3o precisamos falar sobre o que ele atingiu, porque todos est\u00e3o cientes disso, mas o homem por tr\u00e1s, ele se desenvolveu e percorreu um longo caminho. E, talvez, de certa forma ele sinta que fiz o mesmo\u201d, seguiu.<\/p>\n\n\n\n<p class=\"wp-block-paragraph\">\u201cVeremos em dez anos onde n\u00f3s dois estaremos, mas sempre teremos essa hist\u00f3ria poderosa e mem\u00f3rias. Temos uma paix\u00e3o em comum que nos conecta. Enquanto eu ainda sentir o desejo de competir, estarei aqui. Se isso mudar, n\u00e3o estarei. \u00c9 simples assim\u201d, resumiu.<\/p>\n\n\n\n<p class=\"wp-block-paragraph\">Vettel falou, tamb\u00e9m, sobre o ativismo de Hamilton e ressaltou que n\u00e3o v\u00ea como ignorar coisas que acontecem atualmente.<\/p>\n\n\n\n<p class=\"wp-block-paragraph\">\u201cOs tempos em que vivemos, n\u00e3o consigo ver como ignorar as coisas que acontecem\u201d, falou Seb. \u201cN\u00e3o \u00e9 necessariamente s\u00f3 sobre o mundo em que as nossas crian\u00e7as v\u00e3o viver, mas tamb\u00e9m sobre o mundo em que estamos vivendo. Isso exige uma mudan\u00e7a de todos n\u00f3s, uma a\u00e7\u00e3o\u201d, encerrou.<\/p>\n\n\n\n<p class=\"wp-block-paragraph\">\u00c0s v\u00e9speras do GP da Espanha, <a href=\"https:\/\/www.grandepremio.com\/br\/f1\/noticias\/sebastian-vettel-assume-necessidade-melhora-mira-ponta-formula-1-amo\/\" target=\"_blank\" rel=\"noreferrer noopener\">Vettel reconheceu que pode melhorar em muitos aspectos em 2021, mas precisa de mais tempo com o carro e o pessoal da Aston Martin<\/a>.<\/p>\n\n\n\n<figure class=\"wp-block-embed is-type-rich is-provider-spotify wp-block-embed-spotify wp-embed-aspect-21-9 wp-has-aspect-ratio\"><div class=\"wp-block-embed__wrapper\">\n<iframe title=\"Spotify Embed: Paddockast #102 - A Mercedes j\u00e1 est\u00e1 melhor que a Red Bull na F1 2021?\" style=\"border-radius: 12px\" width=\"100%\" height=\"152\" frameborder=\"0\" allowfullscreen allow=\"autoplay; clipboard-write; encrypted-media; fullscreen; picture-in-picture\" loading=\"lazy\" src=\"https:\/\/open.spotify.com\/embed\/episode\/2rp6Jzc9JGEGLkjPanwfTk?utm_source=oembed\"><\/iframe>\n<\/div><\/figure>\n\n\n\n<figure class=\"wp-block-embed is-type-video is-provider-youtube wp-block-embed-youtube wp-embed-aspect-16-9 wp-has-aspect-ratio\"><div class=\"wp-block-embed__wrapper\">\n<iframe loading=\"lazy\" title=\"GP DA ESPANHA PODE DEFINIR F1 2021 + RUSSELL NO LUGAR DE BOTTAS | GP \u00e0s 10\" width=\"500\" height=\"281\" src=\"https:\/\/www.youtube.com\/embed\/vks0OmR4A6g?feature=oembed\" frameborder=\"0\" allow=\"accelerometer; autoplay; clipboard-write; encrypted-media; gyroscope; picture-in-picture; web-share\" referrerpolicy=\"strict-origin-when-cross-origin\" allowfullscreen><\/iframe>\n<\/div><\/figure>\n","protected":false},"excerpt":{"rendered":"<p>O piloto da Aston Martin ressaltou que tem uma rela\u00e7\u00e3o de respeito com o heptacampe\u00e3o da F\u00f3rmula 1 e defendeu a postura ativista<\/p>\n","protected":false},"author":0,"featured_media":1000463485,"comment_status":"closed","ping_status":"closed","sticky":false,"template":"","format":"standard","meta":{"42wp_featured_image_caption":"","42wp_featured_image_credits":"","42wp_featured_video":"","42wp_featured_image_hidden":false,"42wp_authors_list":[],"footnotes":""},"categories":[2],"tags":[27040,147,156,24837,26275,26868],"42wp_author":[47113],"class_list":["post-121407","post","type-post","status-publish","format-standard","has-post-thumbnail","hentry","category-f1","tag-calendario-formula-1-2021","tag-f1","tag-f1-2021","tag-formula-1-2","tag-formula-1-2021-3","tag-formula-1-classificacao-2020","42wp_author-juliana-tesser"],"_links":{"self":[{"href":"https:\/\/grandepremio.com\/br\/wp-json\/wp\/v2\/posts\/121407","targetHints":{"allow":["GET"]}}],"collection":[{"href":"https:\/\/grandepremio.com\/br\/wp-json\/wp\/v2\/posts"}],"about":[{"href":"https:\/\/grandepremio.com\/br\/wp-json\/wp\/v2\/types\/post"}],"replies":[{"embeddable":true,"href":"https:\/\/grandepremio.com\/br\/wp-json\/wp\/v2\/comments?post=121407"}],"version-history":[{"count":0,"href":"https:\/\/grandepremio.com\/br\/wp-json\/wp\/v2\/posts\/121407\/revisions"}],"wp:featuredmedia":[{"embeddable":true,"href":"https:\/\/grandepremio.com\/br\/wp-json\/wp\/v2\/media\/1000463485"}],"wp:attachment":[{"href":"https:\/\/grandepremio.com\/br\/wp-json\/wp\/v2\/media?parent=121407"}],"wp:term":[{"taxonomy":"category","embeddable":true,"href":"https:\/\/grandepremio.com\/br\/wp-json\/wp\/v2\/categories?post=121407"},{"taxonomy":"post_tag","embeddable":true,"href":"https:\/\/grandepremio.com\/br\/wp-json\/wp\/v2\/tags?post=121407"},{"taxonomy":"42wp_author","embeddable":true,"href":"https:\/\/grandepremio.com\/br\/wp-json\/wp\/v2\/42wp_author?post=121407"}],"curies":[{"name":"wp","href":"https:\/\/api.w.org\/{rel}","templated":true}]}}