{"id":121508,"date":"2021-05-03T08:06:46","date_gmt":"2021-05-03T11:06:46","guid":{"rendered":"https:\/\/grandepremio.com\/br\/noticias\/kimi-raikkonen-batida-antonio-giovinazzi-gp-de-portugal-minha-culpa\/"},"modified":"2021-05-03T08:06:52","modified_gmt":"2021-05-03T11:06:52","slug":"kimi-raikkonen-batida-antonio-giovinazzi-gp-de-portugal-minha-culpa","status":"publish","type":"post","link":"https:\/\/grandepremio.com\/br\/f1\/kimi-raikkonen-batida-antonio-giovinazzi-gp-de-portugal-minha-culpa\/","title":{"rendered":"R\u00e4ikk\u00f6nen explica batida em Giovinazzi no GP de Portugal: \u201cFoi simplesmente minha culpa\u201d"},"content":{"rendered":"\n<figure class=\"wp-block-video\"><video class=\"video-js vjs-big-play-centered\" data-gp-vjs=\"1\" controls src=\"https:\/\/www.grandepremio.com\/br\/wp-content\/uploads\/2021\/05\/Kimi-Raikkonen-Crash-Giovinazzi-Portuguese-GP-Race-F1-2021.mp4\"><\/video><figcaption>A batida de R\u00e4ikk\u00f6nen em Giovinazzi no GP de Portugal (V\u00eddeo: Reprodu\u00e7\u00e3o)<\/figcaption><\/figure>\n\n\n\n<p class=\"wp-block-paragraph\">O bizarro acidente que <a href=\"https:\/\/www.grandepremio.com\/br\/f1\/noticias\/kimi-raikkonen-toca-antonio-giovinazzi-abandona-portugal-asa-quebrada\/\">fez Kimi R\u00e4ikk\u00f6nen abandonar o GP de Portugal, terceira etapa da temporada 2021 da F\u00f3rmula 1, no \u00faltimo domingo (2)<\/a>, foi resultado de uma distra\u00e7\u00e3o do piloto finland\u00eas.<\/p>\n\n\n\n<p class=\"wp-block-paragraph\">Na abertura da segunda volta da corrida em Portim\u00e3o, Kimi acertou o pneu traseiro esquerdo justamente do seu companheiro de equipe na Alfa Romeo, Antonio Giovinazzi. Com o impacto, a asa dianteira do carro do \u2018Homem de Gelo\u2019 ficou danificada e fez com que o veterano perdesse o controle na curva 1 antes de abandonar.<\/p>\n\n\n\n<p class=\"wp-block-paragraph\"><strong>LEIA TAMB\u00c9M<\/strong><br><strong><a href=\"https:\/\/www.grandepremio.com\/br\/f1\/noticias\/opiniao-gp-red-bull-abusa-de-erros-em-luta-com-impecavel-hamilton-e-vai-se-dar-mal\/\">OPINI\u00c3O GP:\u00a0<\/a><a href=\"https:\/\/www.grandepremio.com\/br\/equipe\/f1\/2020\/red-bull-racing\/\" target=\"_blank\" rel=\"noreferrer noopener\">Red Bull<\/a>\u00a0<a href=\"https:\/\/www.grandepremio.com\/br\/f1\/noticias\/opiniao-gp-red-bull-abusa-de-erros-em-luta-com-impecavel-hamilton-e-vai-se-dar-mal\/\">abusa de erros em luta com impec\u00e1vel Hamilton. E vai se dar mal<\/a><\/strong><\/p>\n\n\n\n<figure class=\"wp-block-image size-large\"><img decoding=\"async\" src=\"https:\/\/www.grandepremio.com\/br\/wp-content\/uploads\/2021\/05\/Kimi2GPdePortugal-1024x576.jpg\" alt=\"F1; F\u00d3RMULA 1; F1 2021; GP DE PORTUGAL; KIMI R\u00c4IKK\u00d6NEN;\" class=\"wp-image-470187\"\/><figcaption>Kimi R\u00e4ikk\u00f6nen abandonou o GP de Portugal logo no come\u00e7o (Foto: Reprodu\u00e7\u00e3o)<\/figcaption><\/figure>\n\n\n\n<p class=\"wp-block-paragraph\"><strong>Conhe\u00e7a o canal do Grande Pr\u00eamio no YouTube! Clique\u00a0<a rel=\"noreferrer noopener\" href=\"https:\/\/youtube.com\/GrandePremioTV\" target=\"_blank\">aqui<\/a>.<br>Siga o Grande Pr\u00eamio no\u00a0<a rel=\"noreferrer noopener\" href=\"https:\/\/twitter.com\/grandepremio\" target=\"_blank\">Twitter\u00a0<\/a>e no\u00a0<a rel=\"noreferrer noopener\" href=\"https:\/\/instagram.com\/grandepremio\" target=\"_blank\">Instagram<\/a>!<\/strong><\/p>\n\n\n\n<p class=\"wp-block-paragraph\">Por sorte, Giovinazzi n\u00e3o teve nenhuma avaria significativa no seu carro. O italiano seguiu na prova e terminou em 12\u00ba depois de ter feito a ultrapassagem sobre Sebastian Vettel nas voltas finais no Aut\u00f3dromo Internacional do Algarve.<\/p>\n\n\n\n<p class=\"wp-block-paragraph\">Em entrevista \u00e0 emissora brit\u00e2nica Sky Sports, R\u00e4ikk\u00f6nen explicou o que de fato houve na reta dos boxes em Portim\u00e3o.<\/p>\n\n\n\n<p class=\"wp-block-paragraph\">\u201cFoi falha minha. Eu estava verificando algo no volante e mexendo em um bot\u00e3o. N\u00e3o parecia tudo bem na \u00faltima curva, ent\u00e3o fui verificar de novo, mas a\u00ed acabei batendo\u201d, disse o piloto, assumindo o erro. \u201cEnt\u00e3o foi simplesmente minha culpa\u201d.<\/p>\n\n\n\n<p class=\"wp-block-paragraph\">Para Giovinazzi, restou o al\u00edvio por n\u00e3o ter a sua corrida comprometida em raz\u00e3o de um erro do companheiro de equipe. \u201cSenti [o impacto], mas n\u00e3o foi algo muito forte\u201d, afirmou o italiano em entrevista ao site holand\u00eas RacingNews365. \u201cEu s\u00f3 estava preocupado por poder ter um pneu furado, mas correu tudo bem no final\u201d, complementou.<\/p>\n\n\n\n<p class=\"wp-block-paragraph\">No fim das contas, a <a href=\"https:\/\/www.grandepremio.com\/br\/f1\/noticias\/lewis-hamilton-abre-8-pontos-max-verstappen-gp-de-portugal\/\">Alfa Romeo \u00e9 uma das tr\u00eas equipes que continuam zeradas no Mundial de Construtores, ao lado de Haas e Williams, depois de tr\u00eas etapas do campeonato<\/a>.<\/p>\n\n\n\n<figure class=\"wp-block-embed is-type-video is-provider-youtube wp-block-embed-youtube wp-embed-aspect-16-9 wp-has-aspect-ratio\"><div class=\"wp-block-embed__wrapper\">\n<iframe loading=\"lazy\" title=\"HAMILTON PASSA BOTTAS E VERSTAPPEN PARA VENCER O GP DE PORTUGAL DE F1 | Briefing + Cabine GP\" width=\"500\" height=\"281\" src=\"https:\/\/www.youtube.com\/embed\/mnCKXlgW9wk?feature=oembed\" frameborder=\"0\" allow=\"accelerometer; autoplay; clipboard-write; encrypted-media; gyroscope; picture-in-picture; web-share\" referrerpolicy=\"strict-origin-when-cross-origin\" allowfullscreen><\/iframe>\n<\/div><\/figure>\n\n\n\n<p class=\"wp-block-paragraph\"><\/p>\n","protected":false},"excerpt":{"rendered":"<p>Kimi R\u00e4ikk\u00f6nen acertou o pneu traseiro esquerdo do carro de Antonio Giovinazzi, em cena de fogo amigo da Alfa Romeo na segunda volta do GP de Portugal do \u00faltimo domingo<\/p>\n","protected":false},"author":0,"featured_media":1000470188,"comment_status":"closed","ping_status":"closed","sticky":false,"template":"","format":"standard","meta":{"42wp_featured_image_caption":"","42wp_featured_image_credits":"","42wp_featured_video":"","42wp_featured_image_hidden":false,"42wp_authors_list":[],"footnotes":""},"categories":[2],"tags":[457,456,147,24837,25536,8261,24836,24834],"42wp_author":[47110],"class_list":["post-121508","post","type-post","status-publish","format-standard","has-post-thumbnail","hentry","category-f1","tag-alfa-romeo","tag-antonio-giovinazzi","tag-f1","tag-formula-1-2","tag-formula-1-2021-2","tag-gp-de-portugal","tag-grande-premio-2","tag-kimi-raikkonen-2","42wp_author-fernando-silva"],"_links":{"self":[{"href":"https:\/\/grandepremio.com\/br\/wp-json\/wp\/v2\/posts\/121508","targetHints":{"allow":["GET"]}}],"collection":[{"href":"https:\/\/grandepremio.com\/br\/wp-json\/wp\/v2\/posts"}],"about":[{"href":"https:\/\/grandepremio.com\/br\/wp-json\/wp\/v2\/types\/post"}],"replies":[{"embeddable":true,"href":"https:\/\/grandepremio.com\/br\/wp-json\/wp\/v2\/comments?post=121508"}],"version-history":[{"count":0,"href":"https:\/\/grandepremio.com\/br\/wp-json\/wp\/v2\/posts\/121508\/revisions"}],"wp:featuredmedia":[{"embeddable":true,"href":"https:\/\/grandepremio.com\/br\/wp-json\/wp\/v2\/media\/1000470188"}],"wp:attachment":[{"href":"https:\/\/grandepremio.com\/br\/wp-json\/wp\/v2\/media?parent=121508"}],"wp:term":[{"taxonomy":"category","embeddable":true,"href":"https:\/\/grandepremio.com\/br\/wp-json\/wp\/v2\/categories?post=121508"},{"taxonomy":"post_tag","embeddable":true,"href":"https:\/\/grandepremio.com\/br\/wp-json\/wp\/v2\/tags?post=121508"},{"taxonomy":"42wp_author","embeddable":true,"href":"https:\/\/grandepremio.com\/br\/wp-json\/wp\/v2\/42wp_author?post=121508"}],"curies":[{"name":"wp","href":"https:\/\/api.w.org\/{rel}","templated":true}]}}