{"id":121533,"date":"2021-05-02T15:48:23","date_gmt":"2021-05-02T18:48:23","guid":{"rendered":"https:\/\/grandepremio.com\/br\/noticias\/speed-trap-confira-velocidades-maximas-cada-piloto-gp-de-portugal-2021\/"},"modified":"2021-05-02T17:41:02","modified_gmt":"2021-05-02T20:41:02","slug":"speed-trap-confira-velocidades-maximas-cada-piloto-gp-de-portugal-2021","status":"publish","type":"post","link":"https:\/\/grandepremio.com\/br\/f1\/speed-trap-confira-velocidades-maximas-cada-piloto-gp-de-portugal-2021\/","title":{"rendered":"Speed trap: confira velocidades m\u00e1ximas de cada piloto no GP de Portugal de F\u00f3rmula 1"},"content":{"rendered":"\n<figure class=\"wp-block-video\"><video class=\"video-js vjs-big-play-centered\" data-gp-vjs=\"1\" controls src=\"https:\/\/www.grandepremio.com\/br\/wp-content\/uploads\/l-videos\/2021-05-02_F1_GPPortugal_domingo_editado.mp4\"><\/video><figcaption>Lewis Hamilton conquistou a vit\u00f3ria 97 na F1: assista aos melhores momentos do GP de Portugal de F1 (Foto: GRANDE PREMIO com Reuters)<\/figcaption><\/figure>\n\n\n\n<p class=\"wp-block-paragraph\">A Alpine voltou a registrar a maior velocidade final neste fim de semana de <a href=\"https:\/\/www.grandepremio.com\/br\/f1\/noticias\/lewis-hamilton-passa-valtteri-bottas-max-verstappen-em-portugal-e-arranca-para-vitoria-97-na-formula-1\/\">GP de Portugal<\/a> de F\u00f3rmula 1. E se Fernando Alonso foi o mais veloz do s\u00e1bado de classifica\u00e7\u00e3o ao aferir 323,7 km\/h, o domingo (2) trouxe Esteban Ocon, um dos destaques da corrida no Aut\u00f3dromo Internacional do Algarve, como o l\u00edder da estat\u00edstica. O franc\u00eas registrou 333,1 km\/h no trecho de medi\u00e7\u00e3o estabelecido pela FIA (Federa\u00e7\u00e3o Internacional de Automobilismo), 210 m antes da curva 1 do tra\u00e7ado lusitano.<\/p>\n\n\n\n<p class=\"wp-block-paragraph\">C<strong>onhe\u00e7a o canal do Grande Pr\u00eamio no YouTube! Clique&nbsp;<a rel=\"noreferrer noopener\" href=\"https:\/\/youtube.com\/GrandePremioTV\" target=\"_blank\">aqui<\/a>.<br>Siga o Grande Pr\u00eamio no&nbsp;<a rel=\"noreferrer noopener\" href=\"https:\/\/twitter.com\/grandepremio\" target=\"_blank\">Twitter&nbsp;<\/a>e no&nbsp;<a rel=\"noreferrer noopener\" href=\"https:\/\/instagram.com\/grandepremio\" target=\"_blank\">Instagram<\/a>!<\/strong><\/p>\n\n\n\n<p class=\"wp-block-paragraph\">As posi\u00e7\u00f5es seguintes na t\u00e1bua de velocidades finais ficaram com pilotos distantes sequer de algum brilhareco neste domingo. Yuki Tsunoda, que n\u00e3o passou de um discret\u00edssimo 15\u00ba lugar com o AlphaTauri empurrado pelo motor Honda, cravou 332,4 km\/h na sua melhor passagem.<\/p>\n\n\n\n<p class=\"wp-block-paragraph\">Sebastian Vettel, tetracampe\u00e3o mundial, n\u00e3o foi muito melhor ao longo da prova e cruzou a linha de chegada em 13\u00ba lugar, logo \u00e0 frente de Lance Stroll, seu companheiro de equipe de Aston Martin, dotado de motor Mercedes. O alem\u00e3o anotou 329,2 km\/h como sua maior velocidade final e se colocou em terceiro no ranking. Nicholas Latifi, outro que teve uma jornada decepcionante no Algarve e foi o 18\u00ba e pen\u00faltimo colocado na prova, registrou 329,1 km\/h nesta tarde com a Williams, tamb\u00e9m empurrada pela Mercedes.<\/p>\n\n\n\n<figure class=\"wp-block-image size-large\"><img decoding=\"async\" src=\"https:\/\/www.grandepremio.com\/br\/wp-content\/uploads\/2021\/04\/alpine-estebanalonso-02-1024x683.jpg\" alt=\"\" class=\"wp-image-469031\"\/><figcaption>A Alpine de Ocon foi dona das maiores velocidades em Portugal (Foto: Alpine)<\/figcaption><\/figure>\n\n\n\n<figure class=\"wp-block-embed is-type-rich is-provider-spotify wp-block-embed-spotify wp-embed-aspect-21-9 wp-has-aspect-ratio\"><div class=\"wp-block-embed__wrapper\">\n<iframe title=\"Spotify Embed: Paddockast #101- F\u00f3rmula 1 confirma corridas de classifica\u00e7\u00e3o: O que isso quer dizer?\" style=\"border-radius: 12px\" width=\"100%\" height=\"152\" frameborder=\"0\" allowfullscreen allow=\"autoplay; clipboard-write; encrypted-media; fullscreen; picture-in-picture\" loading=\"lazy\" src=\"https:\/\/open.spotify.com\/embed\/episode\/0xT9K2z2OQgWQ71ikjorpA?utm_source=oembed\"><\/iframe>\n<\/div><\/figure>\n\n\n\n<p class=\"wp-block-paragraph\">Daniel Ricciardo, dono de uma consistente prova de recupera\u00e7\u00e3o e nono colocado depois de largar em 16\u00ba com a McLaren, outra equipe com motor Mercedes, foi o quinto da estat\u00edstica ao aferir 328,6 km\/h como maior velocidade final neste domingo. Alonso, oitavo colocado no GP de Portugal, cravou 327,2 km\/h como maior velocidade final com a Alpine, \u00e0 frente de George Russell, da Williams, com 325,8 km\/h na sua melhor passagem. Pierre Gasly, companheiro de equipe de Tsunoda, foi o oitavo na lista das maiores velocidades do dia ao cravar 325,3 km\/h.<\/p>\n\n\n\n<p class=\"wp-block-paragraph\">S\u00f3 ent\u00e3o, em nono, \u00e9 que apareceu o grande vencedor do dia, Lewis Hamilton, da Mercedes, com 324,2 km\/h, em nono na tabela. Mick Schumacher, 17\u00ba colocado com a Haas, empurrada pelo motor Ferrari, ficou em d\u00e9cimo na lista ao aferir 324,1 km\/h.<\/p>\n\n\n\n<p class=\"wp-block-paragraph\">Dentre todos os 20 pilotos, Kimi R\u00e4ikk\u00f6nen foi quem registrou a velocidade final mais baixa. Mas o finland\u00eas completou somente uma volta e abandonou depois de acertar a traseira do carro do pr\u00f3prio colega de Alfa Romeo, Antonio Giovinazzi. O \u2018Homem de Gelo\u2019 marcou 267,4 km\/h na sua \u00fanica passagem completa pelo circuito de Portim\u00e3o neste domingo.<\/p>\n\n\n\n<h3 class=\"wp-block-heading\">F1 2021, GP de Portugal, Portim\u00e3o, domingo, Speed Trap:<\/h3>\n\n\n\n<figure class=\"wp-block-table\"><table><tbody><tr><td>1<\/td><td>E OCON<\/td><td>333.1<\/td><\/tr><tr><td>2<\/td><td>Y TSUNODA<\/td><td>332.4<\/td><\/tr><tr><td>3<\/td><td>S VETTEL<\/td><td>329.2<\/td><\/tr><tr><td>4<\/td><td>N LATIFI<\/td><td>329.1<\/td><\/tr><tr><td>5<\/td><td>D RICCIARDO<\/td><td>328.6<\/td><\/tr><tr><td>6<\/td><td>F ALONSO<\/td><td>327.2<\/td><\/tr><tr><td>7<\/td><td>G RUSSELL<\/td><td>325.8<\/td><\/tr><tr><td>8<\/td><td>P GASLY<\/td><td>325.3<\/td><\/tr><tr><td>9<\/td><td>L HAMILTON<\/td><td>324.2<\/td><\/tr><tr><td>10<\/td><td>M SCHUMACHER<\/td><td>324.1<\/td><\/tr><tr><td>11<\/td><td>S P\u00c9REZ<\/td><td>324.1<\/td><\/tr><tr><td>12<\/td><td>A GIOVINAZZI<\/td><td>324.1<\/td><\/tr><tr><td>13<\/td><td>M VERSTAPPEN<\/td><td>323.4<\/td><\/tr><tr><td>14<\/td><td>N MAZEPIN<\/td><td>322.5<\/td><\/tr><tr><td>15<\/td><td>C LECLERC<\/td><td>318.8<\/td><\/tr><tr><td>16<\/td><td>L STROLL<\/td><td>317.4<\/td><\/tr><tr><td>17<\/td><td>C SAINZ<\/td><td>312.2<\/td><\/tr><tr><td>18<\/td><td>L NORRIS<\/td><td>305.5<\/td><\/tr><tr><td>19<\/td><td>V BOTTAS<\/td><td>301.4<\/td><\/tr><tr><td>20<\/td><td>K R\u00c4IKK\u00d6NEN<\/td><td>267.4<\/td><\/tr><\/tbody><\/table><\/figure>\n\n\n\n<figure class=\"wp-block-embed is-type-video is-provider-youtube wp-block-embed-youtube wp-embed-aspect-16-9 wp-has-aspect-ratio\"><div class=\"wp-block-embed__wrapper\">\n<iframe loading=\"lazy\" title=\"HAMILTON PASSA BOTTAS E VERSTAPPEN PARA VENCER O GP DE PORTUGAL DE F1 | Briefing + Cabine GP\" width=\"500\" height=\"281\" src=\"https:\/\/www.youtube.com\/embed\/mnCKXlgW9wk?feature=oembed\" frameborder=\"0\" allow=\"accelerometer; autoplay; clipboard-write; encrypted-media; gyroscope; picture-in-picture; web-share\" referrerpolicy=\"strict-origin-when-cross-origin\" allowfullscreen><\/iframe>\n<\/div><\/figure>\n","protected":false},"excerpt":{"rendered":"<p>Com \u00f3tima performance ao longo de todo o fim de semana do GP de Portugal, Esteban Ocon, s\u00e9timo colocado neste domingo (2), tamb\u00e9m aferiu a maior velocidade final da corrida em Portim\u00e3o. O top-3 foi completado por dois pilotos que n\u00e3o foram t\u00e3o bem assim durante a tarde<\/p>\n","protected":false},"author":0,"featured_media":1000469712,"comment_status":"closed","ping_status":"closed","sticky":false,"template":"","format":"standard","meta":{"42wp_featured_image_caption":"","42wp_featured_image_credits":"","42wp_featured_video":"","42wp_featured_image_hidden":false,"42wp_authors_list":[],"footnotes":""},"categories":[2],"tags":[302,147,156,24837,87,203,801,210,1998,597],"42wp_author":[47120],"class_list":["post-121533","post","type-post","status-publish","format-standard","has-post-thumbnail","hentry","category-f1","tag-esteban-ocon","tag-f1","tag-f1-2021","tag-formula-1-2","tag-lewis-hamilton","tag-max-verstappen","tag-nicholas-latifi","tag-sebastian-vettel","tag-speed-trap","tag-yuki-tsunoda","42wp_author-pedro-henrique-marum"],"_links":{"self":[{"href":"https:\/\/grandepremio.com\/br\/wp-json\/wp\/v2\/posts\/121533","targetHints":{"allow":["GET"]}}],"collection":[{"href":"https:\/\/grandepremio.com\/br\/wp-json\/wp\/v2\/posts"}],"about":[{"href":"https:\/\/grandepremio.com\/br\/wp-json\/wp\/v2\/types\/post"}],"replies":[{"embeddable":true,"href":"https:\/\/grandepremio.com\/br\/wp-json\/wp\/v2\/comments?post=121533"}],"version-history":[{"count":0,"href":"https:\/\/grandepremio.com\/br\/wp-json\/wp\/v2\/posts\/121533\/revisions"}],"wp:featuredmedia":[{"embeddable":true,"href":"https:\/\/grandepremio.com\/br\/wp-json\/wp\/v2\/media\/1000469712"}],"wp:attachment":[{"href":"https:\/\/grandepremio.com\/br\/wp-json\/wp\/v2\/media?parent=121533"}],"wp:term":[{"taxonomy":"category","embeddable":true,"href":"https:\/\/grandepremio.com\/br\/wp-json\/wp\/v2\/categories?post=121533"},{"taxonomy":"post_tag","embeddable":true,"href":"https:\/\/grandepremio.com\/br\/wp-json\/wp\/v2\/tags?post=121533"},{"taxonomy":"42wp_author","embeddable":true,"href":"https:\/\/grandepremio.com\/br\/wp-json\/wp\/v2\/42wp_author?post=121533"}],"curies":[{"name":"wp","href":"https:\/\/api.w.org\/{rel}","templated":true}]}}