{"id":121553,"date":"2021-05-02T11:27:19","date_gmt":"2021-05-02T14:27:19","guid":{"rendered":"https:\/\/grandepremio.com\/br\/noticias\/kimi-raikkonen-toca-antonio-giovinazzi-abandona-portugal-asa-quebrada\/"},"modified":"2021-05-02T12:31:51","modified_gmt":"2021-05-02T15:31:51","slug":"kimi-raikkonen-toca-antonio-giovinazzi-abandona-portugal-asa-quebrada","status":"publish","type":"post","link":"https:\/\/grandepremio.com\/br\/f1\/kimi-raikkonen-toca-antonio-giovinazzi-abandona-portugal-asa-quebrada\/","title":{"rendered":"R\u00e4ikk\u00f6nen toca traseira de Giovinazzi e abandona GP de Portugal com asa quebrada"},"content":{"rendered":"\n<figure class=\"wp-block-video\"><video class=\"video-js vjs-big-play-centered\" data-gp-vjs=\"1\" controls src=\"https:\/\/www.grandepremio.com\/br\/wp-content\/uploads\/2021\/05\/Kimi-Raikkonen-Crash-Giovinazzi-Portuguese-GP-Race-F1-2021.mp4\"><\/video><\/figure>\n\n\n\n<p class=\"wp-block-paragraph\">A bandeira verde para o GP de Portugal n\u00e3o durou muito tempo ap\u00f3s a largada, na manh\u00e3 deste domingo (2). Apenas alguns metros, na verdade. Kimi R\u00e4ikk\u00f6nen tocou o companheiro de equipe, ficou com asa presa e teve de abandonar. A situa\u00e7\u00e3o for\u00e7ou a entrada do safety-car na pista para a volta seguinte.<\/p>\n\n\n\n<p class=\"wp-block-paragraph\">C<strong>onhe\u00e7a o canal do Grande Pr\u00eamio no YouTube! Clique\u00a0<a rel=\"noreferrer noopener\" href=\"https:\/\/youtube.com\/GrandePremioTV\" target=\"_blank\">aqui<\/a>.<br>Siga o Grande Pr\u00eamio no\u00a0<a rel=\"noreferrer noopener\" href=\"https:\/\/twitter.com\/grandepremio\" target=\"_blank\">Twitter\u00a0<\/a>e no\u00a0<a rel=\"noreferrer noopener\" href=\"https:\/\/instagram.com\/grandepremio\" target=\"_blank\">Instagram<\/a>!<\/strong><\/p>\n\n\n\n<p class=\"wp-block-paragraph\">Numa largada extremamente complexa em Portugal, com a reta levando a uma curva bastante veloz, a confus\u00e3o de meio de pelot\u00e3o n\u00e3o chega a ser incomum. Desta vez, por\u00e9m, aconteceu entre companheiros de equipe: R\u00e4ikk\u00f6nen e Antonio Giovinazzi.<\/p>\n\n\n\n<p class=\"wp-block-paragraph\">Na briga por posi\u00e7\u00f5es entre o 10\u00ba e 15\u00ba lugares, R\u00e4ikk\u00f6nen se aproximou com muita velocidade da traseira de Giovinazzi. O que, em si s\u00f3, n\u00e3o seria um problema, mas as linhas de corrida dos dois se cruzaram na sequ\u00eancia. Kimi n\u00e3o conseguiu evitar a traseira do companheiro, que vinha na frente.<\/p>\n\n\n\n<figure class=\"wp-block-image size-large\"><img decoding=\"async\" src=\"https:\/\/www.grandepremio.com\/br\/wp-content\/uploads\/2021\/05\/Kimi2GPdePortugal-1024x576.jpg\" alt=\"F1; F\u00d3RMULA 1; F1 2021; GP DE PORTUGAL; KIMI R\u00c4IKK\u00d6NEN;\" class=\"wp-image-470187\"\/><figcaption>Kimi R\u00e4ikk\u00f6nen abandonou o GP de Portugal logo no come\u00e7o (Foto: Reprodu\u00e7\u00e3o)<\/figcaption><\/figure>\n\n\n\n<p class=\"wp-block-paragraph\">A asa dianteira do campe\u00e3o mundial quebrou, mas o pior foi o fato de ter se prendido ao carro e ser arrastada por longos metros, enchendo a pista de detritos e encerrando de vez a corrida de R\u00e4ikk\u00f6nen.<\/p>\n\n\n\n<p class=\"wp-block-paragraph\">Por sorte da Alfa Romeo, o carro de Giovinazzi n\u00e3o sofreu com grandes danos, ao menos aparentes. O safety-car entrou, saiu e o italiano seguia com a 12\u00aa coloca\u00e7\u00e3o em Portim\u00e3o.<\/p>\n\n\n\n<p class=\"wp-block-paragraph\">O <strong>GRANDE PR\u00caMIO<\/strong> acompanha o GP de Portugal <strong><a href=\"https:\/\/www.grandepremio.com\/br\/ao-vivo\/f1\/\">EM TEMPO REAL<\/a><\/strong>. <\/p>\n\n\n\n<figure class=\"wp-block-embed is-type-video is-provider-youtube wp-block-embed-youtube wp-embed-aspect-16-9 wp-has-aspect-ratio\"><div class=\"wp-block-embed__wrapper\">\n<iframe loading=\"lazy\" title=\"HAMILTON PASSA BOTTAS E VERSTAPPEN PARA VENCER O GP DE PORTUGAL DE F1 | Briefing + Cabine GP\" width=\"500\" height=\"281\" src=\"https:\/\/www.youtube.com\/embed\/mnCKXlgW9wk?feature=oembed\" frameborder=\"0\" allow=\"accelerometer; autoplay; clipboard-write; encrypted-media; gyroscope; picture-in-picture; web-share\" referrerpolicy=\"strict-origin-when-cross-origin\" allowfullscreen><\/iframe>\n<\/div><\/figure>\n","protected":false},"excerpt":{"rendered":"<p>Ainda nos primeiros metros da corrida, a linha dos dois pilotos da Alfa Romeo se cruzaram e R\u00e4ikk\u00f6nen acertou a traseira de Giovinazzi<\/p>\n","protected":false},"author":0,"featured_media":1000470188,"comment_status":"closed","ping_status":"closed","sticky":false,"template":"","format":"standard","meta":{"42wp_featured_image_caption":"","42wp_featured_image_credits":"","42wp_featured_video":"","42wp_featured_image_hidden":false,"42wp_authors_list":[],"footnotes":""},"categories":[2],"tags":[487,457,456,156,25536,27455,8261,24834,25065],"42wp_author":[47120],"class_list":["post-121553","post","type-post","status-publish","format-standard","has-post-thumbnail","hentry","category-f1","tag-acidente","tag-alfa-romeo","tag-antonio-giovinazzi","tag-f1-2021","tag-formula-1-2021-2","tag-formula-2021-2","tag-gp-de-portugal","tag-kimi-raikkonen-2","tag-portimao-2","42wp_author-pedro-henrique-marum"],"_links":{"self":[{"href":"https:\/\/grandepremio.com\/br\/wp-json\/wp\/v2\/posts\/121553","targetHints":{"allow":["GET"]}}],"collection":[{"href":"https:\/\/grandepremio.com\/br\/wp-json\/wp\/v2\/posts"}],"about":[{"href":"https:\/\/grandepremio.com\/br\/wp-json\/wp\/v2\/types\/post"}],"replies":[{"embeddable":true,"href":"https:\/\/grandepremio.com\/br\/wp-json\/wp\/v2\/comments?post=121553"}],"version-history":[{"count":0,"href":"https:\/\/grandepremio.com\/br\/wp-json\/wp\/v2\/posts\/121553\/revisions"}],"wp:featuredmedia":[{"embeddable":true,"href":"https:\/\/grandepremio.com\/br\/wp-json\/wp\/v2\/media\/1000470188"}],"wp:attachment":[{"href":"https:\/\/grandepremio.com\/br\/wp-json\/wp\/v2\/media?parent=121553"}],"wp:term":[{"taxonomy":"category","embeddable":true,"href":"https:\/\/grandepremio.com\/br\/wp-json\/wp\/v2\/categories?post=121553"},{"taxonomy":"post_tag","embeddable":true,"href":"https:\/\/grandepremio.com\/br\/wp-json\/wp\/v2\/tags?post=121553"},{"taxonomy":"42wp_author","embeddable":true,"href":"https:\/\/grandepremio.com\/br\/wp-json\/wp\/v2\/42wp_author?post=121553"}],"curies":[{"name":"wp","href":"https:\/\/api.w.org\/{rel}","templated":true}]}}