{"id":121556,"date":"2021-05-02T10:39:25","date_gmt":"2021-05-02T13:39:25","guid":{"rendered":"https:\/\/grandepremio.com\/br\/noticias\/sergio-perez-reclama-afirma-nao-me-sinto-confortavel-na-red-bull\/"},"modified":"2021-05-02T10:39:30","modified_gmt":"2021-05-02T13:39:30","slug":"sergio-perez-reclama-afirma-nao-me-sinto-confortavel-na-red-bull","status":"publish","type":"post","link":"https:\/\/grandepremio.com\/br\/f1\/sergio-perez-reclama-afirma-nao-me-sinto-confortavel-na-red-bull\/","title":{"rendered":"P\u00e9rez reclama de pneus e admite: \u201cAinda n\u00e3o me sinto confort\u00e1vel na Red Bull\u201d"},"content":{"rendered":"\n<figure class=\"wp-block-video\"><video class=\"video-js vjs-big-play-centered\" data-gp-vjs=\"1\" controls src=\"https:\/\/www.grandepremio.com\/br\/wp-content\/uploads\/l-videos\/Portugal.mp4\"><\/video><figcaption>Bottas surpreende e \u00e9 pole em Portugal: assista aos melhores momentos da classifica\u00e7\u00e3o da F1 (Foto: GRANDE PR\u00caMIO com Reuters)<\/figcaption><\/figure>\n\n\n\n<p class=\"wp-block-paragraph\">Apesar da quarta posi\u00e7\u00e3o obtida <a href=\"https:\/\/www.grandepremio.com\/br\/f1\/noticias\/valtteri-bottas-evita-pole-100-de-lewis-hamilton-e-larga-na-frente-gp-de-portugal\/\">na classifica\u00e7\u00e3o para o GP de Portugal<\/a> deste domingo (2), Sergio P\u00e9rez n\u00e3o se mostrou contente com seu desempenho em Portim\u00e3o. O piloto da Red Bull se queixa principalmente dos pneus e\u00a0da falta de ader\u00eancia. Em sua terceira corrida pela equipe taurina, o piloto foi categ\u00f3rico ao afirmar que esteve desconfort\u00e1vel.<\/p>\n\n\n\n<p class=\"wp-block-paragraph\">\u201cEu n\u00e3o me sinto confort\u00e1vel no carro, mesmo. Eu n\u00e3o conseguia extrair o melhor dos meus pneus, ent\u00e3o teremos muito trabalho para entender isso\u201d, disse o mexicano.<\/p>\n\n\n\n<p class=\"wp-block-paragraph\">\u201cN\u00e3o fiquei feliz com o progresso que tive nesse final de semana. Eu praticamente tive o mesmo tempo de volta desde o primeiro treino livre. \u00c9 uma pista complicada. \u00c9 p\u00e9ssimo quando voc\u00ea n\u00e3o tem confian\u00e7a no carro em Portim\u00e3o. As condi\u00e7\u00f5es aqui s\u00e3o complicadas, devemos analisar tudo para irmos melhor da pr\u00f3xima vez\u201d, seguiu.<\/p>\n\n\n\n<figure class=\"wp-block-image size-large\"><img decoding=\"async\" src=\"https:\/\/www.grandepremio.com\/br\/wp-content\/uploads\/2021\/05\/redbull-sergioperez-02-1024x659.jpg\" alt=\"\" class=\"wp-image-469695\"\/><figcaption>Sergio P\u00e9rez na pista de Portim\u00e3o. (Foto: Getty Images\/Red Bull Content Pool)<\/figcaption><\/figure>\n\n\n\n<p class=\"wp-block-paragraph\"><strong>Conhe\u00e7a o canal do Grande Pr\u00eamio no YouTube! Clique&nbsp;<\/strong><strong><a target=\"_blank\" href=\"https:\/\/youtube.com\/GrandePremioTV\" rel=\"noreferrer noopener\">aqui<\/a><\/strong><strong>.<\/strong><br><strong>Siga o Grande Pr\u00eamio no&nbsp;<\/strong><strong><a target=\"_blank\" href=\"https:\/\/twitter.com\/grandepremio\" rel=\"noreferrer noopener\">Twitter&nbsp;<\/a><\/strong><strong>e no&nbsp;<\/strong><strong><a target=\"_blank\" href=\"https:\/\/instagram.com\/grandepremio\" rel=\"noreferrer noopener\">Instagram<\/a><\/strong><strong>!<\/strong><\/p>\n\n\n\n<p class=\"wp-block-paragraph\">P\u00e9rez anotou o tempo de 1min18s890 no Q3, parte final do treino classificat\u00f3rio e garantiu o quarto posto. O tempo foi pior que o de Max Verstappen, 0s144 mais r\u00e1pido e uma posi\u00e7\u00e3o acima do companheiro no grid de largada. A pole \u00e9 de Valtteri Bottas.<\/p>\n\n\n\n<p class=\"wp-block-paragraph\">Em rela\u00e7\u00e3o aos pneus utilizados no final de semana, a Pirelli, fornecedora oficial dos compostos utilizados na F\u00f3rmula 1, disponibilizou os compostos mais duros de sua gama, fato que n\u00e3o agradou o mexicano.<\/p>\n\n\n\n<p class=\"wp-block-paragraph\">\u201cCreio ser um passo para tr\u00e1s esse ano por conta da menor press\u00e3o aerodin\u00e2mica nos carros, al\u00e9m de que os pneus provavelmente s\u00e3o um passo atr\u00e1s se comparados aos do \u00faltimo ano. Digo, os tempos de volta foram malucos se comparados ao \u00faltimo ano, acho que um segundo mais lentos. Tem pouqu\u00edssima ader\u00eancia\u201d, finalizou \u2018Checo\u2019.<\/p>\n\n\n\n<figure class=\"wp-block-embed is-type-rich is-provider-incorporar-manipulador wp-block-embed-incorporar-manipulador wp-embed-aspect-16-9 wp-has-aspect-ratio\"><div class=\"wp-block-embed__wrapper\">\n<iframe loading=\"lazy\" title=\"VERSTAPPEN PRECISA SER PERFEITO PARA BATER HAMILTON NO GP DE PORTUGAL DE F1 | Briefing\" width=\"500\" height=\"281\" src=\"https:\/\/www.youtube.com\/embed\/HLRGSBJjWwQ?feature=oembed\" frameborder=\"0\" allow=\"accelerometer; autoplay; clipboard-write; encrypted-media; gyroscope; picture-in-picture; web-share\" referrerpolicy=\"strict-origin-when-cross-origin\" allowfullscreen><\/iframe>\n<\/div><\/figure>\n\n\n\n<p class=\"wp-block-paragraph\"><\/p>\n","protected":false},"excerpt":{"rendered":"<p>Mesmo com quarto lugar no grid para o GP de Portugal, Sergio P\u00e9rez afirmou ter dificuldades com a pista de Portim\u00e3o, os pneus e o carro da Red Bull<\/p>\n","protected":false},"author":0,"featured_media":1000463773,"comment_status":"closed","ping_status":"closed","sticky":false,"template":"","format":"standard","meta":{"42wp_featured_image_caption":"","42wp_featured_image_credits":"","42wp_featured_video":"","42wp_featured_image_hidden":false,"42wp_authors_list":[],"footnotes":""},"categories":[2],"tags":[655,24837,25536,8261,203,25065,204,3132,26936],"42wp_author":[47138],"class_list":["post-121556","post","type-post","status-publish","format-standard","has-post-thumbnail","hentry","category-f1","tag-christian-horner","tag-formula-1-2","tag-formula-1-2021-2","tag-gp-de-portugal","tag-max-verstappen","tag-portimao-2","tag-red-bull","tag-sergio-perez","tag-sergio-perez-red-bull","42wp_author-lucascouto"],"_links":{"self":[{"href":"https:\/\/grandepremio.com\/br\/wp-json\/wp\/v2\/posts\/121556","targetHints":{"allow":["GET"]}}],"collection":[{"href":"https:\/\/grandepremio.com\/br\/wp-json\/wp\/v2\/posts"}],"about":[{"href":"https:\/\/grandepremio.com\/br\/wp-json\/wp\/v2\/types\/post"}],"replies":[{"embeddable":true,"href":"https:\/\/grandepremio.com\/br\/wp-json\/wp\/v2\/comments?post=121556"}],"version-history":[{"count":0,"href":"https:\/\/grandepremio.com\/br\/wp-json\/wp\/v2\/posts\/121556\/revisions"}],"wp:featuredmedia":[{"embeddable":true,"href":"https:\/\/grandepremio.com\/br\/wp-json\/wp\/v2\/media\/1000463773"}],"wp:attachment":[{"href":"https:\/\/grandepremio.com\/br\/wp-json\/wp\/v2\/media?parent=121556"}],"wp:term":[{"taxonomy":"category","embeddable":true,"href":"https:\/\/grandepremio.com\/br\/wp-json\/wp\/v2\/categories?post=121556"},{"taxonomy":"post_tag","embeddable":true,"href":"https:\/\/grandepremio.com\/br\/wp-json\/wp\/v2\/tags?post=121556"},{"taxonomy":"42wp_author","embeddable":true,"href":"https:\/\/grandepremio.com\/br\/wp-json\/wp\/v2\/42wp_author?post=121556"}],"curies":[{"name":"wp","href":"https:\/\/api.w.org\/{rel}","templated":true}]}}