{"id":12156,"date":"2026-02-13T04:42:43","date_gmt":"2026-02-13T07:42:43","guid":{"rendered":"https:\/\/grandepremio.com\/br\/noticias\/f1-encerra-primeira-bateria-testes-coletivos-bahrein-sexta-feira-ensolarada\/"},"modified":"2026-02-13T04:47:17","modified_gmt":"2026-02-13T07:47:17","slug":"f1-encerra-primeira-bateria-testes-coletivos-bahrein-sexta-feira-ensolarada","status":"publish","type":"post","link":"https:\/\/grandepremio.com\/br\/f1\/f1-encerra-primeira-bateria-testes-coletivos-bahrein-sexta-feira-ensolarada\/","title":{"rendered":"F1 encerra 1\u00aa bateria de testes coletivos do Bahrein em sexta-feira ensolarada"},"content":{"rendered":"\n<p class=\"wp-block-paragraph\">A<strong> F\u00f3rmula 1<\/strong> encerra nesta sexta-feira (13) a primeira parte da<strong> pr\u00e9-temporada 2026<\/strong>, no <strong>Bahrein<\/strong>, e os pilotos ter\u00e3o pela frente mais um dia de sol e calor. Confira o que diz a meteorologia.<\/p>\n\n\n\n<p class=\"wp-block-paragraph\">Os carros v\u00e3o \u00e0 pista a partir das 10h locais (4h em Bras\u00edlia, GMT-3), com term\u00f4metros em 23\u00b0C de temperatura e umidade do ar bem mais alta que a vista nos dois primeiros dias, em 59%. Os ventos, por sua vez, sopram mais brandos, a 13 km\/h a sul-sudeste, com rajadas de at\u00e9 17 km\/h.<\/p>\n\n\n\n<p class=\"wp-block-paragraph\">Conforme a manh\u00e3 avan\u00e7a, a temperatura sobe gradativamente e as nuvens se afastam, deixando o sol praticamente limpo. Os term\u00f4metros chegam aos 26\u00b0C, com sensa\u00e7\u00e3o semelhante e umidade relativa do ar em 48%. J\u00e1 os ventos, a sudeste, diminuem para 13 km\/h de m\u00e9dia.<\/p>\n\n\n\n<p class=\"wp-block-paragraph\">O in\u00edcio da segunda parte, \u00e0s 15h locais (9h em Bras\u00edlia), traz term\u00f4metros em 27\u00b0C e umidade relativa do ar em 45%. Os ventos, em contrapartida, n\u00e3o sofrem altera\u00e7\u00f5es de velocidade m\u00e9dia e rajadas.<\/p>\n\n\n\n<figure class=\"wp-block-image size-large\"><img decoding=\"async\" src=\"https:\/\/www.grandepremio.com\/br\/wp-content\/uploads\/2026\/02\/testes-pre-temporada-f1-2026-mercedes-george-russell-01-1200x800.jpg\" alt=\"\" class=\"wp-image-1057774\"\/><figcaption class=\"wp-element-caption\">George Russell: pr\u00e9-temporada fecha primeira semana nesta sexta-feira (Foto: Mercedes)<\/figcaption><\/figure>\n\n\n\n<p class=\"wp-block-paragraph\">A noite no Bahrein traz c\u00e9u totalmente limpo, enquanto os term\u00f4metros caem para 24\u00b0C, semelhante \u00e0 sensa\u00e7\u00e3o t\u00e9rmica. J\u00e1 os ventos mudam de dire\u00e7\u00e3o, agora soprando a nordeste a 13 km\/h de m\u00e9dia e rajadas de at\u00e9 20 km\/h. A condi\u00e7\u00f5es se mant\u00eam at\u00e9 o final, exceto pelo aumento da umidade, para 60%, e os ventos a leste.<\/p>\n\n\n\n<p class=\"wp-block-paragraph\">As informa\u00e7\u00f5es s\u00e3o do servi\u00e7o de meteorologia <em>AccuWeather<\/em>. No segundo dia de atividades, Charles Leclerc liderou com tempo registrado ainda pela manh\u00e3. Lando Norris terminou na segunda coloca\u00e7\u00e3o.<\/p>\n\n\n\n<p class=\"wp-block-paragraph\">A primeira bateria de testes coletivos da pr\u00e9-temporada da F\u00f3rmula 1 termina nesta sexta-feira (13), no Bahrein. O <strong>GRANDE PR\u00caMIO<\/strong> acompanha todas as atividades <strong>IN LOCO <\/strong>com o rep\u00f3rter Leonid Kliuev.<\/p>\n\n\n\n<p class=\"wp-block-paragraph\">\u25b6\ufe0f\u00a0<strong>Inscreva-se nos dois canais do GRANDE PR\u00caMIO no YouTube:\u00a0<a href=\"https:\/\/www.youtube.com\/channel\/UC9OlHEgxoaY6QY6nWPoiqQg?sub_confirmation=1\" target=\"_blank\" rel=\"noreferrer noopener\">GP<\/a>\u00a0|\u00a0<a href=\"https:\/\/www.youtube.com\/channel\/UC9csiS6q_C3C0FYhyr1rnFA?sub_confirmation=1\" target=\"_blank\" rel=\"noreferrer noopener\">GPTV<\/a><\/strong><\/p>\n\n\n\n<h2 class=\"wp-block-heading\" id=\"h-f1-hoje-saiba-aqui-as-noticias-mais-importantes-do-dia-da-formula-1\"><strong>F1 hoje: saiba aqui as not\u00edcias mais importantes do dia da F\u00f3rmula 1<\/strong><\/h2>\n\n\n\n<p class=\"wp-block-paragraph\">\u25b6\ufe0f&nbsp;<strong><a href=\"https:\/\/www.grandepremio.com\/br\/f1\/noticias\/fia-defende-alteracao-regra-motores-justifica-nao-queremos-controversias\/\">FIA defende altera\u00e7\u00e3o na regra de motores e justifica: \u201cN\u00e3o queremos controv\u00e9rsias\u201d<\/a><\/strong><br>\u25b6\ufe0f&nbsp;<strong><a href=\"https:\/\/www.grandepremio.com\/br\/galeria\/f1\/confira-pinturas-das-11-equipes-da-formula-1-para-temporada-2026\/\"><\/a><a href=\"https:\/\/www.grandepremio.com\/br\/f1\/noticias\/lewis-hamilton-ve-f1-mais-lenta-f2-critica-complexidade-2026-preciso-diploma\/\">Hamilton v\u00ea F1 \u201cmais lenta que F2\u201d e critica complexidade de 2026: \u201c\u00c9 preciso um diploma\u201d<\/a><\/strong><br>\u25b6\ufe0f&nbsp;<strong><a href=\"https:\/\/www.grandepremio.com\/br\/f1\/noticias\/fernando-alonso-crava-data-decidir-futuro-f1-mas-cogita-pressao-aston-martin\/\"><\/a><a href=\"https:\/\/www.grandepremio.com\/br\/f1\/noticias\/estamos-ferrados-mercedes-se-preocupa-alteracao-regra-motores-cobra-fia\/\">\u201cEstamos ferrados\u201d: Mercedes se preocupa com altera\u00e7\u00e3o em regra de motores e cobra FIA<\/a><\/strong><\/p>\n","protected":false},"excerpt":{"rendered":"<p>Assim como nos dias anteriores, os pilotos ter\u00e3o pela frente uma sexta-feira de sol com pouqu\u00edssimas nuvens no c\u00e9u. Confira a previs\u00e3o do tempo para o Bahrein<\/p>\n","protected":false},"author":0,"featured_media":1001058013,"comment_status":"closed","ping_status":"closed","sticky":false,"template":"","format":"standard","meta":{"42wp_featured_image_caption":"","42wp_featured_image_credits":"","42wp_featured_video":"","42wp_featured_image_hidden":false,"42wp_authors_list":[],"footnotes":""},"categories":[2],"tags":[1667,26271,5273,147,29516,29148,180,31425,28995,1491,28285,30840,28104,203,35129,2717,204,31470,1881,42831],"42wp_author":[47147],"class_list":["post-12156","post","type-post","status-publish","format-standard","has-post-thumbnail","hentry","category-f1","tag-bahrein","tag-calendario-f1","tag-classificacao-f1","tag-f1","tag-f1-2026","tag-f1-hoje","tag-formula-1","tag-formula-1-2026","tag-formula-1-hoje","tag-grande-premio","tag-grandepremio","tag-horarios-f1","tag-isack-hadjar","tag-max-verstappen","tag-onde-assistir-f1","tag-pre-temporada","tag-red-bull","tag-temporada-2026-f1","tag-testes-coletivos","tag-testes-coletivos-bahrein","42wp_author-luana-marino"],"_links":{"self":[{"href":"https:\/\/grandepremio.com\/br\/wp-json\/wp\/v2\/posts\/12156","targetHints":{"allow":["GET"]}}],"collection":[{"href":"https:\/\/grandepremio.com\/br\/wp-json\/wp\/v2\/posts"}],"about":[{"href":"https:\/\/grandepremio.com\/br\/wp-json\/wp\/v2\/types\/post"}],"replies":[{"embeddable":true,"href":"https:\/\/grandepremio.com\/br\/wp-json\/wp\/v2\/comments?post=12156"}],"version-history":[{"count":0,"href":"https:\/\/grandepremio.com\/br\/wp-json\/wp\/v2\/posts\/12156\/revisions"}],"wp:featuredmedia":[{"embeddable":true,"href":"https:\/\/grandepremio.com\/br\/wp-json\/wp\/v2\/media\/1001058013"}],"wp:attachment":[{"href":"https:\/\/grandepremio.com\/br\/wp-json\/wp\/v2\/media?parent=12156"}],"wp:term":[{"taxonomy":"category","embeddable":true,"href":"https:\/\/grandepremio.com\/br\/wp-json\/wp\/v2\/categories?post=12156"},{"taxonomy":"post_tag","embeddable":true,"href":"https:\/\/grandepremio.com\/br\/wp-json\/wp\/v2\/tags?post=12156"},{"taxonomy":"42wp_author","embeddable":true,"href":"https:\/\/grandepremio.com\/br\/wp-json\/wp\/v2\/42wp_author?post=12156"}],"curies":[{"name":"wp","href":"https:\/\/api.w.org\/{rel}","templated":true}]}}