{"id":121597,"date":"2021-05-01T11:08:11","date_gmt":"2021-05-01T14:08:11","guid":{"rendered":"https:\/\/grandepremio.com\/br\/noticias\/alfa-romeo-promete-treinos-callum-ilott-diz-proximo-sera-franca\/"},"modified":"2021-05-01T11:08:17","modified_gmt":"2021-05-01T14:08:17","slug":"alfa-romeo-promete-treinos-callum-ilott-diz-proximo-sera-franca","status":"publish","type":"post","link":"https:\/\/grandepremio.com\/br\/f1\/alfa-romeo-promete-treinos-callum-ilott-diz-proximo-sera-franca\/","title":{"rendered":"Chefe da Alfa Romeo promete mais treinos para Ilott e diz que pr\u00f3ximo ser\u00e1 na Fran\u00e7a"},"content":{"rendered":"\n<figure class=\"wp-block-video\"><video class=\"video-js vjs-big-play-centered\" data-gp-vjs=\"1\" controls src=\"https:\/\/www.grandepremio.com\/br\/wp-content\/uploads\/l-videos\/2021-04-30_F1_GPPortugal_sexta_editado.mp4\"><\/video><\/figure>\n\n\n\n<p class=\"wp-block-paragraph\">Na \u00faltima ter\u00e7a-feira (27), a Alfa Romeo anunciou Callum Ilott como piloto reserva para a temporada 2021 da\u00a0<a href=\"https:\/\/www.grandepremio.com\/br\/f1\/\" target=\"_blank\" rel=\"noreferrer noopener\">F\u00f3rmula 1<\/a>\u00a0nesta manh\u00e3 de ter\u00e7a-feira (27). O brit\u00e2nico de 22 anos, que em 2021 conquistou o vice-campeonato da\u00a0<a href=\"https:\/\/www.grandepremio.com\/br\/f2\/\" target=\"_blank\" rel=\"noreferrer noopener\">F\u00f3rmula 2<\/a>\u00a0como piloto da UNI-Virtuosi, fez sua estreia na categoria principal na primeira sess\u00e3o de treinos livres para o GP de Portugal, em Portim\u00e3o, quando substituiu Antonio Giovinazzi\u00a0no TL1.<\/p>\n\n\n\n<p class=\"wp-block-paragraph\"><strong>Conhe\u00e7a o canal do Grande Pr\u00eamio no YouTube! Clique&nbsp;<a rel=\"noreferrer noopener\" href=\"https:\/\/youtube.com\/GrandePremioTV\" target=\"_blank\">aqui<\/a>.<br>Siga o Grande Pr\u00eamio no&nbsp;<a rel=\"noreferrer noopener\" href=\"https:\/\/twitter.com\/grandepremio\" target=\"_blank\">Twitter&nbsp;<\/a>e no&nbsp;<a rel=\"noreferrer noopener\" href=\"https:\/\/instagram.com\/grandepremio\" target=\"_blank\">Instagram<\/a>!<\/strong><\/p>\n\n\n\n<p class=\"wp-block-paragraph\">Ilott terminou em 17\u00ba em seu primeiro TL1, 0s425 atr\u00e1s de Kimi Raikkonen, parceiro de Giovinazzi no Alfa Romeo C41. Com isso, o chefe da Alfa Romeo, Fr\u00e9d\u00e9ric Vasseur, revelou ap\u00f3s a corrida que o pr\u00f3ximo treino de Ilott est\u00e1 agendado para o Grande Pr\u00eamio da Fran\u00e7a, em junho.<\/p>\n\n\n\n<p class=\"wp-block-paragraph\">&#8220;Foi o primeiro [treino], ele provavelmente vai pilotar tamb\u00e9m o carro no TL1 [de novo]. O pr\u00f3ximo ser\u00e1 a Fran\u00e7a, provavelmente ser\u00e1 muito mais f\u00e1cil para ele&#8221;, disse Vasseur. \u201cQueremos fazer alguns TL1s durante a temporada.\u00a0N\u00e3o prestei muita aten\u00e7\u00e3o ao primeiro.\u00a0Foi como um aquecimento.&#8221;<\/p>\n\n\n\n<p class=\"wp-block-paragraph\">\u201cOs pr\u00f3ximos dois TL1s ser\u00e3o em pistas que ele tamb\u00e9m conhece muito melhor.\u00a0N\u00e3o vamos queimar as duas ou tr\u00eas primeiras voltas da sess\u00e3o para testar a pista e ser\u00e1 muito mais f\u00e1cil&#8221;, acrescentou. <\/p>\n\n\n\n<figure class=\"wp-block-image size-large\"><img decoding=\"async\" src=\"https:\/\/www.grandepremio.com\/br\/wp-content\/uploads\/2021\/04\/alfaromeo-callumilott-01-1024x682.jpg\" alt=\"\" class=\"wp-image-469022\"\/><figcaption>Callum Ilott participou do TL1 do GP de Portugal (Foto: Alfa Romeo)<\/figcaption><\/figure>\n\n\n\n<p class=\"wp-block-paragraph\">A Alfa Romeo costuma servir como campo de testes para jovens pilotos da Ferrari no passado.\u00a0A equipe deu oportunidades nos treinos a Charles Leclerc em 2017 e Antonio Giovinazzi em 2018, preparando ambos antes de chegarem em tempo integral no ano seguinte.<\/p>\n\n\n\n<p class=\"wp-block-paragraph\">Mas Vasseur sentiu que Ilott enfrentou uma tarefa mais dif\u00edcil do que Leclerc ou Giovinazzi com seus esfor\u00e7os de pr\u00e1tica, uma vez que, de l\u00e1 para c\u00e1, as sess\u00f5es foram encurtadas em 30 minutos.<\/p>\n\n\n\n<p class=\"wp-block-paragraph\">&#8220;Se voc\u00ea se lembra do passado, fizemos o mesmo exerc\u00edcio com Charles em 2017. Mesmo com Antonio em 18, sempre foi muito desafiador para eles.&nbsp;Agora, nesta temporada, \u00e9 ainda mais dif\u00edcil, porque voc\u00ea tem apenas uma hora&#8221;, declarou.<\/p>\n\n\n\n<p class=\"wp-block-paragraph\">\u201cAntes da sess\u00e3o, todos pensavam &#8216;bem, voc\u00ea n\u00e3o tem erros, n\u00e3o tem press\u00e3o, n\u00e3o pode pegar leve, mas fa\u00e7a o seu trabalho&#8217;. Mas no final, todos est\u00e3o focados no tempo da volta, eles conhecem perfeitamente a situa\u00e7\u00e3o. Com certeza voc\u00ea parece est\u00fapido se bater o carro, mas pode parecer est\u00fapido se for muito lento.&nbsp;O exerc\u00edcio \u00e9 muito, muito dif\u00edcil&#8221;, concluiu.<\/p>\n\n\n\n<p class=\"wp-block-paragraph\">O&nbsp;<strong>GRANDE PR\u00caMIO<\/strong>&nbsp;acompanha&nbsp;<strong><a href=\"https:\/\/www.grandepremio.com\/br\/ao-vivo\/f1\/gp-portugal-formula-1-2021-treinos-livres-tempo-real\/\">AO VIVO e em TEMPO REAL<\/a><\/strong>&nbsp;todo o fim de semana do GP de Portugal de F1. Siga tudo&nbsp;<a href=\"https:\/\/www.grandepremio.com\/br\/f1\/\"><strong>aqui<\/strong><\/a>.<\/p>\n\n\n\n<figure class=\"wp-block-embed is-type-video is-provider-youtube wp-block-embed-youtube wp-embed-aspect-16-9 wp-has-aspect-ratio\"><div class=\"wp-block-embed__wrapper\">\n<iframe loading=\"lazy\" title=\"F1 CONFIRMA CORRIDA DE CLASSIFICA\u00c7\u00c3O + TIRA-TEIMA EM PORTUGAL | Paddock GP #236\" width=\"500\" height=\"281\" src=\"https:\/\/www.youtube.com\/embed\/6ARUeRVU0X4?start=4823&amp;feature=oembed\" frameborder=\"0\" allow=\"accelerometer; autoplay; clipboard-write; encrypted-media; gyroscope; picture-in-picture; web-share\" referrerpolicy=\"strict-origin-when-cross-origin\" allowfullscreen><\/iframe>\n<\/div><\/figure>\n","protected":false},"excerpt":{"rendered":"<p>Callum Ilott deve fazer sua pr\u00f3xima apari\u00e7\u00e3o nos treinos da F\u00f3rmula 1 pela Alfa Romeo no GP da Fran\u00e7a em junho. Quem apontou isso foi o chefe Fr\u00e9d\u00e9ric Vasseur<\/p>\n","protected":false},"author":0,"featured_media":1000468123,"comment_status":"closed","ping_status":"closed","sticky":false,"template":"","format":"standard","meta":{"42wp_featured_image_caption":"","42wp_featured_image_credits":"","42wp_featured_video":"","42wp_featured_image_hidden":false,"42wp_authors_list":[],"footnotes":""},"categories":[2],"tags":[457,147,24837,8261,24836,24834],"42wp_author":[47139],"class_list":["post-121597","post","type-post","status-publish","format-standard","has-post-thumbnail","hentry","category-f1","tag-alfa-romeo","tag-f1","tag-formula-1-2","tag-gp-de-portugal","tag-grande-premio-2","tag-kimi-raikkonen-2","42wp_author-ana-cerveira"],"_links":{"self":[{"href":"https:\/\/grandepremio.com\/br\/wp-json\/wp\/v2\/posts\/121597","targetHints":{"allow":["GET"]}}],"collection":[{"href":"https:\/\/grandepremio.com\/br\/wp-json\/wp\/v2\/posts"}],"about":[{"href":"https:\/\/grandepremio.com\/br\/wp-json\/wp\/v2\/types\/post"}],"replies":[{"embeddable":true,"href":"https:\/\/grandepremio.com\/br\/wp-json\/wp\/v2\/comments?post=121597"}],"version-history":[{"count":0,"href":"https:\/\/grandepremio.com\/br\/wp-json\/wp\/v2\/posts\/121597\/revisions"}],"wp:featuredmedia":[{"embeddable":true,"href":"https:\/\/grandepremio.com\/br\/wp-json\/wp\/v2\/media\/1000468123"}],"wp:attachment":[{"href":"https:\/\/grandepremio.com\/br\/wp-json\/wp\/v2\/media?parent=121597"}],"wp:term":[{"taxonomy":"category","embeddable":true,"href":"https:\/\/grandepremio.com\/br\/wp-json\/wp\/v2\/categories?post=121597"},{"taxonomy":"post_tag","embeddable":true,"href":"https:\/\/grandepremio.com\/br\/wp-json\/wp\/v2\/tags?post=121597"},{"taxonomy":"42wp_author","embeddable":true,"href":"https:\/\/grandepremio.com\/br\/wp-json\/wp\/v2\/42wp_author?post=121597"}],"curies":[{"name":"wp","href":"https:\/\/api.w.org\/{rel}","templated":true}]}}