{"id":121600,"date":"2021-05-01T10:00:00","date_gmt":"2021-05-01T13:00:00","guid":{"rendered":"https:\/\/grandepremio.com\/br\/noticias\/briefing-edicao-ao-vivo-sabado-classificacao-gp-de-portugal\/"},"modified":"2021-05-01T09:51:54","modified_gmt":"2021-05-01T12:51:54","slug":"briefing-edicao-ao-vivo-sabado-classificacao-gp-de-portugal","status":"publish","type":"post","link":"https:\/\/grandepremio.com\/br\/briefing\/briefing-edicao-ao-vivo-sabado-classificacao-gp-de-portugal\/","title":{"rendered":"Briefing tem edi\u00e7\u00e3o ao vivo neste s\u00e1bado e analisa classifica\u00e7\u00e3o do GP de Portugal"},"content":{"rendered":"\n<figure class=\"wp-block-video\"><video class=\"video-js vjs-big-play-centered\" data-gp-vjs=\"1\" controls src=\"https:\/\/www.grandepremio.com\/br\/wp-content\/uploads\/l-videos\/2021-04-30_F1_GPPortugal_sexta_editado.mp4\"><\/video><figcaption>Lewis Hamilton liderou a sexta-feira de treinos em Portugal: veja os melhores momentos (V\u00eddeo: GRANDE PR\u00caMIO com Reuters)<\/figcaption><\/figure>\n\n\n\n<p class=\"wp-block-paragraph\">Logo ap\u00f3s a defini\u00e7\u00e3o do grid de largada do GP de Portugal, por volta de 12h (de Bras\u00edlia) deste s\u00e1bado (1), o <strong>BRIEFING<\/strong> entra no ar ao vivo e disseca tudo sobre a terceira classifica\u00e7\u00e3o da temporada 2021 da F\u00f3rmula 1.<\/p>\n\n\n\n<p class=\"wp-block-paragraph\">Com apresenta\u00e7\u00e3o de Victor Martins e coment\u00e1rios de Evelyn Guimar\u00e3es e Pedro Henrique Marum, a mesa virtual do <strong>GRANDE PR\u00caMIO<\/strong> vai debater tudo o que aconteceu de melhor (e de pior) na classifica\u00e7\u00e3o em Portim\u00e3o. Tudo na <a href=\"https:\/\/www.youtube.com\/c\/GrandePremioTV\">GPTV, o canal do GRANDE PR\u00caMIO no YouTube<\/a>.<\/p>\n\n\n\n<p class=\"wp-block-paragraph\">Em formato j\u00e1 consagrado desde o ano passado, o <strong>BRIEFING<\/strong> tem mais uma edi\u00e7\u00e3o nos finais de semana de etapa do Mundial de F\u00f3rmula 1: a primeira vai ao ar aos s\u00e1bados, logo ap\u00f3s o fim da classifica\u00e7\u00e3o, e aos domingos segue com uma edi\u00e7\u00e3o antes da corrida e outra imediatamente ap\u00f3s a bandeira quadriculada.<\/p>\n\n\n\n<figure class=\"wp-block-image size-large\"><img decoding=\"async\" src=\"https:\/\/www.grandepremio.com\/br\/wp-content\/uploads\/2021\/04\/williams-nicholaslatifi-02-2-1024x683.jpg\" alt=\"\" class=\"wp-image-469013\"\/><figcaption>Portim\u00e3o recebe a F\u00f3rmula 1 pela segunda vez em seis meses (Foto: Williams)<\/figcaption><\/figure>\n\n\n\n<p class=\"wp-block-paragraph\"><strong>Conhe\u00e7a o canal do Grande Pr\u00eamio no YouTube! Clique&nbsp;<a target=\"_blank\" href=\"https:\/\/youtube.com\/GrandePremioTV\" rel=\"noreferrer noopener\">aqui<\/a>.<\/strong><br><strong>Siga o Grande Pr\u00eamio no&nbsp;<a target=\"_blank\" href=\"https:\/\/twitter.com\/grandepremio\" rel=\"noreferrer noopener\">Twitter&nbsp;<\/a>e no&nbsp;<a target=\"_blank\" href=\"https:\/\/instagram.com\/grandepremio\" rel=\"noreferrer noopener\">Instagram<\/a>!<\/strong><\/p>\n\n\n\n<p class=\"wp-block-paragraph\">Depois de um GP do Bahrein que teve Max Verstappen como grande protagonista e Lewis Hamilton como vencedor, o GP da Em\u00edlia-Romanha, em \u00cdmola, trouxe resultados invertidos. O heptacampe\u00e3o conquistou sua pole 99 na F1, mas foi o holand\u00eas da Red Bull o grande vencedor. Desta forma, o <a href=\"https:\/\/www.grandepremio.com\/br\/f1\/noticias\/dia-de-treinos-coloca-mercedes-e-red-bull-em-igualdade-mas-pneu-e-fator-decisivo\/\">GP de Portugal deste fim de semana se desenha como o grande tira-teima entre os dois principais nomes do Mundial de F1 em 2021<\/a>.<\/p>\n\n\n\n<p class=\"wp-block-paragraph\">No domingo, a partir de 10h (de Bras\u00edlia), Victor Martins comanda a atra\u00e7\u00e3o e, com Fernando Silva e Pedro Henrique Marum, traz a pr\u00e9via do GP de Portugal e debate as \u00faltimas informa\u00e7\u00f5es antes da largada em Portim\u00e3o.<\/p>\n\n\n\n<p class=\"wp-block-paragraph\">E logo depois da corrida, o <strong>BRIEFING<\/strong> p\u00f3s-corrida destrincha tudo o que aconteceu na segunda prova do campeonato, sempre com Victor Martins na apresenta\u00e7\u00e3o do programa.<\/p>\n\n\n\n<h3 class=\"wp-block-heading\">BRIEFING p\u00f3s-classifica\u00e7\u00e3o do GP de Portugal com Victor Martins, Evelyn Guimar\u00e3es e Pedro Henrique Marum<\/h3>\n\n\n\n<figure class=\"wp-block-embed is-type-video is-provider-youtube wp-block-embed-youtube wp-embed-aspect-16-9 wp-has-aspect-ratio\"><div class=\"wp-block-embed__wrapper\">\n<iframe loading=\"lazy\" title=\"BOTTAS EVITA A POLE 100 DE HAMILTON NO GP DE PORTUGAL DE F1 | BRIEFING\" width=\"500\" height=\"281\" src=\"https:\/\/www.youtube.com\/embed\/Q3ny_DmuDE4?feature=oembed\" frameborder=\"0\" allow=\"accelerometer; autoplay; clipboard-write; encrypted-media; gyroscope; picture-in-picture; web-share\" referrerpolicy=\"strict-origin-when-cross-origin\" allowfullscreen><\/iframe>\n<\/div><\/figure>\n","protected":false},"excerpt":{"rendered":"<p>Victor Martins, Evelyn Guimar\u00e3es e Pedro Henrique Marum formam a mesa virtual do BRIEFING, que vai trazer toda a an\u00e1lise da classifica\u00e7\u00e3o do GP de Portugal de F1, o pole, as surpresas e as decep\u00e7\u00f5es da tarde deste s\u00e1bado em Portim\u00e3o<\/p>\n","protected":false},"author":0,"featured_media":1000468876,"comment_status":"closed","ping_status":"closed","sticky":false,"template":"","format":"standard","meta":{"42wp_featured_image_caption":"","42wp_featured_image_credits":"","42wp_featured_video":"","42wp_featured_image_hidden":false,"42wp_authors_list":[],"footnotes":""},"categories":[39],"tags":[3350,147,156,24837,25536,8261,24836,87,203,82,1214,25065,1107,204],"42wp_author":[47110],"class_list":["post-121600","post","type-post","status-publish","format-standard","has-post-thumbnail","hentry","category-briefing","tag-briefing","tag-f1","tag-f1-2021","tag-formula-1-2","tag-formula-1-2021-2","tag-gp-de-portugal","tag-grande-premio-2","tag-lewis-hamilton","tag-max-verstappen","tag-mercedes","tag-pole-position","tag-portimao-2","tag-portugal","tag-red-bull","42wp_author-fernando-silva"],"_links":{"self":[{"href":"https:\/\/grandepremio.com\/br\/wp-json\/wp\/v2\/posts\/121600","targetHints":{"allow":["GET"]}}],"collection":[{"href":"https:\/\/grandepremio.com\/br\/wp-json\/wp\/v2\/posts"}],"about":[{"href":"https:\/\/grandepremio.com\/br\/wp-json\/wp\/v2\/types\/post"}],"replies":[{"embeddable":true,"href":"https:\/\/grandepremio.com\/br\/wp-json\/wp\/v2\/comments?post=121600"}],"version-history":[{"count":0,"href":"https:\/\/grandepremio.com\/br\/wp-json\/wp\/v2\/posts\/121600\/revisions"}],"wp:featuredmedia":[{"embeddable":true,"href":"https:\/\/grandepremio.com\/br\/wp-json\/wp\/v2\/media\/1000468876"}],"wp:attachment":[{"href":"https:\/\/grandepremio.com\/br\/wp-json\/wp\/v2\/media?parent=121600"}],"wp:term":[{"taxonomy":"category","embeddable":true,"href":"https:\/\/grandepremio.com\/br\/wp-json\/wp\/v2\/categories?post=121600"},{"taxonomy":"post_tag","embeddable":true,"href":"https:\/\/grandepremio.com\/br\/wp-json\/wp\/v2\/tags?post=121600"},{"taxonomy":"42wp_author","embeddable":true,"href":"https:\/\/grandepremio.com\/br\/wp-json\/wp\/v2\/42wp_author?post=121600"}],"curies":[{"name":"wp","href":"https:\/\/api.w.org\/{rel}","templated":true}]}}