{"id":121605,"date":"2021-05-01T08:20:30","date_gmt":"2021-05-01T11:20:30","guid":{"rendered":"https:\/\/grandepremio.com\/br\/noticias\/aston-martin-ainda-alivia-sebastian-vettel-define-problemas-falta-quilometragem\/"},"modified":"2021-05-01T08:20:35","modified_gmt":"2021-05-01T11:20:35","slug":"aston-martin-ainda-alivia-sebastian-vettel-define-problemas-falta-quilometragem","status":"publish","type":"post","link":"https:\/\/grandepremio.com\/br\/f1\/aston-martin-ainda-alivia-sebastian-vettel-define-problemas-falta-quilometragem\/","title":{"rendered":"Aston Martin ainda alivia Vettel e define problema em Portugal: falta de quilometragem"},"content":{"rendered":"\n<figure class=\"wp-block-video\"><video class=\"video-js vjs-big-play-centered\" data-gp-vjs=\"1\" controls src=\"https:\/\/www.grandepremio.com\/br\/wp-content\/uploads\/2021\/05\/MM93-acidente-Jerez.mp4\"><\/video><figcaption>Marc M\u00e1rquez sofreu forte acidente no fim do TL3 (V\u00eddeo: MotoGP)<\/figcaption><\/figure>\n\n\n\n<p class=\"wp-block-paragraph\">\u00c9 a terceira etapa da temporada, mas o que o GP de Portugal indicou no primeiro dia de atividades, a \u00faltima sexta-feira, foi Sebastian Vettel com tantas dificuldade quanto da primeira vez. Apenas 15\u00ba colocado no segundo treino livre e 0s6 atr\u00e1s do companheiro Lance Stroll, a situa\u00e7\u00e3o \u00e9 digna de cr\u00edticas, certo? De acordo com a Aston Martin, n\u00e3o: \u00e9 f\u00e1cil de explicar.<\/p>\n\n\n\n<p class=\"wp-block-paragraph\"><strong>Conhe\u00e7a o canal do Grande Pr\u00eamio no YouTube! Clique\u00a0<a rel=\"noreferrer noopener\" href=\"https:\/\/youtube.com\/GrandePremioTV\" target=\"_blank\">aqui<\/a>.<br>Siga o Grande Pr\u00eamio no\u00a0<a rel=\"noreferrer noopener\" href=\"https:\/\/twitter.com\/grandepremio\" target=\"_blank\">Twitter\u00a0<\/a>e no\u00a0<a rel=\"noreferrer noopener\" href=\"https:\/\/instagram.com\/grandepremio\" target=\"_blank\">Instagram<\/a>!<\/strong><br><strong>Vettel diz que precisa mudar estilo em Portugal: <a href=\"https:\/\/www.grandepremio.com\/br\/f1\/noticias\/sebastian-vettel-precisa-mudar-estilo-portugal-lamenta-carro-nao-faz-o-que-quero\/\">\u201cCarro n\u00e3o faz o que eu quero\u201d<\/a><\/strong><\/p>\n\n\n\n<p class=\"wp-block-paragraph\">O chefe Otman Szafnauer apontou o fato da pista portuguesa causar diferentes formas de sa\u00eddas de traseira de curva para curva. Como \u00e9 uma rea\u00e7\u00e3o perigosa do carro e que se apresenta de diferentes maneiras ao longo do tra\u00e7ado, causa s\u00e9rios problemas para um piloto que ainda n\u00e3o conhece bem o carro que comanda.<\/p>\n\n\n\n<p class=\"wp-block-paragraph\">&#8220;Aqui, em particular, acontece um pouco de instabilidade na traseira ao entrar nas curvas, mas acredito que \u00e9 o quanto varia de curva para curva. Se fizesse a mesma coisa em todas as curvas, daria para ir at\u00e9 o limite e ficar nessa para serm mais r\u00e1pido, mas quando varia tanto e voc\u00ea ainda n\u00e3o sabe o que esperar [do carro], esse \u00e9 o problema&#8221;, disse \u00e0 revista inglesa &#8216;Autosport&#8217;.<\/p>\n\n\n\n<figure class=\"wp-block-image size-large\"><img decoding=\"async\" src=\"https:\/\/www.grandepremio.com\/br\/wp-content\/uploads\/2021\/04\/astonmartin-sebastianvettel-03-1-1024x683.jpg\" alt=\"\" class=\"wp-image-469039\"\/><figcaption>Vettel foi 15\u00ba no dia com a Aston Martin (Foto: Aston Martin)<\/figcaption><\/figure>\n\n\n\n<figure class=\"wp-block-embed is-type-rich is-provider-spotify wp-block-embed-spotify wp-embed-aspect-21-9 wp-has-aspect-ratio\"><div class=\"wp-block-embed__wrapper\">\n<iframe title=\"Spotify Embed: Paddockast #101- F\u00f3rmula 1 confirma corridas de classifica\u00e7\u00e3o: O que isso quer dizer?\" style=\"border-radius: 12px\" width=\"100%\" height=\"152\" frameborder=\"0\" allowfullscreen allow=\"autoplay; clipboard-write; encrypted-media; fullscreen; picture-in-picture\" loading=\"lazy\" src=\"https:\/\/open.spotify.com\/embed\/episode\/0xT9K2z2OQgWQ71ikjorpA?utm_source=oembed\"><\/iframe>\n<\/div><\/figure>\n\n\n\n<p class=\"wp-block-paragraph\">&#8220;Quanto mais voc\u00ea guia o carro, mais voc\u00ea fica com ele na m\u00e3o e consegue prever esse tipo de coisa. \u00c9 apenas uma quest\u00e3o de tempo de pista&#8221;, afirmou.<\/p>\n\n\n\n<p class=\"wp-block-paragraph\">Ainda de acordo com o chefe, n\u00e3o h\u00e1 mist\u00e9rio para fazer o AMR21 evoluir &#8211; e casar um pouco mais com as necessidades de Vettel.<\/p>\n\n\n\n<p class=\"wp-block-paragraph\">&#8220;A cura vir\u00e1 de muito trabalho bom no t\u00fanel de vento e trazer atualiza\u00e7\u00f5es para o carro nas pr\u00f3ximas corridas para recuperar um pouco da carga aerodin\u00e2mica que perdemos na traseira&#8221;, apontou.<\/p>\n\n\n\n<p class=\"wp-block-paragraph\">&#8220;\u00c9 por causa exatamente disso que as coisas est\u00e3o acontecendo. H\u00e1 um caminho. Teremos melhorias para a pr\u00f3xima corrida, por exemplo, e mais tarde vamos trazer novas atualiza\u00e7\u00f5es. N\u00e3o ser\u00e1 a \u00faltima [em Barcelona]&#8221;, finalizou.<\/p>\n\n\n\n<p class=\"wp-block-paragraph\">A F\u00f3rmula 1 volta a acelerar neste s\u00e1bado em Portim\u00e3o. A partir de 8h (de Bras\u00edlia), os pilotos aceleram para o treino livre 3, tamb\u00e9m com dura\u00e7\u00e3o de 60 minutos. E \u00e0s 11h, os competidores voltam \u00e0 pista para a classifica\u00e7\u00e3o que vai definir o grid de largada. O\u00a0<strong>GRANDE PR\u00caMIO<\/strong>\u00a0acompanha\u00a0<strong><a href=\"https:\/\/www.grandepremio.com\/br\/ao-vivo\/f1\/gp-portugal-formula-1-2021-treinos-livres-tempo-real\/\">AO VIVO e em TEMPO REAL<\/a><\/strong>\u00a0todo o fim de semana do GP de Portugal de F1. Siga tudo\u00a0<a href=\"https:\/\/www.grandepremio.com\/br\/f1\/\"><strong>aqui<\/strong><\/a>.<\/p>\n\n\n\n<figure class=\"wp-block-embed is-type-video is-provider-youtube wp-block-embed-youtube wp-embed-aspect-16-9 wp-has-aspect-ratio\"><div class=\"wp-block-embed__wrapper\">\n<iframe loading=\"lazy\" title=\"TREINOS DA F1 EM PORTUGAL REFOR\u00c7AM NOVO EMBATE HAMILTON x VERSTAPPEN | Vem a\u00ed + GP \u00e0s 10\" width=\"500\" height=\"281\" src=\"https:\/\/www.youtube.com\/embed\/fVTyeLF9Onk?feature=oembed\" frameborder=\"0\" allow=\"accelerometer; autoplay; clipboard-write; encrypted-media; gyroscope; picture-in-picture; web-share\" referrerpolicy=\"strict-origin-when-cross-origin\" allowfullscreen><\/iframe>\n<\/div><\/figure>\n","protected":false},"excerpt":{"rendered":"<p>Otmar Szafnauer, chefe da Aston Martin, afirmou que o fato de Sebastian Vettel n\u00e3o conhecer bem o carro atrapalha especialmente em Portim\u00e3o<\/p>\n","protected":false},"author":0,"featured_media":1000469037,"comment_status":"closed","ping_status":"closed","sticky":false,"template":"","format":"standard","meta":{"42wp_featured_image_caption":"","42wp_featured_image_credits":"","42wp_featured_video":"","42wp_featured_image_hidden":false,"42wp_authors_list":[],"footnotes":""},"categories":[2],"tags":[309,156,25536,27455,8261,485,477,25065,210],"42wp_author":[47120],"class_list":["post-121605","post","type-post","status-publish","format-standard","has-post-thumbnail","hentry","category-f1","tag-aston-martin","tag-f1-2021","tag-formula-1-2021-2","tag-formula-2021-2","tag-gp-de-portugal","tag-lance-stroll","tag-otmar-szafnauer","tag-portimao-2","tag-sebastian-vettel","42wp_author-pedro-henrique-marum"],"_links":{"self":[{"href":"https:\/\/grandepremio.com\/br\/wp-json\/wp\/v2\/posts\/121605","targetHints":{"allow":["GET"]}}],"collection":[{"href":"https:\/\/grandepremio.com\/br\/wp-json\/wp\/v2\/posts"}],"about":[{"href":"https:\/\/grandepremio.com\/br\/wp-json\/wp\/v2\/types\/post"}],"replies":[{"embeddable":true,"href":"https:\/\/grandepremio.com\/br\/wp-json\/wp\/v2\/comments?post=121605"}],"version-history":[{"count":0,"href":"https:\/\/grandepremio.com\/br\/wp-json\/wp\/v2\/posts\/121605\/revisions"}],"wp:featuredmedia":[{"embeddable":true,"href":"https:\/\/grandepremio.com\/br\/wp-json\/wp\/v2\/media\/1000469037"}],"wp:attachment":[{"href":"https:\/\/grandepremio.com\/br\/wp-json\/wp\/v2\/media?parent=121605"}],"wp:term":[{"taxonomy":"category","embeddable":true,"href":"https:\/\/grandepremio.com\/br\/wp-json\/wp\/v2\/categories?post=121605"},{"taxonomy":"post_tag","embeddable":true,"href":"https:\/\/grandepremio.com\/br\/wp-json\/wp\/v2\/tags?post=121605"},{"taxonomy":"42wp_author","embeddable":true,"href":"https:\/\/grandepremio.com\/br\/wp-json\/wp\/v2\/42wp_author?post=121605"}],"curies":[{"name":"wp","href":"https:\/\/api.w.org\/{rel}","templated":true}]}}