{"id":121612,"date":"2021-05-01T05:00:00","date_gmt":"2021-05-01T08:00:00","guid":{"rendered":"https:\/\/grandepremio.com\/br\/noticias\/fia-determina-novos-limites-de-pista-no-circuito-de-portimao-e-inclui-curva-5\/"},"modified":"2021-04-30T20:20:36","modified_gmt":"2021-04-30T23:20:36","slug":"fia-determina-novos-limites-de-pista-no-circuito-de-portimao-e-inclui-curva-5","status":"publish","type":"post","link":"https:\/\/grandepremio.com\/br\/f1\/fia-determina-novos-limites-de-pista-no-circuito-de-portimao-e-inclui-curva-5\/","title":{"rendered":"FIA determina novos limites de pista no circuito de Portim\u00e3o e inclui curva 5"},"content":{"rendered":"\n<figure class=\"wp-block-video\"><video class=\"video-js vjs-big-play-centered\" data-gp-vjs=\"1\" controls src=\"https:\/\/www.grandepremio.com\/br\/wp-content\/uploads\/l-videos\/2021-04-30_F1_GPPortugal_sexta_editado.mp4\"><\/video><figcaption>Lewis Hamilton liderou a sexta-feira de treinos em Portugal: veja os melhores momentos (V\u00eddeo: GRANDE PR\u00caMIO com Reuters)<\/figcaption><\/figure>\n\n\n\n<p class=\"wp-block-paragraph\">Ap\u00f3s a confus\u00e3o no Bahrein por conta das regras sobre os limites de pista e as corre\u00e7\u00f5es e mudan\u00e7as em \u00cdmola, no GP de Portugal, deste fim de semana, os pilotos v\u00e3o enfrentar restri\u00e7\u00f5es adicionais: tamb\u00e9m ser\u00e3o impostos limites de pista na quinta curva do tra\u00e7ado portugu\u00eas.<\/p>\n\n\n\n<p class=\"wp-block-paragraph\">O diretor de corrida da F\u00f3rmula 1, Michael Masi, informou aos pilotos e as equipes que as viola\u00e7\u00f5es tamb\u00e9m ser\u00e3o aplicadas na curva 5 &#8211; assim como j\u00e1 \u00e9 presente nas curvas 1, 4 e 15. As equipes foram alertadas sobre os tr\u00eas pontos originais em um documento divulgado na \u00faltima quinta-feira (29) e, agora, atualizados sobre a nova regra.<\/p>\n\n\n\n<p class=\"wp-block-paragraph\">O objetivo da FIA (Federa\u00e7\u00e3o Internacional de Automobilismo) \u00e9 de que, como a curva cinco fica no final da nova e segunda zona de ativa\u00e7\u00e3o do DRS, a regra deve ajudar a evitar disputas sobre at\u00e9 onde os pilotos podem ir para se defender ou tomar uma posi\u00e7\u00e3o na largada.<\/p>\n\n\n\n<figure class=\"wp-block-image size-large\"><img decoding=\"async\" src=\"https:\/\/www.grandepremio.com\/br\/wp-content\/uploads\/2021\/04\/PortimaoSexta2021_2-1024x683.jpg\" alt=\"PORTIM\u00c3O; GP DE PORTUGAL; ALGARVE; SEXTA-FEIRA;\" class=\"wp-image-468847\"\/><figcaption>Portim\u00e3o recebe a F\u00f3rmula 1 novamente neste fim de semana (Foto: Alfa Romeo)<\/figcaption><\/figure>\n\n\n\n<p class=\"wp-block-paragraph\">Na orienta\u00e7\u00e3o original, era expl\u00edcito que os tempos de volta alcan\u00e7ados cortando atrav\u00e9s das zebra pintada de vermelho e branco nas curvas 1, 4 e 15 seriam exclu\u00eddos.\u00a0No \u00faltimo caso, eles tamb\u00e9m teriam seu tempo de volta subsequente exclu\u00eddo, uma vez que correr por ali permitiria aos pilotos mais velocidade ao longo da linha de largada.<\/p>\n\n\n\n<p class=\"wp-block-paragraph\"><strong>Conhe\u00e7a o canal do Grande Pr\u00eamio no YouTube! Clique&nbsp;<a rel=\"noreferrer noopener\" href=\"https:\/\/youtube.com\/GrandePremioTV\" target=\"_blank\">aqui<\/a>.<br>Siga o Grande Pr\u00eamio no&nbsp;<a rel=\"noreferrer noopener\" href=\"https:\/\/twitter.com\/grandepremio\" target=\"_blank\">Twitter&nbsp;<\/a>e no&nbsp;<a rel=\"noreferrer noopener\" href=\"https:\/\/instagram.com\/grandepremio\" target=\"_blank\">Instagram<\/a>!<\/strong><\/p>\n\n\n\n<p class=\"wp-block-paragraph\">Vale lembrar que durante as duas sess\u00f5es de treinos de hoje, 65 voltas foram exclu\u00eddas devido a viola\u00e7\u00f5es do limite da pista nas curvas um e quatro.\u00a0Daniel Ricciardo, Charles Leclerc, Nicholas Latifi, Nikita Mazepin, Kimi R\u00e4ikk\u00f6nen, Fernando Alonso, Valtteri Bottas, Sebastian Vettel, George Russell e Carlos Sainz tiveram seus tempos eliminados por excederem os limites a curva 1.\u00a0Sainz, Leclerc, Latifi e Mazepin se juntaram a Pierre Gasly, Lance Stroll, Yuki Tsunoda, Mick Schumacher e Lando Norris na elimina\u00e7\u00e3o dos tempos na curva 4 durante o primeiro treino.<\/p>\n\n\n\n<p class=\"wp-block-paragraph\">Na segunda sess\u00e3o do dia, Lewis Hamilton e Max Verstappen se juntaram \u00e0s fileiras dos perdedores de tempos por volta com viola\u00e7\u00f5es na curva 1. Antonio Giovinazzi, que ficou de fora do primeiro treino enquanto Callum Ilott guiou seu carro, tamb\u00e9m teve um tempo exclu\u00eddo por exceder os limites na curva 4.<\/p>\n\n\n\n<figure class=\"wp-block-embed is-type-video is-provider-youtube wp-block-embed-youtube wp-embed-aspect-16-9 wp-has-aspect-ratio\"><div class=\"wp-block-embed__wrapper\">\n<iframe loading=\"lazy\" title=\"PR\u00c9VIA DO GP DE PORTUGAL DE F1: EM QUE FICAR DE OLHO? | GP \u00e0s 10\" width=\"500\" height=\"281\" src=\"https:\/\/www.youtube.com\/embed\/zY8sEQMFqF0?feature=oembed\" frameborder=\"0\" allow=\"accelerometer; autoplay; clipboard-write; encrypted-media; gyroscope; picture-in-picture; web-share\" referrerpolicy=\"strict-origin-when-cross-origin\" allowfullscreen><\/iframe>\n<\/div><\/figure>\n\n\n\n<p class=\"wp-block-paragraph\"><\/p>\n\n\n\n<p class=\"wp-block-paragraph\"><\/p>\n","protected":false},"excerpt":{"rendered":"<p>Michael Masi, chefe de corrida da F1, avisou os pilotos e as equipes que tamb\u00e9m ser\u00e3o impostas as regras de limites de pista na quinta curva do circuito de Portim\u00e3o<\/p>\n","protected":false},"author":0,"featured_media":1000468846,"comment_status":"closed","ping_status":"closed","sticky":false,"template":"","format":"standard","meta":{"42wp_featured_image_caption":"","42wp_featured_image_credits":"","42wp_featured_video":"","42wp_featured_image_hidden":false,"42wp_authors_list":[],"footnotes":""},"categories":[2],"tags":[147,24837,25606,8261,1754,4283,25065],"42wp_author":[47139],"class_list":["post-121612","post","type-post","status-publish","format-standard","has-post-thumbnail","hentry","category-f1","tag-f1","tag-formula-1-2","tag-gp-da-emilia-romanha","tag-gp-de-portugal","tag-gp-do-bahrein","tag-limites-de-pista","tag-portimao-2","42wp_author-ana-cerveira"],"_links":{"self":[{"href":"https:\/\/grandepremio.com\/br\/wp-json\/wp\/v2\/posts\/121612","targetHints":{"allow":["GET"]}}],"collection":[{"href":"https:\/\/grandepremio.com\/br\/wp-json\/wp\/v2\/posts"}],"about":[{"href":"https:\/\/grandepremio.com\/br\/wp-json\/wp\/v2\/types\/post"}],"replies":[{"embeddable":true,"href":"https:\/\/grandepremio.com\/br\/wp-json\/wp\/v2\/comments?post=121612"}],"version-history":[{"count":0,"href":"https:\/\/grandepremio.com\/br\/wp-json\/wp\/v2\/posts\/121612\/revisions"}],"wp:featuredmedia":[{"embeddable":true,"href":"https:\/\/grandepremio.com\/br\/wp-json\/wp\/v2\/media\/1000468846"}],"wp:attachment":[{"href":"https:\/\/grandepremio.com\/br\/wp-json\/wp\/v2\/media?parent=121612"}],"wp:term":[{"taxonomy":"category","embeddable":true,"href":"https:\/\/grandepremio.com\/br\/wp-json\/wp\/v2\/categories?post=121612"},{"taxonomy":"post_tag","embeddable":true,"href":"https:\/\/grandepremio.com\/br\/wp-json\/wp\/v2\/tags?post=121612"},{"taxonomy":"42wp_author","embeddable":true,"href":"https:\/\/grandepremio.com\/br\/wp-json\/wp\/v2\/42wp_author?post=121612"}],"curies":[{"name":"wp","href":"https:\/\/api.w.org\/{rel}","templated":true}]}}