{"id":121632,"date":"2021-04-30T10:02:17","date_gmt":"2021-04-30T13:02:17","guid":{"rendered":"https:\/\/grandepremio.com\/br\/noticias\/diretor-fia-falta-preparacao-chave-corridas-classificacao\/"},"modified":"2021-04-30T10:02:25","modified_gmt":"2021-04-30T13:02:25","slug":"diretor-fia-falta-preparacao-chave-corridas-classificacao","status":"publish","type":"post","link":"https:\/\/grandepremio.com\/br\/f1\/diretor-fia-falta-preparacao-chave-corridas-classificacao\/","title":{"rendered":"Diretor da FIA v\u00ea falta de prepara\u00e7\u00e3o como fundamental para corridas de classifica\u00e7\u00e3o"},"content":{"rendered":"\n<figure class=\"wp-block-video\"><video class=\"video-js vjs-big-play-centered\" data-gp-vjs=\"1\" controls src=\"https:\/\/www.grandepremio.com\/br\/wp-content\/uploads\/2021\/04\/MotoGP-Rabat-crash-Jerez.mp4\"><\/video><figcaption>Tito Rabat perdeu o controle da moto na \u00faltima curva do circuito espanhol (V\u00eddeo: MotoGP)<\/figcaption><\/figure>\n\n\n\n<p class=\"wp-block-paragraph\">A F\u00f3rmula 1 confirmou, na \u00faltima semana, a chegada do formato de corridas de classifica\u00e7\u00e3o para tr\u00eas etapas da temporada 2021 &#8211; uma delas o GP da Inglaterra. A novidade empurra a classifica\u00e7\u00e3o tradicional para a sexta-feira, ap\u00f3s um treino livre, com a minicorrida no s\u00e1bado, depois da segunda atividade livre. De acordo com o diretor de corridas da FIA, Michael Masi, o fato de haver menos tempo de prepara\u00e7\u00e3o \u00e9 fundamental para o sucesso da ideia.<\/p>\n\n\n\n<p class=\"wp-block-paragraph\"><strong>Conhe\u00e7a o canal do Grande Pr\u00eamio no YouTube! Clique\u00a0<a rel=\"noreferrer noopener\" href=\"https:\/\/youtube.com\/GrandePremioTV\" target=\"_blank\">aqui<\/a>.<br>Siga o Grande Pr\u00eamio no\u00a0<a rel=\"noreferrer noopener\" href=\"https:\/\/twitter.com\/grandepremio\" target=\"_blank\">Twitter\u00a0<\/a>e no\u00a0<a rel=\"noreferrer noopener\" href=\"https:\/\/instagram.com\/grandepremio\" target=\"_blank\">Instagram<\/a>!<\/strong><\/p>\n\n\n\n<p class=\"wp-block-paragraph\">Masi destacou que h\u00e1 a probabilidade de que algumas equipes, pelo menos, n\u00e3o estejam apropriadamente preparadas para a classifica\u00e7\u00e3o 24 horas antes do tradicional e que haja um treino livre a menos. Assim, h\u00e1 menos prepara\u00e7\u00e3o para a corrida de classifica\u00e7\u00e3o que para uma prova normal. E para o GP tradicional, no domingo, h\u00e1 menos tempo de testes.<\/p>\n\n\n\n<p class=\"wp-block-paragraph\">&#8220;O novo formato ser\u00e1 algo diferente porque haver\u00e1 menos tempo de pista para as equipes antes da classifica\u00e7\u00e3o. \u00c9 um elemento que possivelmente vai causar com que alguns times n\u00e3o estejam bem preparados como normalmente estariam para uma classifica\u00e7\u00e3o. E, ent\u00e3o, h\u00e1 a corrida de classifica\u00e7\u00e3o no s\u00e1bado, que \u00e9 algo novo na F1. Depois, a progress\u00e3o disso para a corrida do domingo. Acho que adiciona um elemento estrat\u00e9gico diferente da parte das equipes&#8221;, afirmou.<\/p>\n\n\n\n<p class=\"wp-block-paragraph\">Para Masi, trata-se de uma demonstra\u00e7\u00e3o da capacidade das partes envolvidas no Mundial cooperarem para o sucesso comum.<\/p>\n\n\n\n<figure class=\"wp-block-image size-large\"><img decoding=\"async\" src=\"https:\/\/www.grandepremio.com\/br\/wp-content\/uploads\/2020\/05\/SI202012130384_hires_jpeg_24bit_rgb-scaled-e1608059298796-1024x659.jpg\" alt=\"\" class=\"wp-image-442962\"\/><figcaption>As corridas de classifica\u00e7\u00e3o ser\u00e3o sucesso? (Foto: Red Bull Content Pool)<\/figcaption><\/figure>\n\n\n\n<figure class=\"wp-block-embed is-type-rich is-provider-spotify wp-block-embed-spotify wp-embed-aspect-21-9 wp-has-aspect-ratio\"><div class=\"wp-block-embed__wrapper\">\n<iframe title=\"Spotify Embed: Paddockast #101- F\u00f3rmula 1 confirma corridas de classifica\u00e7\u00e3o: O que isso quer dizer?\" style=\"border-radius: 12px\" width=\"100%\" height=\"152\" frameborder=\"0\" allowfullscreen allow=\"autoplay; clipboard-write; encrypted-media; fullscreen; picture-in-picture\" loading=\"lazy\" src=\"https:\/\/open.spotify.com\/embed\/episode\/0xT9K2z2OQgWQ71ikjorpA?utm_source=oembed\"><\/iframe>\n<\/div><\/figure>\n\n\n\n<p class=\"wp-block-paragraph\">&#8220;F1, FIA e as equipes e pilotos trabalhar\u00e3o juntos para beneficiar a F\u00f3rmula 1, \u00e9 o que acontece a cada evento. Um exemplo importante disso \u00e9 a colabora\u00e7\u00e3o para desenvolver as regras das corridas de classifica\u00e7\u00e3o. \u00c9 uma iniciativa que anima o esporte por tentar um formato diferente, algo em que todos n\u00f3s trabalhamos para atingir o melhor resultado&#8221;, falou.<\/p>\n\n\n\n<p class=\"wp-block-paragraph\">&#8220;Estou ansioso pelo primeiro evento onde a corrida de classifica\u00e7\u00e3o de fato acontecer s\u00f3 pela chance de ver um formato completamente diferente no mundo da F1 e como ser\u00e1 a adapta\u00e7\u00e3o&#8221;, seguiu.<\/p>\n\n\n\n<p class=\"wp-block-paragraph\">Na chegada ao GP de Portugal, Hamilton comentou rapidamente sobre a mudan\u00e7a. Embora nada tenha dito sobre o formato em si, aprovou o desejo de criar artimanhas para tornar alguns fins de semana mais movimentados.<\/p>\n\n\n\n<p class=\"wp-block-paragraph\">&#8220;Honestamente, n\u00e3o sei muito sobre. N\u00e3o sei nada. Sempre disse que precisar\u00edamos de formatos diferentes para algumas corridas ao longo do ano. Em algumas pistas, particularmente lugares como M\u00f4naco, que \u00e9 lindo, mas n\u00e3o necessariamente uma corrida divertida. Gosto de ser aberto a novidades, eles est\u00e3o fazendo mudan\u00e7as, creio que ser\u00e3o fins de semana experimentais. Creio que o esporte pode aprender muito sobre como criar corridas melhores no futuro&#8221;, opinou.<\/p>\n\n\n\n<p class=\"wp-block-paragraph\">Stuart Pringle, diretor-geral de Silverstone, comemorou o fato da novidade estrear na pista inglesa.<\/p>\n\n\n\n<p class=\"wp-block-paragraph\">&#8220;Estamos incrivelmente animados pelo fato dos f\u00e3s em Silverstone serem os primeiros a acompanhar o formato das corridas de classifica\u00e7\u00e3o da F1 no GP da Inglaterra desta ano. N\u00e3o temos uma mudan\u00e7a grande de formato no esporte h\u00e1 anos, ent\u00e3o aprecio os esfor\u00e7os que est\u00e3o sendo feitos pela F1 e pela FIA para melhorar o entretenimento na pista, dando aos espectadores para pelo que ficarem ansiosos para julho&#8221;, finalizou.<\/p>\n\n\n\n<p class=\"wp-block-paragraph\">O segundo treino livre do fim de semana acontece logo mais, \u00e0s 11h (de Bras\u00edlia), em\u00a0<a href=\"https:\/\/www.grandepremio.com\/br\/etapa\/f1\/gp-de-portugal-formula-1-2020\/\" target=\"_blank\" rel=\"noreferrer noopener\">Portim\u00e3o<\/a>. O\u00a0<strong>GRANDE PR\u00caMIO<\/strong>\u00a0acompanha todas as atividades de pista do GP de Portugal, terceira etapa da temporada 2021,\u00a0<strong><a href=\"https:\/\/www.grandepremio.com\/br\/ao-vivo\/f1\/gp-de-portugal-de-f1-2021-treinos-livres-ao-vivo\/\">AO VIVO e em TEMPO REAL<\/a><\/strong>. Siga tudo\u00a0<a href=\"https:\/\/www.grandepremio.com\/br\/f1\/\">aqui<\/a>.<\/p>\n\n\n\n<figure class=\"wp-block-embed is-type-video is-provider-youtube wp-block-embed-youtube wp-embed-aspect-16-9 wp-has-aspect-ratio\"><div class=\"wp-block-embed__wrapper\">\n<iframe loading=\"lazy\" title=\"PR\u00c9VIA DO GP DE PORTUGAL DE F1: EM QUE FICAR DE OLHO? | GP \u00e0s 10\" width=\"500\" height=\"281\" src=\"https:\/\/www.youtube.com\/embed\/zY8sEQMFqF0?feature=oembed\" frameborder=\"0\" allow=\"accelerometer; autoplay; clipboard-write; encrypted-media; gyroscope; picture-in-picture; web-share\" referrerpolicy=\"strict-origin-when-cross-origin\" allowfullscreen><\/iframe>\n<\/div><\/figure>\n","protected":false},"excerpt":{"rendered":"<p>Michael Masi, diretor de corridas da FIA, avaliou que a dificuldade de prepara\u00e7\u00e3o para classifica\u00e7\u00e3o, corrida de classifica\u00e7\u00e3o e GP \u00e9 fator-chave para sucesso do formato<\/p>\n","protected":false},"author":0,"featured_media":0,"comment_status":"closed","ping_status":"closed","sticky":false,"template":"","format":"standard","meta":{"42wp_featured_image_caption":"","42wp_featured_image_credits":"","42wp_featured_video":"","42wp_featured_image_hidden":false,"42wp_authors_list":[],"footnotes":""},"categories":[2],"tags":[156,103,1285,25536,1385],"42wp_author":[47120],"class_list":["post-121632","post","type-post","status-publish","format-standard","hentry","category-f1","tag-f1-2021","tag-fia","tag-formula-1-2021","tag-formula-1-2021-2","tag-michael-masi","42wp_author-pedro-henrique-marum"],"_links":{"self":[{"href":"https:\/\/grandepremio.com\/br\/wp-json\/wp\/v2\/posts\/121632","targetHints":{"allow":["GET"]}}],"collection":[{"href":"https:\/\/grandepremio.com\/br\/wp-json\/wp\/v2\/posts"}],"about":[{"href":"https:\/\/grandepremio.com\/br\/wp-json\/wp\/v2\/types\/post"}],"replies":[{"embeddable":true,"href":"https:\/\/grandepremio.com\/br\/wp-json\/wp\/v2\/comments?post=121632"}],"version-history":[{"count":0,"href":"https:\/\/grandepremio.com\/br\/wp-json\/wp\/v2\/posts\/121632\/revisions"}],"wp:attachment":[{"href":"https:\/\/grandepremio.com\/br\/wp-json\/wp\/v2\/media?parent=121632"}],"wp:term":[{"taxonomy":"category","embeddable":true,"href":"https:\/\/grandepremio.com\/br\/wp-json\/wp\/v2\/categories?post=121632"},{"taxonomy":"post_tag","embeddable":true,"href":"https:\/\/grandepremio.com\/br\/wp-json\/wp\/v2\/tags?post=121632"},{"taxonomy":"42wp_author","embeddable":true,"href":"https:\/\/grandepremio.com\/br\/wp-json\/wp\/v2\/42wp_author?post=121632"}],"curies":[{"name":"wp","href":"https:\/\/api.w.org\/{rel}","templated":true}]}}