{"id":121654,"date":"2021-04-29T13:26:01","date_gmt":"2021-04-29T16:26:01","guid":{"rendered":"https:\/\/grandepremio.com\/br\/noticias\/lewis-hamilton-cobra-redes-sociais-facam-mais-combate-racismo-considera-boicote\/"},"modified":"2021-04-29T13:26:06","modified_gmt":"2021-04-29T16:26:06","slug":"lewis-hamilton-cobra-redes-sociais-facam-mais-combate-racismo-considera-boicote","status":"publish","type":"post","link":"https:\/\/grandepremio.com\/br\/f1\/lewis-hamilton-cobra-redes-sociais-facam-mais-combate-racismo-considera-boicote\/","title":{"rendered":"Hamilton cobra que redes sociais fa\u00e7am mais em combate ao racismo e considera boicote"},"content":{"rendered":"\n<figure class=\"wp-block-video\"><video class=\"video-js vjs-big-play-centered\" data-gp-vjs=\"1\" controls src=\"https:\/\/www.grandepremio.com\/br\/wp-content\/uploads\/2021\/04\/STOCK-CAR-2021_-DANIEL-SERRA-e-RICARDO-MAURICIO-VENCEM-em-GOIANIA.mp4\"><\/video><\/figure>\n\n\n\n<p class=\"wp-block-paragraph\">O fim de semana reserva um boicote de parte do mundo esportivo \u00e0s redes sociais. O motivo \u00e9 a presen\u00e7a ininterrupta de coment\u00e1rios racistas da parte do p\u00fablico, que n\u00e3o s\u00e3o combatidos de forma eficiente pelas plataformas. Lewis Hamilton, apesar de ainda n\u00e3o confirmar se de fato vai participar do movimento, deixou sua opini\u00e3o clara: o trabalho feito para coibir mensagens de \u00f3dio ainda n\u00e3o \u00e9 bom o suficiente.<\/p>\n\n\n\n<p class=\"wp-block-paragraph\">\u201cPara mim \u00e9 claro, e certamente nesse esporte tamb\u00e9m, que o racismo continua sendo um problema\u201d, disse Hamilton. \u201cSinto que as plataformas de redes sociais precisam fazer algo para combater isso. Ent\u00e3o, eu apoio completamente a iniciativa. Se fazer isso [boicote] coloca press\u00e3o nas plataformas a fazer algo a respeito disso [racismo], ent\u00e3o eu certamente ficaria feliz de participar\u201d, destacou.<\/p>\n\n\n\n<p class=\"wp-block-paragraph\">O boicote em quest\u00e3o nasceu no futebol brit\u00e2nico, com jogadores, equipes e campeonatos deixando redes sociais sem atualiza\u00e7\u00f5es entre sexta-feira (30) e segunda-feira (3). O pioneiro na a\u00e7\u00e3o foi o clube Swansea City, que tr\u00eas semanas atr\u00e1s abriu m\u00e3o das redes sociais por mensagens em tom abusivo contra certos jogadores. O movimento cresceu, agora contando com representantes do cr\u00edquete e do rugby, outros dois grandes esportes do Reino Unido.<\/p>\n\n\n\n<p class=\"wp-block-paragraph\"><strong>Conhe\u00e7a o canal do Grande Pr\u00eamio no YouTube! Clique\u00a0<a target=\"_blank\" href=\"https:\/\/youtube.com\/GrandePremioTV\" rel=\"noreferrer noopener\">aqui<\/a>.<\/strong><br><strong>Siga o Grande Pr\u00eamio no\u00a0<a target=\"_blank\" href=\"https:\/\/twitter.com\/grandepremio\" rel=\"noreferrer noopener\">Twitter\u00a0<\/a>e no\u00a0<a target=\"_blank\" href=\"https:\/\/instagram.com\/grandepremio\" rel=\"noreferrer noopener\">Instagram<\/a>!<\/strong><\/p>\n\n\n\n<figure class=\"wp-block-image size-large\"><img decoding=\"async\" src=\"https:\/\/www.grandepremio.com\/br\/wp-content\/uploads\/2021\/04\/HamiltonImola1-1024x682.jpg\" alt=\"LEWIS HAMILTON; MERCEDES; GP DA EM\u00cdLIA-ROMANHA; \u00cdMOLA;\" class=\"wp-image-463875\"\/><figcaption>Lewis Hamilton \u00e9 alvo de racismo nas redes sociais (Foto: Mercedes)<\/figcaption><\/figure>\n\n\n\n<p class=\"wp-block-paragraph\">A situa\u00e7\u00e3o fez Hamilton refletir sobre mensagens racistas que recebeu no passado. Foi s\u00f3 com o tempo que o piloto da Mercedes aprendeu a lidar com as redes sociais.<\/p>\n\n\n\n<p class=\"wp-block-paragraph\">\u201cEu fui alvo de abusos muito, muito tempo atr\u00e1s. Eu era mais novo, lendo redes sociais como muitas pessoas fazem e tentando interagir com as pessoas. S\u00f3 que houve um tempo em que eu precisei entender que voc\u00ea n\u00e3o pode ler cada coment\u00e1rio, que voc\u00ea n\u00e3o pode levar para o lado pessoal. Se voc\u00ea deixar essas coisas te afetarem, \u00e9 algo que pode acabar com seu dia. Eu acredito que as companhias de redes sociais precisam fazer mais. Temos algoritmos, coisas que eles conseguem ver e passos que eles podem dar para ajudar na cria\u00e7\u00e3o de uma sociedade antirracista. \u00c9 nessa dire\u00e7\u00e3o que precisamos ir. N\u00e3o sei os detalhes, mas fico feliz de ver tanta gente se envolvendo. N\u00e3o sei porque a F\u00f3rmula 1 n\u00e3o faz parte disso\u201d, encerrou.<\/p>\n\n\n\n<p class=\"wp-block-paragraph\">Hamilton est\u00e1 em Portugal, casa da <strong><a href=\"https:\/\/www.grandepremio.com\/br\/f1\/\">F\u00f3rmula 1<\/a><\/strong> neste fim de semana. A categoria realiza a terceira corrida da temporada 2021 em Portim\u00e3o, com Lewis tentando defender a lideran\u00e7a no Mundial de Pilotos, onde tem apenas 1 ponto de vantagem sobre Max Verstappen.<\/p>\n\n\n\n<figure class=\"wp-block-embed is-type-video is-provider-youtube wp-block-embed-youtube wp-embed-aspect-16-9 wp-has-aspect-ratio\"><div class=\"wp-block-embed__wrapper\">\n<iframe loading=\"lazy\" title=\"PR\u00c9VIA DO GP DE PORTUGAL DE F1: EM QUE FICAR DE OLHO? | GP \u00e0s 10\" width=\"500\" height=\"281\" src=\"https:\/\/www.youtube.com\/embed\/zY8sEQMFqF0?feature=oembed\" frameborder=\"0\" allow=\"accelerometer; autoplay; clipboard-write; encrypted-media; gyroscope; picture-in-picture; web-share\" referrerpolicy=\"strict-origin-when-cross-origin\" allowfullscreen><\/iframe>\n<\/div><\/figure>\n","protected":false},"excerpt":{"rendered":"<p>Lewis Hamilton talvez deixe suas redes sociais sem atualiza\u00e7\u00f5es, assim como outras entidades esportivas do Reino Unido. O brit\u00e2nico relembrou que precisou de tempo at\u00e9 conseguir lidar com mensagens de tom odioso que recebe do p\u00fablico<\/p>\n","protected":false},"author":0,"featured_media":1000452742,"comment_status":"closed","ping_status":"closed","sticky":false,"template":"","format":"standard","meta":{"42wp_featured_image_caption":"","42wp_featured_image_credits":"","42wp_featured_video":"","42wp_featured_image_hidden":false,"42wp_authors_list":[],"footnotes":""},"categories":[2],"tags":[156,24837,8261,87,82,2545,900],"42wp_author":[47118],"class_list":["post-121654","post","type-post","status-publish","format-standard","has-post-thumbnail","hentry","category-f1","tag-f1-2021","tag-formula-1-2","tag-gp-de-portugal","tag-lewis-hamilton","tag-mercedes","tag-racismo","tag-redes-sociais","42wp_author-vitor-fazio"],"_links":{"self":[{"href":"https:\/\/grandepremio.com\/br\/wp-json\/wp\/v2\/posts\/121654","targetHints":{"allow":["GET"]}}],"collection":[{"href":"https:\/\/grandepremio.com\/br\/wp-json\/wp\/v2\/posts"}],"about":[{"href":"https:\/\/grandepremio.com\/br\/wp-json\/wp\/v2\/types\/post"}],"replies":[{"embeddable":true,"href":"https:\/\/grandepremio.com\/br\/wp-json\/wp\/v2\/comments?post=121654"}],"version-history":[{"count":0,"href":"https:\/\/grandepremio.com\/br\/wp-json\/wp\/v2\/posts\/121654\/revisions"}],"wp:featuredmedia":[{"embeddable":true,"href":"https:\/\/grandepremio.com\/br\/wp-json\/wp\/v2\/media\/1000452742"}],"wp:attachment":[{"href":"https:\/\/grandepremio.com\/br\/wp-json\/wp\/v2\/media?parent=121654"}],"wp:term":[{"taxonomy":"category","embeddable":true,"href":"https:\/\/grandepremio.com\/br\/wp-json\/wp\/v2\/categories?post=121654"},{"taxonomy":"post_tag","embeddable":true,"href":"https:\/\/grandepremio.com\/br\/wp-json\/wp\/v2\/tags?post=121654"},{"taxonomy":"42wp_author","embeddable":true,"href":"https:\/\/grandepremio.com\/br\/wp-json\/wp\/v2\/42wp_author?post=121654"}],"curies":[{"name":"wp","href":"https:\/\/api.w.org\/{rel}","templated":true}]}}