{"id":121671,"date":"2021-04-29T07:19:58","date_gmt":"2021-04-29T10:19:58","guid":{"rendered":"https:\/\/grandepremio.com\/br\/noticias\/com-cinco-brasileiros-wec-abre-temporada-de-nova-era-com-hipercarros-em-6-horas-de-spa\/"},"modified":"2021-04-29T13:03:22","modified_gmt":"2021-04-29T16:03:22","slug":"com-cinco-brasileiros-wec-abre-temporada-de-nova-era-com-hipercarros-em-6-horas-de-spa","status":"publish","type":"post","link":"https:\/\/grandepremio.com\/br\/endurance\/com-cinco-brasileiros-wec-abre-temporada-de-nova-era-com-hipercarros-em-6-horas-de-spa\/","title":{"rendered":"Com cinco brasileiros, WEC abre temporada de nova era com hipercarros em 6 Horas de Spa"},"content":{"rendered":"\n<figure class=\"wp-block-video\"><video class=\"video-js vjs-big-play-centered\" data-gp-vjs=\"1\" controls src=\"https:\/\/www.grandepremio.com\/br\/wp-content\/uploads\/2021\/04\/STOCK-CAR-2021_-DANIEL-SERRA-e-RICARDO-MAURICIO-VENCEM-em-GOIANIA.mp4\"><\/video><figcaption>Daniel Serra e Ricardo Maur\u00edcio venceram as corridas da rodada dupla e Goi\u00e2nia da Stock Car (V\u00eddeo: Stock Car)<\/figcaption><\/figure>\n\n\n\n<p class=\"wp-block-paragraph\">Cinco homens e um destino. O esquadr\u00e3o brasileiro para a disputa da temporada completa do Mundial de Endurance em 2021 conta com nomes consagrados por conquistas nacionais e internacionais no esporte a motor. A partir desta quinta-feira (29), Andr\u00e9 Negr\u00e3o, Daniel Serra, Felipe Fraga, Augusto Farfus e Marcos Gomes v\u00e3o acelerar na abertura do fim de semana das 6 Horas de Spa-Francorchamps, prova que d\u00e1 in\u00edcio ao campeonato. Um campeonato que j\u00e1 come\u00e7a sob os holofotes em raz\u00e3o da estreia dos hipercarros e pelo fato da for\u00e7a mostrada pelos LMP2 \u2014 a United Autosports foi a mais r\u00e1pida de todo o grid no pr\u00f3logo no come\u00e7o da semana.<\/p>\n\n\n\n<p class=\"wp-block-paragraph\">Os brasileiros v\u00e3o fazer parte de tr\u00eas das quatro categorias em disputa neste ano no Mundial de Endurance. Andr\u00e9 Negr\u00e3o, campe\u00e3o mundial na supertemporada 2018\/19 e vencedor das 24 Horas de Le Mans em 2018 e 2019 na classe LMP2, agora vai correr na categoria principal, a classe dos hipercarros, com o LMP1 Rebellion R13, rebatizado como Alpine A480.<\/p>\n\n\n\n<p class=\"wp-block-paragraph\">Andr\u00e9 vai compartilhar o volante do carro #36 da equipe Alpine Matmut ao lado dos franceses Nicolas Lapierre e Matthieu Vaxivi\u00e8re.<\/p>\n\n\n\n<figure class=\"wp-block-image size-large\"><img decoding=\"async\" src=\"https:\/\/www.grandepremio.com\/br\/wp-content\/uploads\/2021\/04\/Negrao2-1024x683.jpeg\" alt=\"ANDR\u00c9 NEGR\u00c3O; WEC; MUNDIAL DE ENDURANCE;\" class=\"wp-image-468536\"\/><figcaption>Andr\u00e9 Negr\u00e3o acelera o LMP1 da Alpine no pr\u00f3logo em Spa (Foto: Renault Alpine\/DPPI)<\/figcaption><\/figure>\n\n\n\n<p class=\"wp-block-paragraph\">\u201cCome\u00e7amos na quinta-feira nossa caminhada para Le Mans. Temos duas metas este ano, brigar pelo t\u00edtulo mundial e tentar vencer em Le Mans. Ambas s\u00e3o poss\u00edveis. Os dois s\u00e3o um sonho para os franceses da Alpine&#8221;, disse o piloto de 28 anos, nascido em Campinas. A marca, que foi al\u00e7ada pela Renault para ser o carro-chefe do projeto voltado para o automobilismo, tem no WEC o objetivo de recolocar a montadora francesa no topo da principal corrida de resist\u00eancia do planeta depois de mais de 40 anos. Tudo remete ao triunfo logrado por Didier Pironi e Jean-Pierre Jaussaud nas 24 Horas de Le Mans de 1978, em que a Renault quebrou a hegemonia da Porsche.<\/p>\n\n\n\n<p class=\"wp-block-paragraph\">\u201cJ\u00e1 se passaram 43 anos, mais de quatro d\u00e9cadas daquela vit\u00f3ria de 1978. Se voc\u00ea imaginar que Le Mans \u00e9 a corrida de endurance mais importante do mundo, \u00e9 f\u00e1cil perceber que efetivamente tem um efeito nas vendas de esportivos, especialmente no mercado europeu, e \u00e9 isso o que faz uma f\u00e1brica entrar no esporte. E se pensar que se trata de uma corrida disputada na Fran\u00e7a, quintal da Renault, d\u00e1 para entender como uma vit\u00f3ria na categoria principal em Le Mans pode ser importante para eles. Especialmente depois de tanto tempo. Sou o \u00fanico piloto n\u00e3o-franc\u00eas do time. E j\u00e1 estou mega balan\u00e7ado s\u00f3 de pensar nessa possibilidade. \u00c9 muita responsabilidade. Imagine, ent\u00e3o, o resto do time\u201d, destacou.<\/p>\n\n\n\n<p class=\"wp-block-paragraph\">Pipo Derani est\u00e1 inscrito para ser um dos pilotos da nova equipe Cameron Glickenhaus no Mundial de Endurance. Entretanto, em raz\u00e3o do processo de desenvolvimento do novo SCG 007 Le Mans Hypercar ainda estar no seu in\u00edcio, a equipe optou por adiar a estreia no WEC para a etapa do Algarve, em Portugal, marcada para 13 de junho.<\/p>\n\n\n\n<figure class=\"wp-block-embed is-type-rich is-provider-spotify wp-block-embed-spotify wp-embed-aspect-21-9 wp-has-aspect-ratio\"><div class=\"wp-block-embed__wrapper\">\n<iframe title=\"Spotify Embed: Paddockast #101- F\u00f3rmula 1 confirma corridas de classifica\u00e7\u00e3o: O que isso quer dizer?\" style=\"border-radius: 12px\" width=\"100%\" height=\"152\" frameborder=\"0\" allowfullscreen allow=\"autoplay; clipboard-write; encrypted-media; fullscreen; picture-in-picture\" loading=\"lazy\" src=\"https:\/\/open.spotify.com\/embed\/episode\/0xT9K2z2OQgWQ71ikjorpA?si=tRpXJg--RT6gh5wK0S6Leg&amp;utm_source=oembed\"><\/iframe>\n<\/div><\/figure>\n\n\n\n<figure class=\"wp-block-image size-large\"><img decoding=\"async\" src=\"https:\/\/www.grandepremio.com\/br\/wp-content\/uploads\/2020\/09\/Serra2-1024x683.jpg\" alt=\"\" class=\"wp-image-420049\"\/><figcaption>Daniel Serra (ao centro) parte para a disputa da temporada completa do WEC em 2021 (Foto: Reprodu\u00e7\u00e3o)<\/figcaption><\/figure>\n\n\n\n<p class=\"wp-block-paragraph\">Na classe LMGTE-Pro, Daniel Serra \u00e9 um nome que dispensa apresenta\u00e7\u00f5es. Um dos maiores pilotos brasileiros dos \u00faltimos anos, consagrado com tr\u00eas t\u00edtulos da Stock Car e duas vezes vencedor das 24 Horas de Le Mans, o paulista de 37 anos, piloto oficial da Ferrari, vai disputar a temporada completa do Mundial de Endurance pela equipe AF Corse, tendo como companheiro de equipe o n\u00e3o menos experiente espanhol Miguel Molina. Os dois v\u00e3o compartilhar o volante da Ferrari 488 GTE Evo #52.<\/p>\n\n\n\n<p class=\"wp-block-paragraph\">Serra chegou a Spa-Francorchamps depois de uma longa viagem ap\u00f3s ter vencido a primeira corrida da rodada dupla de Goi\u00e2nia da Stock Car. Depois, foi para os Emirados \u00c1rabes antes de desembarcar na B\u00e9lgica para a jornada deste fim de semana.<\/p>\n\n\n\n<p class=\"wp-block-paragraph\">\u201cSer\u00e1 meu primeiro ano completo no WEC. E mal posso esperar para come\u00e7ar. Nos preparamos muito para isso. A temporada vai ser um desafio n\u00e3o s\u00f3 na pista, mas tamb\u00e9m pelas limita\u00e7\u00f5es de viagens entre os pa\u00edses, mas estou feliz por estar aqui para a primeira corrida\u201d, destacou.<\/p>\n\n\n\n<p class=\"wp-block-paragraph\"><strong>Conhe\u00e7a o canal do Grande Pr\u00eamio no YouTube! Clique&nbsp;<a target=\"_blank\" href=\"https:\/\/youtube.com\/GrandePremioTV\" rel=\"noreferrer noopener\">aqui<\/a>.<\/strong><br><strong>Siga o Grande Pr\u00eamio no&nbsp;<a target=\"_blank\" href=\"https:\/\/twitter.com\/grandepremio\" rel=\"noreferrer noopener\">Twitter&nbsp;<\/a>e no&nbsp;<a target=\"_blank\" href=\"https:\/\/instagram.com\/grandepremio\" rel=\"noreferrer noopener\">Instagram<\/a>!<\/strong><\/p>\n\n\n\n<figure class=\"wp-block-image size-large\"><img decoding=\"async\" src=\"https:\/\/www.grandepremio.com\/br\/wp-content\/uploads\/2021\/04\/FragaSpa2-683x1024.jpg\" alt=\"FELIPE FRAGA; WEC; MUNDIAL DE ENDURANCE; RED BULL;\" class=\"wp-image-468534\"\/><figcaption>Um dos grandes nomes do automobilismo brasileiro, Fraga vai disputar o WEC pela TF-Sport na LMGTE-Am (Foto: Andrew Lofthouse\/RF1)<\/figcaption><\/figure>\n\n\n\n<p class=\"wp-block-paragraph\">Um dos grandes advers\u00e1rios de Serra nos \u00faltimos anos nas pistas da Stock Car, Felipe Fraga, mais jovem campe\u00e3o da principal categoria do automobilismo brasileiro e vencedor da Corrida do Milh\u00e3o de 2016, vai fazer a temporada completa do Mundial de Endurance em 2021 pela equipe TF-Sport na classe LMGTE-Am. Fraga vai acelerar com uma Aston Martin Vantage AMR ao lado de veterano norte-americano Ben Keating e do jovem luxemburgu\u00eas Dylan Pereira.<\/p>\n\n\n\n<p class=\"wp-block-paragraph\">\u201cEstou muito feliz de disputar mais uma temporada do WEC, desta vez o ano completo da categoria e com uma equipe vencedora como a TF Sport, que venceu nas 24 Horas de Le Mans no ano passado na GTE-Am. Os testes e atividades de pista j\u00e1 come\u00e7aram e estou animado para a corrida. Fico feliz de estar ao lado do Ben como companheiro de equipe mais uma vez e pela primeira vez ao lado do Dylan, vamos com tudo para acelerar forte e vencer neste s\u00e1bado\u201d, destacou Felipe, de 25 anos.<\/p>\n\n\n\n<p class=\"wp-block-paragraph\">A equipe de Fraga viveu um susto na abertura do pr\u00f3logo quando Keating sofreu um forte acidente na Eau Rouge. A TF-Sport teve de lan\u00e7ar m\u00e3o de um outro modelo Aston Martin, reservado para a disputa da European Le Mans Series, para acelerar na sequ\u00eancia dos trabalhos em Spa-Francorchamps. No dia seguinte, na ter\u00e7a-feira, a equipe liderou a sess\u00e3o para os carros da LMGTE-Am.<\/p>\n\n\n\n<figure class=\"wp-block-image size-large\"><img decoding=\"async\" src=\"https:\/\/www.grandepremio.com\/br\/wp-content\/uploads\/2020\/09\/Farfus1-1024x683.jpg\" alt=\"\" class=\"wp-image-420056\"\/><figcaption>Dono de in\u00fameros t\u00edtulos e vit\u00f3rias, Augusto Farfus tamb\u00e9m vai fazer a temporada completa do WEC em 2021 (Foto: Reprodu\u00e7\u00e3o)<\/figcaption><\/figure>\n\n\n\n<p class=\"wp-block-paragraph\">Assim como Serra e Fraga, Marcos Gomes tamb\u00e9m \u00e9 dono de t\u00edtulo na Stock Car, tendo sido campe\u00e3o em 2015. O piloto, que disputa a categoria nacional pela Cavaleiro, tamb\u00e9m seguiu para a Europa logo depois da prova em Goi\u00e2nia para se juntar a Augusto Farfus, <a href=\"https:\/\/www.grandepremio.com\/br\/endurance\/noticias\/augusto-farfus-e-marcos-gomes-paul-dalla-lana-temporada-2021-do-wec\/\">outro piloto que dispensa apresenta\u00e7\u00f5es, na tripula\u00e7\u00e3o da equipe NorthWest AMR<\/a>, comandada pelo patr\u00e3o, o canadense Paul Dalla Lana, um dos mais conhecidos gentlemen-drivers do WEC.<\/p>\n\n\n\n<p class=\"wp-block-paragraph\">O conjunto brasileiro a bordo do Aston Martin Vantage #98 da classe LMGTE-Am re\u00fane t\u00edtulos e vit\u00f3rias. Al\u00e9m do \u00e1pice de Gomes alcan\u00e7ado na Stock Car, o filho de Paul\u00e3o tem empreendido uma carreira interessante no Endurance nos \u00faltimos anos, fez sua estreia nas 24 Horas de Le Mans no ano passado e, tamb\u00e9m em 2020, tornou-se campe\u00e3o do Asian Le Mans Series na classe GT. Farufs, por sua vez, re\u00fane hist\u00f3rico largamente vitorioso.<\/p>\n\n\n\n<p class=\"wp-block-paragraph\">Para citar somente suas \u00faltimas conquistas, o paranaense foi campe\u00e3o do GT World Cup pela BMW em 2018, em Macau, venceu as 24 Horas de Daytona na classe GTLM e tamb\u00e9m alcan\u00e7ou o t\u00edtulo do Intercontinental GT Challenge no ano passado.<\/p>\n\n\n\n<figure class=\"wp-block-image size-large\"><img decoding=\"async\" src=\"https:\/\/www.grandepremio.com\/br\/wp-content\/uploads\/2019\/12\/201912141738857_48927292342_c0f14f092a_h_DMa.jpg\" alt=\"\" class=\"wp-image-375625\"\/><figcaption>Marcos Gomes vai se unir a Augusto Farfus na equipe capitaneada por Paul Dalla Lana (Foto: Duda Bairros\/Stock Car)<\/figcaption><\/figure>\n\n\n\n<p class=\"wp-block-paragraph\">Os trabalhos para as 6 Horas de Spa-Francorchamps come\u00e7am nesta quinta-feira, a partir de 10h30, com o primeiro treino livre do fim de semana. A sexta-feira vai ser bastante movimentada com mais dois treinos livres, \u00e0s 4h30 e 9h30 (sempre de Bras\u00edlia), e a sess\u00e3o classificat\u00f3ria a partir de 10h20. As 6 Horas de Spa t\u00eam largada prevista para 8h30 de s\u00e1bado e v\u00e3o contar com transmiss\u00e3o ao vivo pelo ESPN App.<\/p>\n\n\n\n<figure class=\"wp-block-embed is-type-video is-provider-youtube wp-block-embed-youtube wp-embed-aspect-16-9 wp-has-aspect-ratio\"><div class=\"wp-block-embed__wrapper\">\n<iframe loading=\"lazy\" title=\"SCHUMACHER OU HAMILTON: BRKsEDU DIZ QUEM FOI O MAIOR NA F1 | GP \u00e0s 10\" width=\"500\" height=\"281\" src=\"https:\/\/www.youtube.com\/embed\/F5Ity7aTNvw?feature=oembed\" frameborder=\"0\" allow=\"accelerometer; autoplay; clipboard-write; encrypted-media; gyroscope; picture-in-picture; web-share\" referrerpolicy=\"strict-origin-when-cross-origin\" allowfullscreen><\/iframe>\n<\/div><\/figure>\n","protected":false},"excerpt":{"rendered":"<p>Andr\u00e9 Negr\u00e3o, Daniel Serra, Felipe Fraga, Augusto Farfus e Marcos Gomes aceleram a partir desta quinta-feira com o primeiro treino livre para as 6 Horas de Spa-Francorchamps, prova que abre a temporada 2021 do Mundial de Endurance<\/p>\n","protected":false},"author":0,"featured_media":1000468535,"comment_status":"closed","ping_status":"closed","sticky":false,"template":"","format":"standard","meta":{"42wp_featured_image_caption":"","42wp_featured_image_credits":"","42wp_featured_video":"","42wp_featured_image_hidden":false,"42wp_authors_list":[],"footnotes":""},"categories":[18],"tags":[25129,72,77,460,24836,1034,357,356,6915],"42wp_author":[47110],"class_list":["post-121671","post","type-post","status-publish","format-standard","has-post-thumbnail","hentry","category-endurance","tag-andre-negrao","tag-augusto-farfus","tag-daniel-serra","tag-felipe-fraga","tag-grande-premio-2","tag-marcos-gomes","tag-mundial-de-endurance","tag-wec","tag-wec-2021","42wp_author-fernando-silva"],"_links":{"self":[{"href":"https:\/\/grandepremio.com\/br\/wp-json\/wp\/v2\/posts\/121671","targetHints":{"allow":["GET"]}}],"collection":[{"href":"https:\/\/grandepremio.com\/br\/wp-json\/wp\/v2\/posts"}],"about":[{"href":"https:\/\/grandepremio.com\/br\/wp-json\/wp\/v2\/types\/post"}],"replies":[{"embeddable":true,"href":"https:\/\/grandepremio.com\/br\/wp-json\/wp\/v2\/comments?post=121671"}],"version-history":[{"count":0,"href":"https:\/\/grandepremio.com\/br\/wp-json\/wp\/v2\/posts\/121671\/revisions"}],"wp:featuredmedia":[{"embeddable":true,"href":"https:\/\/grandepremio.com\/br\/wp-json\/wp\/v2\/media\/1000468535"}],"wp:attachment":[{"href":"https:\/\/grandepremio.com\/br\/wp-json\/wp\/v2\/media?parent=121671"}],"wp:term":[{"taxonomy":"category","embeddable":true,"href":"https:\/\/grandepremio.com\/br\/wp-json\/wp\/v2\/categories?post=121671"},{"taxonomy":"post_tag","embeddable":true,"href":"https:\/\/grandepremio.com\/br\/wp-json\/wp\/v2\/tags?post=121671"},{"taxonomy":"42wp_author","embeddable":true,"href":"https:\/\/grandepremio.com\/br\/wp-json\/wp\/v2\/42wp_author?post=121671"}],"curies":[{"name":"wp","href":"https:\/\/api.w.org\/{rel}","templated":true}]}}