{"id":121672,"date":"2021-04-29T06:11:18","date_gmt":"2021-04-29T09:11:18","guid":{"rendered":"https:\/\/grandepremio.com\/br\/noticias\/com-gama-mais-dura-de-pneus-pirelli-preve-desafio-exigencias-unicas-portimao\/"},"modified":"2021-04-29T09:14:41","modified_gmt":"2021-04-29T12:14:41","slug":"com-gama-mais-dura-de-pneus-pirelli-preve-desafio-exigencias-unicas-portimao","status":"publish","type":"post","link":"https:\/\/grandepremio.com\/br\/f1\/com-gama-mais-dura-de-pneus-pirelli-preve-desafio-exigencias-unicas-portimao\/","title":{"rendered":"Com gama mais dura de pneus, Pirelli prev\u00ea desafio com \u201cexig\u00eancias \u00fanicas\u201d de Portim\u00e3o"},"content":{"rendered":"\n<figure class=\"wp-block-video\"><video class=\"video-js vjs-big-play-centered\" data-gp-vjs=\"1\" controls src=\"https:\/\/www.grandepremio.com\/br\/wp-content\/uploads\/l-videos\/2021-04-18_F1_GPImola_domingo_editado.mp4\"><\/video><figcaption>Assista aos melhores momentos do GP da Em\u00edlia-Romanha de F1 (V\u00eddeo: GRANDE PR\u00caMIO com Reuters)<\/figcaption><\/figure>\n\n\n\n<p class=\"wp-block-paragraph\">Depois das duas primeiras corridas da temporada 2021 do Mundial de F\u00f3rmula 1, a Pirelli traz uma nova combina\u00e7\u00e3o de pneus para o fim de semana do GP de Portugal. Enquanto nas etapas do Bahrein e da Em\u00edlia-Romanha os compostos usados foram os C2, C3 e C4, desta vez a fornecedora de Mil\u00e3o vai levar a Portim\u00e3o sua gama mais dura com os compostos C1, C2 e C3. A escolha \u00e9 a mesma da temporada passada, quando a F\u00f3rmula 1 correu pela primeira vez no tra\u00e7ado localizado no Algarve.<\/p>\n\n\n\n<p class=\"wp-block-paragraph\">Um dos principais desafios que os pilotos tiveram de lidar em 2020 foi com o asfalto rec\u00e9m-reformado do circuito portugu\u00eas, o que proporcionou falta de ader\u00eancia, cen\u00e1rio agravado ainda mais em raz\u00e3o da chuva fina que se fez presente no come\u00e7o da corrida, vencida por Lewis Hamilton. <a href=\"https:\/\/www.grandepremio.com\/br\/f1\/noticias\/hamilton-fatura-empolgante-gp-de-portugal-e-vira-maior-vencedor-da-historia-da-f1\/\">Foi nesta prova que o brit\u00e2nico quebrou o recorde de Michael Schumacher e se estabeleceu como o mais vitorioso piloto da hist\u00f3ria da F\u00f3rmula 1<\/a>.<\/p>\n\n\n\n<figure class=\"wp-block-image size-large\"><img decoding=\"async\" src=\"https:\/\/www.grandepremio.com\/br\/wp-content\/uploads\/2021\/04\/PirelliPortimao-1024x576.jpg\" alt=\"PIRELLI; GP DE PORTUGAL; \" class=\"wp-image-468525\"\/><figcaption>A Pirelli vai levar sua gama de pneus mais dura para o Algarve (Infogr\u00e1fico: Pirelli)<\/figcaption><\/figure>\n\n\n\n<p class=\"wp-block-paragraph\"><strong>Conhe\u00e7a o canal do Grande Pr\u00eamio no YouTube! Clique&nbsp;<a target=\"_blank\" href=\"https:\/\/youtube.com\/GrandePremioTV\" rel=\"noreferrer noopener\">aqui<\/a>.<\/strong><br><strong>Siga o Grande Pr\u00eamio no&nbsp;<a target=\"_blank\" href=\"https:\/\/twitter.com\/grandepremio\" rel=\"noreferrer noopener\">Twitter&nbsp;<\/a>e no&nbsp;<a target=\"_blank\" href=\"https:\/\/instagram.com\/grandepremio\" rel=\"noreferrer noopener\">Instagram<\/a>!<\/strong><\/p>\n\n\n\n<p class=\"wp-block-paragraph\">Desta vez, pouco mais de seis meses depois daquela corrida, o asfalto definitivamente est\u00e1 em melhores condi\u00e7\u00f5es, mas a Pirelli prev\u00ea uma superf\u00edcie ainda lisa, o que torna o fim de semana, em termos de gest\u00e3o de pneus, um desafio, segundo a f\u00e1brica italiana.<\/p>\n\n\n\n<p class=\"wp-block-paragraph\">Mario Isola, chefe da Pirelli para a F\u00f3rmula 1, ressaltou justamente esse ponto como fator-chave no ano passado. \u201cA gest\u00e3o dos pneus e a aloca\u00e7\u00e3o de compostos mais duros em suas janelas de funcionamento foi um tema importante da corrida de Portim\u00e3o no ano passado, por uma s\u00e9rie de motivos. Mas este ano, com a possibilidade de condi\u00e7\u00f5es clim\u00e1ticas distintas e uma superf\u00edcie de pista que pode ter evolu\u00eddo, pode ser outro desafio\u201d, explicou o engenheiro.<\/p>\n\n\n\n<p class=\"wp-block-paragraph\">Segundo a meteorologia, apesar de ter chovido nos \u00faltimos dias, a previs\u00e3o do tempo para o fim de semana do GP de Portugal \u00e9 de pista seca \u2014 o percentual de chance de chuva, segundo o Weather Channel, \u00e9 inferior a 10% \u2014, por\u00e9m com temperaturas amenas, que v\u00e3o alcan\u00e7ar uma m\u00e1xima de 20\u00baC de temperatura ambiente. A velocidade dos ventos \u00e9 que vai dar o tom, principalmente no per\u00edodo da tarde, acima dos 20 km\/h.<\/p>\n\n\n\n<figure class=\"wp-block-embed is-type-rich is-provider-spotify wp-block-embed-spotify wp-embed-aspect-21-9 wp-has-aspect-ratio\"><div class=\"wp-block-embed__wrapper\">\n<iframe title=\"Spotify Embed: Paddockast #101- F\u00f3rmula 1 confirma corridas de classifica\u00e7\u00e3o: O que isso quer dizer?\" style=\"border-radius: 12px\" width=\"100%\" height=\"152\" frameborder=\"0\" allowfullscreen allow=\"autoplay; clipboard-write; encrypted-media; fullscreen; picture-in-picture\" loading=\"lazy\" src=\"https:\/\/open.spotify.com\/embed\/episode\/0xT9K2z2OQgWQ71ikjorpA?si=tRpXJg--RT6gh5wK0S6Leg&amp;utm_source=oembed\"><\/iframe>\n<\/div><\/figure>\n\n\n\n<figure class=\"wp-block-image size-large\"><img decoding=\"async\" src=\"https:\/\/www.grandepremio.com\/br\/wp-content\/uploads\/2020\/10\/ElLXjxRXgAADMj--1024x682.jpg\" alt=\"F1; F\u00d3RMULA 1; GP DE PORTUGAL;\" class=\"wp-image-430261\"\/><figcaption>Portim\u00e3o recebeu pela primeira vez uma corrida do Mundial de F\u00f3rmula 1 em 2020 (Foto: Pirelli)<\/figcaption><\/figure>\n\n\n\n<p class=\"wp-block-paragraph\">\u201cA constru\u00e7\u00e3o do novo pneu teve um bom desempenho durante as duas primeiras corridas de 2021, e agora o composto mais duro da gama faz a sua estreia. Esta gama foi selecionada para enfrentar as exig\u00eancias \u00fanicas que este circuito imp\u00f5e ao pneu, agravadas em caso de temperatura mais quente\u201d, explicou Isola.<\/p>\n\n\n\n<p class=\"wp-block-paragraph\">\u201cNo ano passado, todos os tr\u00eas compostos foram usados durante a corrida, com uma variedade de estrat\u00e9gias e utiliza\u00e7\u00f5es. As condi\u00e7\u00f5es do clima eram frescas e de muito vento, com chuva fraca ocasional, enquanto as condi\u00e7\u00f5es da pista mudaram ao longo do fim de semana\u201d, comentou o engenheiro.<\/p>\n\n\n\n<p class=\"wp-block-paragraph\">\u201cO novo asfalto foi o fator chave para determinar a ader\u00eancia, enquanto, em termos de desempenho do pneu, aquecimento e granula\u00e7\u00e3o foram dois outros fatores relevantes\u201d, complementou.<\/p>\n\n\n\n<p class=\"wp-block-paragraph\">Em 2020, Hamilton venceu a corrida com uma estrat\u00e9gia de apenas uma parada para troca de pneus, em que usou os compostos m\u00e9dios na primeira parte da corrida e trocou para os pneus duros para a sequ\u00eancia da prova em Portim\u00e3o.<\/p>\n\n\n\n<figure class=\"wp-block-embed is-type-video is-provider-youtube wp-block-embed-youtube wp-embed-aspect-16-9 wp-has-aspect-ratio\"><div class=\"wp-block-embed__wrapper\">\n<iframe loading=\"lazy\" title=\"SCHUMACHER OU HAMILTON: BRKsEDU DIZ QUEM FOI O MAIOR NA F1 | GP \u00e0s 10\" width=\"500\" height=\"281\" src=\"https:\/\/www.youtube.com\/embed\/F5Ity7aTNvw?feature=oembed\" frameborder=\"0\" allow=\"accelerometer; autoplay; clipboard-write; encrypted-media; gyroscope; picture-in-picture; web-share\" referrerpolicy=\"strict-origin-when-cross-origin\" allowfullscreen><\/iframe>\n<\/div><\/figure>\n","protected":false},"excerpt":{"rendered":"<p>A Pirelli repetiu a escolha do ano passado e vai levar para o Algarve os compostos C1, C2 e C3, combina\u00e7\u00e3o in\u00e9dita na temporada 2021<\/p>\n","protected":false},"author":0,"featured_media":1000429056,"comment_status":"closed","ping_status":"closed","sticky":false,"template":"","format":"standard","meta":{"42wp_featured_image_caption":"","42wp_featured_image_credits":"","42wp_featured_video":"","42wp_featured_image_hidden":false,"42wp_authors_list":[],"footnotes":""},"categories":[2],"tags":[2756,147,156,24837,25536,8261,24836,1126,1128],"42wp_author":[47110],"class_list":["post-121672","post","type-post","status-publish","format-standard","has-post-thumbnail","hentry","category-f1","tag-algarve","tag-f1","tag-f1-2021","tag-formula-1-2","tag-formula-1-2021-2","tag-gp-de-portugal","tag-grande-premio-2","tag-pirelli","tag-pneus","42wp_author-fernando-silva"],"_links":{"self":[{"href":"https:\/\/grandepremio.com\/br\/wp-json\/wp\/v2\/posts\/121672","targetHints":{"allow":["GET"]}}],"collection":[{"href":"https:\/\/grandepremio.com\/br\/wp-json\/wp\/v2\/posts"}],"about":[{"href":"https:\/\/grandepremio.com\/br\/wp-json\/wp\/v2\/types\/post"}],"replies":[{"embeddable":true,"href":"https:\/\/grandepremio.com\/br\/wp-json\/wp\/v2\/comments?post=121672"}],"version-history":[{"count":0,"href":"https:\/\/grandepremio.com\/br\/wp-json\/wp\/v2\/posts\/121672\/revisions"}],"wp:featuredmedia":[{"embeddable":true,"href":"https:\/\/grandepremio.com\/br\/wp-json\/wp\/v2\/media\/1000429056"}],"wp:attachment":[{"href":"https:\/\/grandepremio.com\/br\/wp-json\/wp\/v2\/media?parent=121672"}],"wp:term":[{"taxonomy":"category","embeddable":true,"href":"https:\/\/grandepremio.com\/br\/wp-json\/wp\/v2\/categories?post=121672"},{"taxonomy":"post_tag","embeddable":true,"href":"https:\/\/grandepremio.com\/br\/wp-json\/wp\/v2\/tags?post=121672"},{"taxonomy":"42wp_author","embeddable":true,"href":"https:\/\/grandepremio.com\/br\/wp-json\/wp\/v2\/42wp_author?post=121672"}],"curies":[{"name":"wp","href":"https:\/\/api.w.org\/{rel}","templated":true}]}}