{"id":121685,"date":"2021-04-28T14:05:48","date_gmt":"2021-04-28T17:05:48","guid":{"rendered":"https:\/\/grandepremio.com\/br\/noticias\/lando-norris-se-anima-projeta-brigas-mercedes-red-bull-formula-1\/"},"modified":"2021-04-28T18:29:17","modified_gmt":"2021-04-28T21:29:17","slug":"lando-norris-se-anima-projeta-brigas-mercedes-red-bull-formula-1","status":"publish","type":"post","link":"https:\/\/grandepremio.com\/br\/f1\/lando-norris-se-anima-projeta-brigas-mercedes-red-bull-formula-1\/","title":{"rendered":"Norris se anima com p\u00f3dio e projeta mais brigas com Mercedes e Red Bull na F\u00f3rmula 1"},"content":{"rendered":"\n<figure class=\"wp-block-video\"><video class=\"video-js vjs-big-play-centered\" data-gp-vjs=\"1\" controls src=\"https:\/\/www.grandepremio.com\/br\/wp-content\/uploads\/l-videos\/2021-04-18_F1_GPImola_domingo_editado.mp4\"><\/video><\/figure>\n\n\n\n<p class=\"wp-block-paragraph\">A&nbsp;<a href=\"https:\/\/www.grandepremio.com\/br\/f1\/\" target=\"_blank\" rel=\"noreferrer noopener\">F\u00f3rmula 1<\/a>&nbsp;espera uma disputa pelo t\u00edtulo entre&nbsp;<a href=\"https:\/\/www.grandepremio.com\/br\/piloto\/lewis-hamilton\/\" target=\"_blank\" rel=\"noreferrer noopener\">Lewis Hamilton<\/a>&nbsp;e&nbsp;<a href=\"https:\/\/www.grandepremio.com\/br\/piloto\/max-verstappen\/\" target=\"_blank\" rel=\"noreferrer noopener\">Max Verstappen<\/a>, mas uma outra hist\u00f3ria que pinta como importantes para o 2021 da categoria \u00e9 a de&nbsp;<a href=\"https:\/\/www.grandepremio.com\/br\/piloto\/lando-norris\/\" target=\"_blank\" rel=\"noreferrer noopener\">Lando Norris<\/a>, que conquistou seu segundo p\u00f3dio na carreira no GP de Em\u00edlia-Romanha, em \u00cdmola. Agora focado no GP de Portugal, o jovem piloto se enche de esperan\u00e7a para a sequ\u00eancia da temporada.<\/p>\n\n\n\n<p class=\"wp-block-paragraph\">Norris venceu a press\u00e3o da dupla da Ferrari e do companheiro Daniel Ricciardo em \u00cdmola, continuando forte in\u00edcio de temporada. Agora, para a pr\u00f3xima etapa em Portim\u00e3o, o brit\u00e2nico est\u00e1 esperan\u00e7oso de que a McLaren possa continuar a lutar contra as equipes l\u00edderes da F1.<\/p>\n\n\n\n<p class=\"wp-block-paragraph\">&#8220;\u00c9 bom competir em carros incomuns contra Red Bull, Mercedes, Ferraris, coisas assim.&nbsp;Enfrent\u00e1-los \u00e9 bom, ent\u00e3o espero que possamos ter mais disso no futuro&#8221;, disse Norris.<\/p>\n\n\n\n<p class=\"wp-block-paragraph\">\u201cEstar no p\u00f3dio pela segunda vez na F\u00f3rmula 1 foi uma sensa\u00e7\u00e3o incr\u00edvel, mas eu n\u00e3o poderia ter feito isso sem todas as pessoas da equipe&#8221;, explicou.<\/p>\n\n\n\n<p class=\"wp-block-paragraph\"><strong>Conhe\u00e7a o canal do Grande Pr\u00eamio no YouTube! Clique&nbsp;<a target=\"_blank\" href=\"https:\/\/youtube.com\/GrandePremioTV\" rel=\"noreferrer noopener\">aqui<\/a>.<\/strong><br><strong>Siga o Grande Pr\u00eamio no&nbsp;<a target=\"_blank\" href=\"https:\/\/twitter.com\/grandepremio\" rel=\"noreferrer noopener\">Twitter&nbsp;<\/a>e no&nbsp;<a target=\"_blank\" href=\"https:\/\/instagram.com\/grandepremio\" rel=\"noreferrer noopener\">Instagram<\/a>!<\/strong><br><strong><a href=\"https:\/\/www.grandepremio.com\/br\/web-stories\/f1\/como-foi-o-gp-da-emilia-romagna-formula-1-2021\/\">WEB STORIES: Como foi o GP da Em\u00edlia-Romanha de&nbsp;<\/a><a href=\"https:\/\/www.grandepremio.com\/br\/f1\/\" target=\"_blank\" rel=\"noreferrer noopener\">F\u00f3rmula 1<\/a><\/strong><\/p>\n\n\n\n<figure class=\"wp-block-image size-large\"><img decoding=\"async\" src=\"https:\/\/www.grandepremio.com\/br\/wp-content\/uploads\/2021\/04\/mclaren-landonorris-03-1024x683.jpg\" alt=\"\" class=\"wp-image-465241\"\/><figcaption>Lando Norris foi ao p\u00f3dio e fez com que ningu\u00e9m cravasse o top-3 (Foto: AFP)<\/figcaption><\/figure>\n\n\n\n<p class=\"wp-block-paragraph\">O dono do carro de n\u00famero #4 v\u00ea o favoritismo entre as duas pot\u00eancias, Red Bull e Mercedes, mas acredita que o trabalho da equipe da McLaren possa buscar aquele d\u00e9cimo a mais para fazer a diferen\u00e7a.<\/p>\n\n\n\n<p class=\"wp-block-paragraph\">&#8220;Todos na pista e na f\u00e1brica continuam a ir al\u00e9m para nos dar a melhor oportunidade poss\u00edvel todos os fins de semana.&nbsp;O resultado mostra o progresso que estamos fazendo para competir mais perto da frente do grid, mas sabemos que nem todas as corridas ser\u00e3o a nosso favor.&nbsp;Precisamos buscar melhorar em todas as \u00e1reas para encontrar aquele d\u00e9cimo extra que pode nos dar uma vantagem contra a forte concorr\u00eancia&#8221;, declarou. &#8220;Acho que Imola realmente nos mostrou que precisamos tentar transformar cada oportunidade em uma vantagem.&#8221;<\/p>\n\n\n\n<p class=\"wp-block-paragraph\">A McLaren est\u00e1 em terceiro lugar no Mundial de Construtores ap\u00f3s duas rodadas, 19 pontos atr\u00e1s da l\u00edder Mercedes. No Mundial de Pilotos, Norris aparece na terceira posi\u00e7\u00e3o com 27 pontos, 17 atr\u00e1s do l\u00edder Lewis Hamilton. <\/p>\n\n\n\n<figure class=\"wp-block-embed is-type-video is-provider-youtube wp-block-embed-youtube wp-embed-aspect-16-9 wp-has-aspect-ratio\"><div class=\"wp-block-embed__wrapper\">\n<iframe loading=\"lazy\" title=\"F1 2021: DUELO HAMILTON X VERSTAPPEN SER\u00c1 DEFINIDO PELO M\u00cdNIMO ERRO | GP \u00c0S 10\" width=\"500\" height=\"281\" src=\"https:\/\/www.youtube.com\/embed\/5AmwN-3-lls?feature=oembed\" frameborder=\"0\" allow=\"accelerometer; autoplay; clipboard-write; encrypted-media; gyroscope; picture-in-picture; web-share\" referrerpolicy=\"strict-origin-when-cross-origin\" allowfullscreen><\/iframe>\n<\/div><\/figure>\n","protected":false},"excerpt":{"rendered":"<p>Embora saiba que a concorr\u00eancia entre Lewis Hamilton e Max Verstappen seja acirrada, Lando Norris acredita em aproveitar oportunidades na pr\u00f3xima etapa da F1, o GP de Portugal <\/p>\n","protected":false},"author":0,"featured_media":1000464612,"comment_status":"closed","ping_status":"closed","sticky":false,"template":"","format":"standard","meta":{"42wp_featured_image_caption":"","42wp_featured_image_credits":"","42wp_featured_video":"","42wp_featured_image_hidden":false,"42wp_authors_list":[],"footnotes":""},"categories":[2],"tags":[25536,24836,547,87,203,90,82,204],"42wp_author":[47139],"class_list":["post-121685","post","type-post","status-publish","format-standard","has-post-thumbnail","hentry","category-f1","tag-formula-1-2021-2","tag-grande-premio-2","tag-lando-norris","tag-lewis-hamilton","tag-max-verstappen","tag-mclaren","tag-mercedes","tag-red-bull","42wp_author-ana-cerveira"],"_links":{"self":[{"href":"https:\/\/grandepremio.com\/br\/wp-json\/wp\/v2\/posts\/121685","targetHints":{"allow":["GET"]}}],"collection":[{"href":"https:\/\/grandepremio.com\/br\/wp-json\/wp\/v2\/posts"}],"about":[{"href":"https:\/\/grandepremio.com\/br\/wp-json\/wp\/v2\/types\/post"}],"replies":[{"embeddable":true,"href":"https:\/\/grandepremio.com\/br\/wp-json\/wp\/v2\/comments?post=121685"}],"version-history":[{"count":0,"href":"https:\/\/grandepremio.com\/br\/wp-json\/wp\/v2\/posts\/121685\/revisions"}],"wp:featuredmedia":[{"embeddable":true,"href":"https:\/\/grandepremio.com\/br\/wp-json\/wp\/v2\/media\/1000464612"}],"wp:attachment":[{"href":"https:\/\/grandepremio.com\/br\/wp-json\/wp\/v2\/media?parent=121685"}],"wp:term":[{"taxonomy":"category","embeddable":true,"href":"https:\/\/grandepremio.com\/br\/wp-json\/wp\/v2\/categories?post=121685"},{"taxonomy":"post_tag","embeddable":true,"href":"https:\/\/grandepremio.com\/br\/wp-json\/wp\/v2\/tags?post=121685"},{"taxonomy":"42wp_author","embeddable":true,"href":"https:\/\/grandepremio.com\/br\/wp-json\/wp\/v2\/42wp_author?post=121685"}],"curies":[{"name":"wp","href":"https:\/\/api.w.org\/{rel}","templated":true}]}}