{"id":121688,"date":"2021-04-28T13:26:08","date_gmt":"2021-04-28T16:26:08","guid":{"rendered":"https:\/\/grandepremio.com\/br\/noticias\/yuki-tsunoda-diz-que-aprendeu-licoes-com-erros-em-imola\/"},"modified":"2021-04-28T13:26:14","modified_gmt":"2021-04-28T16:26:14","slug":"yuki-tsunoda-diz-que-aprendeu-licoes-com-erros-em-imola","status":"publish","type":"post","link":"https:\/\/grandepremio.com\/br\/f1\/yuki-tsunoda-diz-que-aprendeu-licoes-com-erros-em-imola\/","title":{"rendered":"Tsunoda diz que aprendeu &#8220;muitas li\u00e7\u00f5es&#8221; com erros no GP da Em\u00edlia-Romanha"},"content":{"rendered":"\n<figure class=\"wp-block-video\"><video class=\"video-js vjs-big-play-centered\" data-gp-vjs=\"1\" controls src=\"https:\/\/www.grandepremio.com\/br\/wp-content\/uploads\/2021\/04\/2021-04-22_F1_Circuito_Miami_onboard.mp4\"><\/video><figcaption>Volta r\u00e1pida na pista de Miami, que recebe a F1 em 2022 (V\u00eddeo: Miami)<\/figcaption><\/figure>\n\n\n\n<p class=\"wp-block-paragraph\">Ap\u00f3s um decepcionante GP da Em\u00edlia-Romanha, em que terminou na 12\u00aa coloca\u00e7\u00e3o ap\u00f3s um final de semana marcado por erros, Yuki Tsunoda sente que pelo menos acumulou aprendizado. \u00c0s v\u00e9speras do GP de Portugal, terceira etapa da temporada da F\u00f3rmula 1, o piloto da AlphaTauri tenta agora colocar as li\u00e7\u00f5es em pr\u00e1tica.<\/p>\n\n\n\n<p class=\"wp-block-paragraph\">&#8220;Aprendi muitas li\u00e7\u00f5es em \u00cdmola. Eu tinha altas expectativas para a etapa, assim como a equipe. Tudo foi tranquilo nos treinos livres, ent\u00e3o eu cometi um enorme erro na classifica\u00e7\u00e3o, o que implicou em ter uma corrida muito dif\u00edcil. Eu n\u00e3o tinha uma batida forte h\u00e1 dois anos, ent\u00e3o essa foi uma li\u00e7\u00e3o que pude aprender para as pr\u00f3ximas corridas&#8221; afirmou.<\/p>\n\n\n\n<p class=\"wp-block-paragraph\">O japon\u00eas n\u00e3o esteve bem em \u00cdmola, batendo forte no s\u00e1bado, no Q1 do treino classificat\u00f3rio. Na corrida, passeou pela brita ap\u00f3s a relargada do safety-car. S\u00f3 que isso j\u00e1 \u00e9 coisa do passado, com a decep\u00e7\u00e3o sendo trocada pela empolga\u00e7\u00e3o de visitar Portugal.<\/p>\n\n\n\n<p class=\"wp-block-paragraph\">&#8220;A pista de Portugal \u00e9 nova para mim. Eu n\u00e3o sei ao certo o que esperar, apesar de ter feito algumas sess\u00f5es de pilotagem no simulador e de ter assistido ao GP do \u00faltimo ano&#8221;, seguiu.<\/p>\n\n\n\n<figure class=\"wp-block-image size-large\"><img decoding=\"async\" src=\"https:\/\/www.grandepremio.com\/br\/wp-content\/uploads\/2021\/04\/Yuki-Tsunoda-acidente-AlphaTauri-F1.png\" alt=\"Yuki Tsunoda, acidente, AlphaTauri, F1, Emilia-Romanha\" class=\"wp-image-464335\"\/><figcaption>Yuki Tsunoda bateu no Q1 da classifica\u00e7\u00e3o do GP da Em\u00edlia-Romanha e causou bandeira vermelha (Foto: Reprodu\u00e7\u00e3o)<\/figcaption><\/figure>\n\n\n\n<p class=\"wp-block-paragraph\"><strong>Conhe\u00e7a o canal do Grande Pr\u00eamio no YouTube! Clique&nbsp;<a target=\"_blank\" href=\"https:\/\/youtube.com\/GrandePremioTV\" rel=\"noreferrer noopener\">aqui<\/a>.<\/strong><br><strong>Siga o Grande Pr\u00eamio no&nbsp;<a target=\"_blank\" href=\"https:\/\/twitter.com\/grandepremio\" rel=\"noreferrer noopener\">Twitter&nbsp;<\/a>e no&nbsp;<a target=\"_blank\" href=\"https:\/\/instagram.com\/grandepremio\" rel=\"noreferrer noopener\">Instagram<\/a>!<\/strong><\/p>\n\n\n\n<p class=\"wp-block-paragraph\">&#8220;\u00c9 um circuito muito bonito e interessante com trechos como a curva 1, a inclina\u00e7\u00e3o da curva 13, que \u00e9 \u00fanica, muitas subidas e descidas e pontos cegos. Creio que \u00e9 dif\u00edcil pelos limites de pista, mas construirei meu ritmo gradualmente&#8221;, concluiu Tsunoda.<\/p>\n\n\n\n<p class=\"wp-block-paragraph\">J\u00e1 do outro lado da garagem taurina, em seu quinto ano na F\u00f3rmula 1, Pierre Gasly comentou a respeito da expectativa para a prova e das dificuldades da pista.<\/p>\n\n\n\n<p class=\"wp-block-paragraph\">&#8220;Ano passado tive uma boa corrida em Portim\u00e3o, terminei em quinto. \u00c9 uma pista muito \u00fanica com todas as mudan\u00e7as de eleva\u00e7\u00e3o, parece uma montanha-russa. \u00c9 divertido pilotar l\u00e1 e \u00e9 muito diferente do que estamos acostumado. Por ter uma baixa ader\u00eancia, o carro escorrega muito e n\u00e3o \u00e9 f\u00e1cil manter os pneus na temperatura correta&#8221;, disse.<\/p>\n\n\n\n<p class=\"wp-block-paragraph\">&#8220;Usei o C1, pneus duros, ano passado no primeiro treino livre e lembro deles serem dif\u00edcies de aquecer, mas dessa vez temos mais conhecimento e experi\u00eancia, al\u00e9m de que estar\u00e1 mais quente este ano&#8221;, completou.<\/p>\n\n\n\n<p class=\"wp-block-paragraph\">A pr\u00f3xima etapa da&nbsp;<a target=\"_blank\" href=\"https:\/\/www.grandepremio.com\/br\/f1\/\" rel=\"noreferrer noopener\">F1<\/a>&nbsp;acontece em 2 de maio. A categoria vai para&nbsp;<a target=\"_blank\" href=\"https:\/\/www.grandepremio.com\/br\/etapa\/f1\/gp-de-portugal-formula-1-2020\/\" rel=\"noreferrer noopener\">Portim\u00e3o<\/a>, casa do GP de Portugal.<\/p>\n\n\n\n<figure class=\"wp-block-embed is-type-video is-provider-youtube wp-block-embed-youtube wp-embed-aspect-16-9 wp-has-aspect-ratio\"><div class=\"wp-block-embed__wrapper\">\n<iframe loading=\"lazy\" title=\"SCHUMACHER OU HAMILTON: BRKsEDU DIZ QUEM FOI O MAIOR NA F1 | GP \u00e0s 10\" width=\"500\" height=\"281\" src=\"https:\/\/www.youtube.com\/embed\/F5Ity7aTNvw?feature=oembed\" frameborder=\"0\" allow=\"accelerometer; autoplay; clipboard-write; encrypted-media; gyroscope; picture-in-picture; web-share\" referrerpolicy=\"strict-origin-when-cross-origin\" allowfullscreen><\/iframe>\n<\/div><\/figure>\n","protected":false},"excerpt":{"rendered":"<p>Ap\u00f3s errar em \u00cdmola, Yuki Tsunoda projetou final de semana mais calmo em Portim\u00e3o. O companheiro Pierre Gasly ressaltou experi\u00eancia obtida no ano passado<\/p>\n","protected":false},"author":0,"featured_media":1000464663,"comment_status":"closed","ping_status":"closed","sticky":false,"template":"","format":"standard","meta":{"42wp_featured_image_caption":"","42wp_featured_image_credits":"","42wp_featured_video":"","42wp_featured_image_hidden":false,"42wp_authors_list":[],"footnotes":""},"categories":[2],"tags":[24837,25536,525,25606,676,597],"42wp_author":[47138],"class_list":["post-121688","post","type-post","status-publish","format-standard","has-post-thumbnail","hentry","category-f1","tag-formula-1-2","tag-formula-1-2021-2","tag-franz-tost","tag-gp-da-emilia-romanha","tag-pierre-gasly","tag-yuki-tsunoda","42wp_author-lucascouto"],"_links":{"self":[{"href":"https:\/\/grandepremio.com\/br\/wp-json\/wp\/v2\/posts\/121688","targetHints":{"allow":["GET"]}}],"collection":[{"href":"https:\/\/grandepremio.com\/br\/wp-json\/wp\/v2\/posts"}],"about":[{"href":"https:\/\/grandepremio.com\/br\/wp-json\/wp\/v2\/types\/post"}],"replies":[{"embeddable":true,"href":"https:\/\/grandepremio.com\/br\/wp-json\/wp\/v2\/comments?post=121688"}],"version-history":[{"count":0,"href":"https:\/\/grandepremio.com\/br\/wp-json\/wp\/v2\/posts\/121688\/revisions"}],"wp:featuredmedia":[{"embeddable":true,"href":"https:\/\/grandepremio.com\/br\/wp-json\/wp\/v2\/media\/1000464663"}],"wp:attachment":[{"href":"https:\/\/grandepremio.com\/br\/wp-json\/wp\/v2\/media?parent=121688"}],"wp:term":[{"taxonomy":"category","embeddable":true,"href":"https:\/\/grandepremio.com\/br\/wp-json\/wp\/v2\/categories?post=121688"},{"taxonomy":"post_tag","embeddable":true,"href":"https:\/\/grandepremio.com\/br\/wp-json\/wp\/v2\/tags?post=121688"},{"taxonomy":"42wp_author","embeddable":true,"href":"https:\/\/grandepremio.com\/br\/wp-json\/wp\/v2\/42wp_author?post=121688"}],"curies":[{"name":"wp","href":"https:\/\/api.w.org\/{rel}","templated":true}]}}