{"id":121692,"date":"2021-04-28T11:39:10","date_gmt":"2021-04-28T14:39:10","guid":{"rendered":"https:\/\/grandepremio.com\/br\/noticias\/ex-diretor-diz-que-williams-demorou-para-ser-vendida-era-necessario-ha-muito-tempo\/"},"modified":"2021-04-28T11:39:17","modified_gmt":"2021-04-28T14:39:17","slug":"ex-diretor-diz-que-williams-demorou-para-ser-vendida-era-necessario-ha-muito-tempo","status":"publish","type":"post","link":"https:\/\/grandepremio.com\/br\/f1\/ex-diretor-diz-que-williams-demorou-para-ser-vendida-era-necessario-ha-muito-tempo\/","title":{"rendered":"Ex-diretor diz que Williams demorou para ser vendida: &#8220;Era o necess\u00e1rio h\u00e1 muito tempo&#8221;"},"content":{"rendered":"\n<figure class=\"wp-block-video\"><video class=\"video-js vjs-big-play-centered\" data-gp-vjs=\"1\" controls src=\"https:\/\/www.grandepremio.com\/br\/wp-content\/uploads\/2021\/04\/2021_04_27_Hesketh_Deletraz.mp4\"><\/video><figcaption>Volta em M\u00f4naco com Hesketh 308 guiada por Jean-Denis Del\u00e9traz (V\u00eddeo: Reprodu\u00e7\u00e3o)<\/figcaption><\/figure>\n\n\n\n<p class=\"wp-block-paragraph\">O GP da It\u00e1lia de 2020 marcou oficialmente a \u00faltima corrida da Williams <a href=\"https:\/\/www.grandepremio.com\/br\/f1\/noticias\/claire-agradece-do-fundo-do-coracao-williams-foi-um-grande-prazer-e-enorme-honra\/\">comandada por algu\u00e9m da fam\u00edlia<\/a> que d\u00e1 nome ao time na F\u00f3rmula 1. Em agosto do ano passado, <a href=\"https:\/\/www.grandepremio.com\/br\/f1\/noticias\/williams-anuncia-venda-da-equipe-para-fundo-norte-americano-de-investimentos\/\">a equipe foi vendida para a Dorilton Capital<\/a>, uma empresa norte-americana de investimentos privados. Mesmo com o neg\u00f3cio, a lend\u00e1ria escuderia manteve o nome e a identidade no grid da categoria.<\/p>\n\n\n\n<p class=\"wp-block-paragraph\">O engenheiro Paddy Lowe come\u00e7ou a carreira na F1 em 1987, justamente na Williams, antes de mudar para a McLaren em 1993. Ap\u00f3s longo per\u00edodo afastado, voltou ao time de Grove em 2017, como diretor-t\u00e9cnico at\u00e9 o in\u00edcio de 2019, vivenciando situa\u00e7\u00f5es complicadas na parte financeira e t\u00e9cnica. Por isso, acredita que a venda da Williams demorou para acontecer.<\/p>\n\n\n\n<p class=\"wp-block-paragraph\">&#8220;Eu fiquei aliviado porque era o necess\u00e1rio h\u00e1 muito tempo e, para ser honesto, deveriam ter feito antes por diversas raz\u00f5es. A equipe vem em uma espiral negativa, no meu ponto de vista. Enquanto estive l\u00e1, vi o progresso de antes ser jogado no ralo, o que \u00e9 muito angustiante porque voc\u00ea entende que n\u00e3o h\u00e1 solu\u00e7\u00e3o al\u00e9m de dizer &#8216;falhamos&#8217;, ent\u00e3o voc\u00ea quer s\u00f3 se livrar antes de tudo acabar&#8221;, disse Lowe ao podcast &#8216;Beyond the Grid&#8217;.<\/p>\n\n\n\n<figure class=\"wp-block-image size-large\"><img decoding=\"async\" src=\"https:\/\/www.grandepremio.com\/br\/wp-content\/uploads\/2020\/09\/EhPqGQmX0AMk_XM-1024x683.jpg\" alt=\"\" class=\"wp-image-415082\"\/><figcaption>Claire se despediu da Williams no GP da It\u00e1lia de 2020 (Foto: Williams)<\/figcaption><\/figure>\n\n\n\n<p class=\"wp-block-paragraph\"><strong>Conhe\u00e7a o canal do Grande Pr\u00eamio no YouTube! Clique\u00a0<a href=\"https:\/\/youtube.com\/GrandePremioTV\" target=\"_blank\" rel=\"noreferrer noopener\">aqui<\/a>.<br>Siga o Grande Pr\u00eamio no\u00a0<a href=\"https:\/\/twitter.com\/grandepremio\" target=\"_blank\" rel=\"noreferrer noopener\">Twitter\u00a0<\/a>e no\u00a0<a href=\"https:\/\/instagram.com\/grandepremio\" target=\"_blank\" rel=\"noreferrer noopener\">Instagram<\/a>!<\/strong><\/p>\n\n\n\n<p class=\"wp-block-paragraph\">&#8220;Estou muito feliz que a equipe foi vendida por um pre\u00e7o razo\u00e1vel e que a Claire [Williams] e seus irm\u00e3os deixaram algo para trabalhar das grandes coisas que a fam\u00edlia alcan\u00e7ou ao longo dos anos. O nome foi mantido. E eles possuem novos investidores que v\u00e3o colocar dinheiro para levar o time na outra dire\u00e7\u00e3o, apesar de ser um longo processo e as pessas v\u00e3o precisar de paci\u00eancia&#8221;, acrescentou.<\/p>\n\n\n\n<p class=\"wp-block-paragraph\">O engenheiro brit\u00e2nico nascido no Qu\u00eania, que voltou \u00e0 equipe de Grove em 2017 depois de anos de \u00eaxito com a Mercedes, assumiu n\u00e3o apenas importante papel nos quadros t\u00e9cnicos, mas tamb\u00e9m tornou-se acionista da escuderia.<\/p>\n\n\n\n<p class=\"wp-block-paragraph\">Entretanto, depois de uma pr\u00e9-temporada marcada por atrasos no projeto do FW42, Lowe pediu afastamento em 5 de mar\u00e7o, \u00e0s v\u00e9speras da abertura do campeonato, na Austr\u00e1lia, alegando motivos pessoais. Pouco mais de tr\u00eas meses depois, <a href=\"https:\/\/www.grandepremio.com\/br\/f1\/noticias\/tres-meses-apos-afastamento-williams-confirma-saida-definitiva-de-ex-diretor-lowe\/\">o dirigente confirmou sua sa\u00edda definitiva da equipe<\/a>. Mesmo assim, garante n\u00e3o ter problemas ou m\u00e1goas.<\/p>\n\n\n\n<p class=\"wp-block-paragraph\">&#8220;\u00c9 um per\u00edodo que realmente n\u00e3o gosto de relembrar, para ser honesto, porque em todos meus anos na F1, amei cada um deles por diferentes raz\u00e3o e, em alguns casos, eles foram melhores. Esses dois anos na Wiliams eu n\u00e3o gostei. Foi muito trabalho duro e nenhuma recompensa. Tudo que eu digo \u00e9 que a F1 \u00e9 um lugar impaciente&#8221;, pontuou Lowe.<\/p>\n\n\n\n<figure class=\"wp-block-embed is-type-video is-provider-youtube wp-block-embed-youtube wp-embed-aspect-16-9 wp-has-aspect-ratio\"><div class=\"wp-block-embed__wrapper\">\n<iframe loading=\"lazy\" title=\"SCHUMACHER OU HAMILTON: BRKsEDU DIZ QUEM FOI O MAIOR NA F1 | GP \u00e0s 10\" width=\"500\" height=\"281\" src=\"https:\/\/www.youtube.com\/embed\/F5Ity7aTNvw?feature=oembed\" frameborder=\"0\" allow=\"accelerometer; autoplay; clipboard-write; encrypted-media; gyroscope; picture-in-picture; web-share\" referrerpolicy=\"strict-origin-when-cross-origin\" allowfullscreen><\/iframe>\n<\/div><\/figure>\n\n\n","protected":false},"excerpt":{"rendered":"<p>A Williams foi vendida para a Dorilton Capital, empresa de investimento privado, em agosto de 2020. Para Paddy Lowe, ex-diretor da equipe entre 2017 e 2019, demorou para a fam\u00edlia que d\u00e1 nome \u00e0 equipe sair do comando<\/p>\n","protected":false},"author":0,"featured_media":1000468383,"comment_status":"closed","ping_status":"closed","sticky":false,"template":"","format":"standard","meta":{"42wp_featured_image_caption":"","42wp_featured_image_credits":"","42wp_featured_video":"","42wp_featured_image_hidden":false,"42wp_authors_list":[],"footnotes":""},"categories":[2],"tags":[527,25982,147,156,24837,25536,215],"42wp_author":[47135],"class_list":["post-121692","post","type-post","status-publish","format-standard","has-post-thumbnail","hentry","category-f1","tag-claire-williams","tag-dorilton-capital","tag-f1","tag-f1-2021","tag-formula-1-2","tag-formula-1-2021-2","tag-williams","42wp_author-pedro-luis-cuenca"],"_links":{"self":[{"href":"https:\/\/grandepremio.com\/br\/wp-json\/wp\/v2\/posts\/121692","targetHints":{"allow":["GET"]}}],"collection":[{"href":"https:\/\/grandepremio.com\/br\/wp-json\/wp\/v2\/posts"}],"about":[{"href":"https:\/\/grandepremio.com\/br\/wp-json\/wp\/v2\/types\/post"}],"replies":[{"embeddable":true,"href":"https:\/\/grandepremio.com\/br\/wp-json\/wp\/v2\/comments?post=121692"}],"version-history":[{"count":0,"href":"https:\/\/grandepremio.com\/br\/wp-json\/wp\/v2\/posts\/121692\/revisions"}],"wp:featuredmedia":[{"embeddable":true,"href":"https:\/\/grandepremio.com\/br\/wp-json\/wp\/v2\/media\/1000468383"}],"wp:attachment":[{"href":"https:\/\/grandepremio.com\/br\/wp-json\/wp\/v2\/media?parent=121692"}],"wp:term":[{"taxonomy":"category","embeddable":true,"href":"https:\/\/grandepremio.com\/br\/wp-json\/wp\/v2\/categories?post=121692"},{"taxonomy":"post_tag","embeddable":true,"href":"https:\/\/grandepremio.com\/br\/wp-json\/wp\/v2\/tags?post=121692"},{"taxonomy":"42wp_author","embeddable":true,"href":"https:\/\/grandepremio.com\/br\/wp-json\/wp\/v2\/42wp_author?post=121692"}],"curies":[{"name":"wp","href":"https:\/\/api.w.org\/{rel}","templated":true}]}}