{"id":121701,"date":"2021-04-28T05:30:00","date_gmt":"2021-04-28T08:30:00","guid":{"rendered":"https:\/\/grandepremio.com\/br\/noticias\/formula-1-2021-disputa-titulo-mais-real-2018-compara-evelyn-guimaraes\/"},"modified":"2021-04-27T19:10:25","modified_gmt":"2021-04-27T22:10:25","slug":"formula-1-2021-disputa-titulo-mais-real-2018-compara-evelyn-guimaraes","status":"publish","type":"post","link":"https:\/\/grandepremio.com\/br\/f1\/formula-1-2021-disputa-titulo-mais-real-2018-compara-evelyn-guimaraes\/","title":{"rendered":"F\u00f3rmula 1 em 2021 tem disputa de t\u00edtulo &#8220;mais real&#8221; que 2018, compara Evelyn Guimar\u00e3es"},"content":{"rendered":"\n<figure class=\"wp-block-video\"><video class=\"video-js vjs-big-play-centered\" data-gp-vjs=\"1\" controls src=\"https:\/\/www.grandepremio.com\/br\/wp-content\/uploads\/2021\/04\/BottasRussellnew.mp4\"><\/video><figcaption>F1 divulgou imagens da c\u00e2mera 360\u00baC do carro de George Russell em forte acidente que envolveu Valtteri Bottas em \u00cdmola (V\u00eddeo: F1\/Divulga\u00e7\u00e3o)<\/figcaption><\/figure>\n\n\n\n<p class=\"wp-block-paragraph\">A F\u00f3rmula 1 vive um momento de equil\u00edbrio de for\u00e7as entre equipes e a possibilidade de uma disputa por t\u00edtulo. Para Evelyn Guimar\u00e3es no Paddock GP #236, o desafio que o conjunto Max Verstappen e Red Bull entrega \u00e9 maior que o da Ferrari e de Sebastian Vettel em 2018. Na ocasi\u00e3o, o alem\u00e3o liderou boa parte do campeonato, que sofreu uma reviravolta com a batida do piloto no GP da Alemanha.<\/p>\n\n\n\n<p class=\"wp-block-paragraph\"><strong>Assista ao trecho completo abaixo:<\/strong><\/p>\n\n\n\n<figure class=\"wp-block-embed is-type-video is-provider-youtube wp-block-embed-youtube wp-embed-aspect-16-9 wp-has-aspect-ratio\"><div class=\"wp-block-embed__wrapper\">\n<iframe loading=\"lazy\" title=\"F1 CONFIRMA CORRIDA DE CLASSIFICA\u00c7\u00c3O + TIRA-TEIMA EM PORTUGAL | Paddock GP #236\" width=\"500\" height=\"281\" src=\"https:\/\/www.youtube.com\/embed\/6ARUeRVU0X4?feature=oembed\" frameborder=\"0\" allow=\"accelerometer; autoplay; clipboard-write; encrypted-media; gyroscope; picture-in-picture; web-share\" referrerpolicy=\"strict-origin-when-cross-origin\" allowfullscreen><\/iframe>\n<\/div><\/figure>\n","protected":false},"excerpt":{"rendered":"<p>No Paddock GP #236, Evelyn Guimar\u00e3es explicou os motivos da Red Bull de 2021 ter mais capacidade de brigar com a Mercedes do que a Ferrari brigou em 2018<\/p>\n","protected":false},"author":0,"featured_media":0,"comment_status":"closed","ping_status":"closed","sticky":false,"template":"","format":"standard","meta":{"42wp_featured_image_caption":"","42wp_featured_image_credits":"","42wp_featured_video":"","42wp_featured_image_hidden":false,"42wp_authors_list":[],"footnotes":""},"categories":[2],"tags":[147,2374,156,207,24837,8261,82,204,210],"42wp_author":[47119],"class_list":["post-121701","post","type-post","status-publish","format-standard","hentry","category-f1","tag-f1","tag-f1-2018","tag-f1-2021","tag-ferrari","tag-formula-1-2","tag-gp-de-portugal","tag-mercedes","tag-red-bull","tag-sebastian-vettel","42wp_author-gabriel-carvalho"],"_links":{"self":[{"href":"https:\/\/grandepremio.com\/br\/wp-json\/wp\/v2\/posts\/121701","targetHints":{"allow":["GET"]}}],"collection":[{"href":"https:\/\/grandepremio.com\/br\/wp-json\/wp\/v2\/posts"}],"about":[{"href":"https:\/\/grandepremio.com\/br\/wp-json\/wp\/v2\/types\/post"}],"replies":[{"embeddable":true,"href":"https:\/\/grandepremio.com\/br\/wp-json\/wp\/v2\/comments?post=121701"}],"version-history":[{"count":0,"href":"https:\/\/grandepremio.com\/br\/wp-json\/wp\/v2\/posts\/121701\/revisions"}],"wp:attachment":[{"href":"https:\/\/grandepremio.com\/br\/wp-json\/wp\/v2\/media?parent=121701"}],"wp:term":[{"taxonomy":"category","embeddable":true,"href":"https:\/\/grandepremio.com\/br\/wp-json\/wp\/v2\/categories?post=121701"},{"taxonomy":"post_tag","embeddable":true,"href":"https:\/\/grandepremio.com\/br\/wp-json\/wp\/v2\/tags?post=121701"},{"taxonomy":"42wp_author","embeddable":true,"href":"https:\/\/grandepremio.com\/br\/wp-json\/wp\/v2\/42wp_author?post=121701"}],"curies":[{"name":"wp","href":"https:\/\/api.w.org\/{rel}","templated":true}]}}