{"id":121715,"date":"2021-04-27T13:18:56","date_gmt":"2021-04-27T16:18:56","guid":{"rendered":"https:\/\/grandepremio.com\/br\/noticias\/cultura-exibe-primeira-corrida-rodada-dupla-texas-apenas-site\/"},"modified":"2021-04-29T08:03:22","modified_gmt":"2021-04-29T11:03:22","slug":"cultura-exibe-primeira-corrida-rodada-dupla-texas-apenas-site","status":"publish","type":"post","link":"https:\/\/grandepremio.com\/br\/indy\/cultura-exibe-primeira-corrida-rodada-dupla-texas-apenas-site\/","title":{"rendered":"Cultura exibe primeira das duas corridas do fim de semana no Texas apenas em site"},"content":{"rendered":"\n<figure class=\"wp-block-video\"><video class=\"video-js vjs-big-play-centered\" data-gp-vjs=\"1\" controls src=\"https:\/\/www.grandepremio.com\/br\/wp-content\/uploads\/2021\/04\/2021_04_25_Indy_Rahal_Rossi.mp4\"><\/video><figcaption>O acidente ere Rahal e Rossi em St.Pete<\/figcaption><\/figure>\n\n\n\n<p class=\"wp-block-paragraph\">A TV Cultura adquiriu os direitos de transmiss\u00e3o da Indy na temporada 2021 e levou ao ar as primeiras duas etapas do campeonato, Alabama e St. Petersburg, ambas vespertinas, normalmente. No pr\u00f3ximo fim de semana, entretanto, a corrida 1 da rodada dupla no oval do Texas ser\u00e1 transmitida ao vivo somente no site da emissora.<\/p>\n\n\n\n<p class=\"wp-block-paragraph\"><strong>Conhe\u00e7a o canal do Grande Pr\u00eamio no YouTube! Clique&nbsp;<a rel=\"noreferrer noopener\" href=\"https:\/\/youtube.com\/GrandePremioTV\" target=\"_blank\">aqui<\/a>.<br>Siga o Grande Pr\u00eamio no&nbsp;<a rel=\"noreferrer noopener\" href=\"https:\/\/twitter.com\/grandepremio\" target=\"_blank\">Twitter&nbsp;<\/a>e no&nbsp;<a rel=\"noreferrer noopener\" href=\"https:\/\/instagram.com\/grandepremio\" target=\"_blank\">Instagram<\/a>!<\/strong><\/p>\n\n\n\n<p class=\"wp-block-paragraph\">A primeira corrida, marcada para o s\u00e1bado \u00e0s 20h30 (de Bras\u00edlia), ser\u00e1 transmitido ao vivo no site. Mas mant\u00e9m a narra\u00e7\u00e3o de Geferson Kern e os coment\u00e1rios de Rodrigo Mattar. Foi Mattar quem deu a informa\u00e7\u00e3o, no Twitter, sobre a transmiss\u00e3o. A corrida ser\u00e1 transmitida na TV em VT no domingo pela manh\u00e3, \u00e0s 11h.<\/p>\n\n\n\n<p class=\"wp-block-paragraph\">Durante <a href=\"https:\/\/www.grandepremio.com\/br\/indy\/noticias\/tv-cultura-cobertura-jornalistica-exibicao-ao-vivo-temporada-indy\/\">a coletiva de apresenta\u00e7\u00e3o da <\/a>Indy na emissora, a TV Cultura reiterou o interesse em mostrar todas as corridas ao vivo em seu canal, mas levantou a possibilidade de algumas provas migrarem para o site por conta da grade de programas. O mesmo j\u00e1 havia acontecido com a F\u00f3rmula E, que teve etapa de Roma apenas no site.<\/p>\n\n\n\n<p class=\"wp-block-paragraph\">J\u00e1 a corrida do domingo, marcada para 18h, ter\u00e1 transmiss\u00e3o normal, ao vivo, na Cultura. Ser\u00e1 a estreia da categoria nas noites da emissora.<\/p>\n\n\n\n<p class=\"wp-block-paragraph\">Como j\u00e1 aconteceu no \u00faltimo fim de semana da categoria, os treinos livres e de classifica\u00e7\u00e3o <a href=\"https:\/\/www.grandepremio.com\/br\/indy\/noticias\/indy-exibicao-treinos-livres-classificacao-aplicativo-brasil\/\">ser\u00e3o transmitidos pelo aplicativo &#8216;Arena Indy&#8217;<\/a>.<\/p>\n\n\n\n<figure class=\"wp-block-image size-large\"><img decoding=\"async\" src=\"https:\/\/www.grandepremio.com\/br\/wp-content\/uploads\/2021\/04\/AUDIENCIA-1024x683.jpg\" alt=\"\" class=\"wp-image-467680\"\/><figcaption>A Indy em St. Pete (Foto: Indy)<\/figcaption><\/figure>\n\n\n\n<figure class=\"wp-block-embed is-type-rich is-provider-spotify wp-block-embed-spotify wp-embed-aspect-21-9 wp-has-aspect-ratio\"><div class=\"wp-block-embed__wrapper\">\n<iframe title=\"Spotify Embed: Paddockast #100: F1 ou Indy? Quem se destacou mais e quem foi esquecido?\" style=\"border-radius: 12px\" width=\"100%\" height=\"152\" frameborder=\"0\" allowfullscreen allow=\"autoplay; clipboard-write; encrypted-media; fullscreen; picture-in-picture\" loading=\"lazy\" src=\"https:\/\/open.spotify.com\/embed\/episode\/180FMih50jyv9VtrwUDKOj?utm_source=oembed\"><\/iframe>\n<\/div><\/figure>\n\n\n\n<p class=\"wp-block-paragraph\">As duas primeiras etapas do campeonato contaram com <a href=\"https:\/\/www.grandepremio.com\/br\/indy\/noticias\/indy-audiencia-primeira-corrida-empata-formula-e-tv-cultura\/\">audi\u00eancia praticamente igual<\/a>. Na estreia, realizada no Alabama, a m\u00e9dia da emissora foi de 0,5 ponto de audi\u00eancia na Grande S\u00e3o Paulo. No \u00faltimo domingo, durante a etapa da Fl\u00f3rida, a m\u00e9dia foi de 0,4. Cada ponto de audi\u00eancia representa 76.557 domic\u00edlios e 205.377 indiv\u00edduos. As informa\u00e7\u00f5es s\u00e3o do site Teleguiado.<\/p>\n\n\n\n<p class=\"wp-block-paragraph\">Em resposta ao <strong>GRANDE PR\u00caMIO<\/strong>, a Cultura confirmou a informa\u00e7\u00e3o e informou que a programa\u00e7\u00e3o da noite conta com &#8216;Camarote 21&#8217; \u00e0s 20h30, &#8216;Jornal da Cultura&#8217; \u00e0s 21h e &#8216;Prel\u00fadio, Uma Hist\u00f3ria&#8217; a partir das 22h.<\/p>\n\n\n\n<figure class=\"wp-block-embed is-type-video is-provider-youtube wp-block-embed-youtube wp-embed-aspect-16-9 wp-has-aspect-ratio\"><div class=\"wp-block-embed__wrapper\">\n<iframe loading=\"lazy\" title=\"F1 2021: NOVA MINICORRIDA \u00c9 TENTATIVA DE CHACOALHAR GRID, DIZ FLAVIO GOMES | GP \u00c0S 10\" width=\"500\" height=\"281\" src=\"https:\/\/www.youtube.com\/embed\/9krzKToqCNM?feature=oembed\" frameborder=\"0\" allow=\"accelerometer; autoplay; clipboard-write; encrypted-media; gyroscope; picture-in-picture; web-share\" referrerpolicy=\"strict-origin-when-cross-origin\" allowfullscreen><\/iframe>\n<\/div><\/figure>\n","protected":false},"excerpt":{"rendered":"<p>A TV Cultura transmitir\u00e1 a corrida apenas no site na noite de s\u00e1bado e levar\u00e1 ao ar um VT na manh\u00e3 do domingo. A segunda corrida<br \/>\ndo fim de semana segue na TV<\/p>\n","protected":false},"author":0,"featured_media":1000465939,"comment_status":"closed","ping_status":"closed","sticky":false,"template":"","format":"standard","meta":{"42wp_featured_image_caption":"","42wp_featured_image_credits":"","42wp_featured_video":"","42wp_featured_image_hidden":false,"42wp_authors_list":[],"footnotes":""},"categories":[3],"tags":[27575,27035,3920,5601,26544],"42wp_author":[47120],"class_list":["post-121715","post","type-post","status-publish","format-standard","has-post-thumbnail","hentry","category-indy","tag-formula-indy-2021-2","tag-formula-indy-2021","tag-gp-do-texas","tag-indy-2021","tag-tv-cultura","42wp_author-pedro-henrique-marum"],"_links":{"self":[{"href":"https:\/\/grandepremio.com\/br\/wp-json\/wp\/v2\/posts\/121715","targetHints":{"allow":["GET"]}}],"collection":[{"href":"https:\/\/grandepremio.com\/br\/wp-json\/wp\/v2\/posts"}],"about":[{"href":"https:\/\/grandepremio.com\/br\/wp-json\/wp\/v2\/types\/post"}],"replies":[{"embeddable":true,"href":"https:\/\/grandepremio.com\/br\/wp-json\/wp\/v2\/comments?post=121715"}],"version-history":[{"count":0,"href":"https:\/\/grandepremio.com\/br\/wp-json\/wp\/v2\/posts\/121715\/revisions"}],"wp:featuredmedia":[{"embeddable":true,"href":"https:\/\/grandepremio.com\/br\/wp-json\/wp\/v2\/media\/1000465939"}],"wp:attachment":[{"href":"https:\/\/grandepremio.com\/br\/wp-json\/wp\/v2\/media?parent=121715"}],"wp:term":[{"taxonomy":"category","embeddable":true,"href":"https:\/\/grandepremio.com\/br\/wp-json\/wp\/v2\/categories?post=121715"},{"taxonomy":"post_tag","embeddable":true,"href":"https:\/\/grandepremio.com\/br\/wp-json\/wp\/v2\/tags?post=121715"},{"taxonomy":"42wp_author","embeddable":true,"href":"https:\/\/grandepremio.com\/br\/wp-json\/wp\/v2\/42wp_author?post=121715"}],"curies":[{"name":"wp","href":"https:\/\/api.w.org\/{rel}","templated":true}]}}