{"id":121740,"date":"2021-04-26T17:19:16","date_gmt":"2021-04-26T20:19:16","guid":{"rendered":"https:\/\/grandepremio.com\/br\/noticias\/paddock-gp-236-previa-gp-portugal-debate-corridas-classificacao\/"},"modified":"2021-05-03T18:05:09","modified_gmt":"2021-05-03T21:05:09","slug":"paddock-gp-236-previa-gp-portugal-debate-corridas-classificacao","status":"publish","type":"post","link":"https:\/\/grandepremio.com\/br\/grande-premio\/paddock-gp-236-previa-gp-portugal-debate-corridas-classificacao\/","title":{"rendered":"Paddock GP #236 faz pr\u00e9via do GP de Portugal e debate corridas de classifica\u00e7\u00e3o"},"content":{"rendered":"\n<figure class=\"wp-block-embed is-type-video is-provider-youtube wp-block-embed-youtube wp-embed-aspect-16-9 wp-has-aspect-ratio\"><div class=\"wp-block-embed__wrapper\">\n<iframe loading=\"lazy\" title=\"F1 CONFIRMA CORRIDA DE CLASSIFICA\u00c7\u00c3O + TIRA-TEIMA EM PORTUGAL | Paddock GP #236\" width=\"500\" height=\"281\" src=\"https:\/\/www.youtube.com\/embed\/6ARUeRVU0X4?feature=oembed\" frameborder=\"0\" allow=\"accelerometer; autoplay; clipboard-write; encrypted-media; gyroscope; picture-in-picture; web-share\" referrerpolicy=\"strict-origin-when-cross-origin\" allowfullscreen><\/iframe>\n<\/div><\/figure>\n\n\n\n<p class=\"wp-block-paragraph\">A edi\u00e7\u00e3o #236 do Paddock GP, a mesa redonda composta por jornalistas do&nbsp;<strong>GRANDE PR\u00caMIO<\/strong>&nbsp;para debater as \u00faltimas novidades do esporte a motor, vai ao ar nesta segunda-feira (26), \u00e0s 19h (hor\u00e1rio de Bras\u00edlia. GMT -3), no canal&nbsp;<a href=\"https:\/\/www.youtube.com\/c\/GrandePremioTV\/featured\">do GP no YouTube<\/a>.<\/p>\n\n\n\n<p class=\"wp-block-paragraph\">Victor Martins comanda a atra\u00e7\u00e3o virtual junto de Gabriel Curty e Evelyn Guimar\u00e3es.<\/p>\n\n\n\n<p class=\"wp-block-paragraph\">O programa faz uma pr\u00e9via com as principais expectativas para o GP de Portugal, al\u00e9m de comentar sobre o an\u00fancio da F\u00f3rmula 1, que confirmou a introdu\u00e7\u00e3o das corridas de classifica\u00e7\u00e3o em tr\u00eas etapas da temporada 2021<\/p>\n\n\n\n<p class=\"wp-block-paragraph\">Aproveite para se<a href=\"https:\/\/www.youtube.com\/c\/GrandePremioTV\/featured\">&nbsp;inscrever no canal do&nbsp;<strong>GRANDE PR\u00caMIO&nbsp;<\/strong>no YouTube<\/a>&nbsp;e n\u00e3o perder as atra\u00e7\u00f5es, incluindo o Paddock GP, que vai ao ar toda segunda-feira e ao vivo.<\/p>\n\n\n\n<p class=\"wp-block-paragraph\"><strong>Conhe\u00e7a o canal do Grande Pr\u00eamio no YouTube! Clique&nbsp;<a rel=\"noreferrer noopener\" href=\"https:\/\/youtube.com\/GrandePremioTV\" target=\"_blank\">aqui<\/a>.<br>Siga o Grande Pr\u00eamio no&nbsp;<a rel=\"noreferrer noopener\" href=\"https:\/\/twitter.com\/grandepremio\" target=\"_blank\">Twitter&nbsp;<\/a>e no&nbsp;<a rel=\"noreferrer noopener\" href=\"https:\/\/instagram.com\/grandepremio\" target=\"_blank\">Instagram<\/a>!<\/strong><\/p>\n\n\n\n<figure class=\"wp-block-video\"><video class=\"video-js vjs-big-play-centered\" data-gp-vjs=\"1\" controls src=\"https:\/\/www.grandepremio.com\/br\/wp-content\/uploads\/2021\/04\/JoeyLoganoTalladega.mp4\"><\/video><figcaption>Joey Logano sofreu acidente pavoroso em Talladega. O piloto da Penske decolou em disputa por posi\u00e7\u00e3o e, por sorte, n\u00e3o foi acertado por nenhum outro carro (V\u00eddeo: Nascar)<\/figcaption><\/figure>\n","protected":false},"excerpt":{"rendered":"<p>Atra\u00e7\u00e3o vai ao ar \u00e0s 19h no YouTube para a pr\u00e9via do GP de Portugal, terceira etapa da temporada. Victor Martins comanda programa junto de Evelyn Guimar\u00e3es e Gabriel Curty<\/p>\n","protected":false},"author":0,"featured_media":1000430616,"comment_status":"closed","ping_status":"closed","sticky":false,"template":"","format":"standard","meta":{"42wp_featured_image_caption":"","42wp_featured_image_credits":"","42wp_featured_video":"","42wp_featured_image_hidden":false,"42wp_authors_list":[],"footnotes":""},"categories":[4],"tags":[24837,8261,1537],"42wp_author":[47119],"class_list":["post-121740","post","type-post","status-publish","format-standard","has-post-thumbnail","hentry","category-grande-premio","tag-formula-1-2","tag-gp-de-portugal","tag-paddock-gp","42wp_author-gabriel-carvalho"],"_links":{"self":[{"href":"https:\/\/grandepremio.com\/br\/wp-json\/wp\/v2\/posts\/121740","targetHints":{"allow":["GET"]}}],"collection":[{"href":"https:\/\/grandepremio.com\/br\/wp-json\/wp\/v2\/posts"}],"about":[{"href":"https:\/\/grandepremio.com\/br\/wp-json\/wp\/v2\/types\/post"}],"replies":[{"embeddable":true,"href":"https:\/\/grandepremio.com\/br\/wp-json\/wp\/v2\/comments?post=121740"}],"version-history":[{"count":0,"href":"https:\/\/grandepremio.com\/br\/wp-json\/wp\/v2\/posts\/121740\/revisions"}],"wp:featuredmedia":[{"embeddable":true,"href":"https:\/\/grandepremio.com\/br\/wp-json\/wp\/v2\/media\/1000430616"}],"wp:attachment":[{"href":"https:\/\/grandepremio.com\/br\/wp-json\/wp\/v2\/media?parent=121740"}],"wp:term":[{"taxonomy":"category","embeddable":true,"href":"https:\/\/grandepremio.com\/br\/wp-json\/wp\/v2\/categories?post=121740"},{"taxonomy":"post_tag","embeddable":true,"href":"https:\/\/grandepremio.com\/br\/wp-json\/wp\/v2\/tags?post=121740"},{"taxonomy":"42wp_author","embeddable":true,"href":"https:\/\/grandepremio.com\/br\/wp-json\/wp\/v2\/42wp_author?post=121740"}],"curies":[{"name":"wp","href":"https:\/\/api.w.org\/{rel}","templated":true}]}}