{"id":121748,"date":"2021-04-26T11:02:31","date_gmt":"2021-04-26T14:02:31","guid":{"rendered":"https:\/\/grandepremio.com\/br\/noticias\/com-poucas-etapas-2021-indy-mais-corridas-ovais-proxima-temporada\/"},"modified":"2021-04-26T11:02:37","modified_gmt":"2021-04-26T14:02:37","slug":"com-poucas-etapas-2021-indy-mais-corridas-ovais-proxima-temporada","status":"publish","type":"post","link":"https:\/\/grandepremio.com\/br\/indy\/com-poucas-etapas-2021-indy-mais-corridas-ovais-proxima-temporada\/","title":{"rendered":"Com poucas etapas em 2021, Indy busca mais corridas em ovais na pr\u00f3xima temporada"},"content":{"rendered":"\n<figure class=\"wp-block-video\"><video class=\"video-js vjs-big-play-centered\" data-gp-vjs=\"1\" controls src=\"https:\/\/www.grandepremio.com\/br\/wp-content\/uploads\/2021\/04\/2021_04_25_Indy_Jimmie-Johnson.mp4\"><\/video><figcaption>Jimmie Johnson escapou na \u00faltima curva (V\u00eddeo: Indycar)<\/figcaption><\/figure>\n\n\n\n<p class=\"wp-block-paragraph\">A Indy sofreu uma diminui\u00e7\u00e3o nos ovais no calend\u00e1rio de 2021. Apenas quatro corridas da temporada ser\u00e3o disputadas nos speedways, e a etapa do Texas ser\u00e1 em rodada dupla. Presidente da categoria, Jay Frye admitiu que a situa\u00e7\u00e3o n\u00e3o \u00e9 ideal e que analisa o retorno de algumas pra\u00e7as para o calend\u00e1rio da pr\u00f3xima temporada.<\/p>\n\n\n\n<p class=\"wp-block-paragraph\">Iowa, que recebia a categoria desde 2007, sofre com problemas financeiros e ficou de fora do calend\u00e1rio deste ano. Richmond, que era sede da Indy desde 2009, tinha retorno planejado para 2020, mas a pandemia de Covid-19 for\u00e7ou o cancelamento da prova. Em entrevista ao site Racer.com, Frye tamb\u00e9m citou Homestead-Miami e Phoenix como op\u00e7\u00f5es.<\/p>\n\n\n\n<p class=\"wp-block-paragraph\">&#8220;Existem pra\u00e7as que corremos recentemente ou no passado que est\u00e3o no nosso radar, e v\u00e1rias coisas est\u00e3o sendo exploradas. Richmond? Iowa? Como eles poderiam se encaixar? Homestead? Como se encaixa? Eu amaria que Phoenix desse certo. N\u00e3o corremos l\u00e1 desde que reconfiguraram a pista&#8221;, disse Miles.<\/p>\n\n\n\n<p class=\"wp-block-paragraph\"><strong>Conhe\u00e7a o canal do Grande Pr\u00eamio no YouTube! Clique\u00a0<a rel=\"noreferrer noopener\" href=\"https:\/\/youtube.com\/GrandePremioTV\" target=\"_blank\">aqui<\/a>.<br>Siga o Grande Pr\u00eamio no\u00a0<a rel=\"noreferrer noopener\" href=\"https:\/\/twitter.com\/grandepremio\" target=\"_blank\">Twitter\u00a0<\/a>e no\u00a0<a rel=\"noreferrer noopener\" href=\"https:\/\/instagram.com\/grandepremio\" target=\"_blank\">Instagram<\/a>!<\/strong><\/p>\n\n\n\n<figure class=\"wp-block-image size-large\"><img decoding=\"async\" src=\"https:\/\/www.grandepremio.com\/br\/wp-content\/uploads\/2020\/07\/8-3-1024x682.jpg\" alt=\"\" class=\"wp-image-398041\"\/><figcaption>Will Power em Iowa Foto: Indycar)<\/figcaption><\/figure>\n\n\n\n<p class=\"wp-block-paragraph\">Al\u00e9m da rodada dupla do Texas e das 500 Milhas de Indian\u00e1polis, Gateway ser\u00e1 o outro oval do calend\u00e1rio de 2021. Frye cita que n\u00e3o era o desejo da Indy ter poucos ovais, mas que as quest\u00f5es financeiras acabaram por reduzir as presen\u00e7as. Para 2022, o planejamento \u00e9 que n\u00e3o se repita.<\/p>\n\n\n\n<p class=\"wp-block-paragraph\">&#8220;Estamos com poucos ovais, o que n\u00e3o era nossa inten\u00e7\u00e3o, ent\u00e3o agora estamos olhando para o que n\u00e3o fizemos em 2020 e o que podemos fazer em 2022. Est\u00e1vamos animados pelo teste que fizemos em Richmond e pens\u00e1vamos que seria um grande evento at\u00e9 sermos atingidos pela Covid. Amamos correr em Iowa. O que est\u00e1 acontecendo l\u00e1, e h\u00e1 uma possibilidade de voltar? Estamos tentando ver o que parece vi\u00e1vel e estamos animados com o que o futuro nos reserva&#8221;, concluiu.<\/p>\n\n\n\n<p class=\"wp-block-paragraph\">A pr\u00f3xima etapa da Indy \u00e9 justamente a rodada dupla do Texas, que acontece entre os dias 1 e 2 de maio. \u00c1lex Palou, da Ganassi, lidera o campeonato.<\/p>\n\n\n\n<figure class=\"wp-block-embed is-type-rich is-provider-spotify wp-block-embed-spotify wp-embed-aspect-21-9 wp-has-aspect-ratio\"><div class=\"wp-block-embed__wrapper\">\n<iframe title=\"Spotify Embed: Paddockast #100: F1 ou Indy? Quem se destacou mais e quem foi esquecido?\" style=\"border-radius: 12px\" width=\"100%\" height=\"152\" frameborder=\"0\" allowfullscreen allow=\"autoplay; clipboard-write; encrypted-media; fullscreen; picture-in-picture\" loading=\"lazy\" src=\"https:\/\/open.spotify.com\/embed\/episode\/180FMih50jyv9VtrwUDKOj?go=1&amp;utm_source=oembed&amp;si=RVAF8-9HSHWndXRLoK-krQ&amp;t=0\"><\/iframe>\n<\/div><\/figure>\n","protected":false},"excerpt":{"rendered":"<p>Presidente, Jay Frye revelou que Indy est\u00e1 insatisfeita com baixo n\u00famero de ovais no calend\u00e1rio &#8211; ser\u00e3o apenas quatro corridas em 2021 -, mas que trabalha para trazer novas op\u00e7\u00f5es para 2022<\/p>\n","protected":false},"author":0,"featured_media":1000398054,"comment_status":"closed","ping_status":"closed","sticky":false,"template":"","format":"standard","meta":{"42wp_featured_image_caption":"","42wp_featured_image_credits":"","42wp_featured_video":"","42wp_featured_image_hidden":false,"42wp_authors_list":[],"footnotes":""},"categories":[3],"tags":[24881,93,5601,4333,588,2470,2463,2999,2610],"42wp_author":[47119],"class_list":["post-121748","post","type-post","status-publish","format-standard","has-post-thumbnail","hentry","category-indy","tag-formula-indy-2","tag-indy","tag-indy-2021","tag-iowa","tag-jay-frye","tag-miami","tag-phoenix","tag-richmond","tag-texas","42wp_author-gabriel-carvalho"],"_links":{"self":[{"href":"https:\/\/grandepremio.com\/br\/wp-json\/wp\/v2\/posts\/121748","targetHints":{"allow":["GET"]}}],"collection":[{"href":"https:\/\/grandepremio.com\/br\/wp-json\/wp\/v2\/posts"}],"about":[{"href":"https:\/\/grandepremio.com\/br\/wp-json\/wp\/v2\/types\/post"}],"replies":[{"embeddable":true,"href":"https:\/\/grandepremio.com\/br\/wp-json\/wp\/v2\/comments?post=121748"}],"version-history":[{"count":0,"href":"https:\/\/grandepremio.com\/br\/wp-json\/wp\/v2\/posts\/121748\/revisions"}],"wp:featuredmedia":[{"embeddable":true,"href":"https:\/\/grandepremio.com\/br\/wp-json\/wp\/v2\/media\/1000398054"}],"wp:attachment":[{"href":"https:\/\/grandepremio.com\/br\/wp-json\/wp\/v2\/media?parent=121748"}],"wp:term":[{"taxonomy":"category","embeddable":true,"href":"https:\/\/grandepremio.com\/br\/wp-json\/wp\/v2\/categories?post=121748"},{"taxonomy":"post_tag","embeddable":true,"href":"https:\/\/grandepremio.com\/br\/wp-json\/wp\/v2\/tags?post=121748"},{"taxonomy":"42wp_author","embeddable":true,"href":"https:\/\/grandepremio.com\/br\/wp-json\/wp\/v2\/42wp_author?post=121748"}],"curies":[{"name":"wp","href":"https:\/\/api.w.org\/{rel}","templated":true}]}}