{"id":121760,"date":"2021-04-26T04:45:00","date_gmt":"2021-04-26T07:45:00","guid":{"rendered":"https:\/\/grandepremio.com\/br\/noticias\/com-moto-2019-franco-morbidelli-ficou-mais-dificil-brigar-ponta-nao-impossivel\/"},"modified":"2021-04-25T18:46:43","modified_gmt":"2021-04-25T21:46:43","slug":"com-moto-2019-franco-morbidelli-ficou-mais-dificil-brigar-ponta-nao-impossivel","status":"publish","type":"post","link":"https:\/\/grandepremio.com\/br\/motogp\/com-moto-2019-franco-morbidelli-ficou-mais-dificil-brigar-ponta-nao-impossivel\/","title":{"rendered":"Com moto de 2019, Morbidelli diz que ficou mais dif\u00edcil brigar pela ponta: \u201cN\u00e3o imposs\u00edvel\u201d"},"content":{"rendered":"\n<figure class=\"wp-block-video\"><video class=\"video-js vjs-big-play-centered\" data-gp-vjs=\"1\" controls src=\"https:\/\/www.grandepremio.com\/br\/wp-content\/uploads\/2021\/04\/MotoGP-2021-Portugal-Marc-Marquez.mp4\"><\/video><figcaption>Marc M\u00e1rquez acabou a corrida em Portim\u00e3o cansado e emotivo (V\u00eddeo: MotoGP)<\/figcaption><\/figure>\n\n\n\n<p class=\"wp-block-paragraph\">Franco Morbidelli avaliou que ficou mais dif\u00edcil brigar pela ponta na MotoGP. Vice-campe\u00e3o do ano passado, o piloto da SRT segue com a mesma Yamaha que usou em 2020, que j\u00e1 era um prot\u00f3tipo defasado, de 2019, enquanto os outros t\u00eam equipamento mais novo.<\/p>\n\n\n\n<p class=\"wp-block-paragraph\">Al\u00e9m de Franco, s\u00f3 Luca Marini e Enea Bastianini t\u00eam motos defasadas, j\u00e1 que defendem a Avintia tamb\u00e9m com motos desatualizadas da Ducati. Segundo a Yamaha, <a href=\"https:\/\/www.grandepremio.com\/br\/motogp\/noticias\/yamaha-diz-que-faltou-tempo-e-dinheiro-para-dar-moto-oficial-a-morbidelli-em-2021\/\" target=\"_blank\" rel=\"noreferrer noopener\">faltou \u201ctempo e dinheiro\u201d para dar a Franco uma moto compat\u00edvel com a performance exibida no ano passado<\/a>.<\/p>\n\n\n\n<p class=\"wp-block-paragraph\"><strong>VEJA TAMB\u00c9M<\/strong><br>\u21dd\u00a0<strong><a href=\"https:\/\/www.grandepremio.com\/br\/motogp\/noticias\/fabio-quartararo-leva-melhor-revanche-portimao-mostra-maturidade-motogp\/\" target=\"_blank\" rel=\"noreferrer noopener\">Quartararo leva melhor em revanche com\u00a0Portim\u00e3o\u00a0e mostra maturidade na\u00a0<\/a><a href=\"https:\/\/www.grandepremio.com\/br\/motogp\/\" target=\"_blank\" rel=\"noreferrer noopener\">MotoGP<\/a><\/strong><br>\u21dd\u00a0<strong><a href=\"https:\/\/www.grandepremio.com\/br\/motogp\/noticias\/polemicas-portimao-ligam-alerta-motogp-novos-paineis-limites-pista\/\" target=\"_blank\" rel=\"noreferrer noopener\">Pol\u00eamicas em Portim\u00e3o ligam alerta da MotoGP com novos pain\u00e9is e limites de pista<\/a><\/strong><br>\u21dd\u00a0<strong><a href=\"https:\/\/www.grandepremio.com\/br\/motogp\/noticias\/inconstante-maverick-vinales-tem-desafio-provar-gp-portugal-pifio-acidente\/\" target=\"_blank\" rel=\"noreferrer noopener\">Inconstante, Vi\u00f1ales tem desafio de provar que GP de Portugal p\u00edfio foi acidente<\/a><\/strong><br>\u21dd\u00a0<strong><a href=\"https:\/\/www.grandepremio.com\/br\/motogp\/noticias\/ate-quando-haters-sobem-tom-afastam-pilotos-motogp-redes-sociais\/\" target=\"_blank\" rel=\"noreferrer noopener\">At\u00e9 quando? Haters sobem tom e afastam pilotos da MotoGP das redes sociais<\/a><\/strong><\/p>\n\n\n\n<figure class=\"wp-block-image size-large\"><img decoding=\"async\" src=\"https:\/\/www.grandepremio.com\/br\/wp-content\/uploads\/2021\/04\/51119476928_fca54fb397_k-1024x682.jpg\" alt=\"\" class=\"wp-image-466399\"\/><figcaption>Franco Morbidelli ocupa a 11\u00aa coloca\u00e7\u00e3o na classifica\u00e7\u00e3o da MotoGP (Foto: SRT)<\/figcaption><\/figure>\n\n\n\n<p class=\"wp-block-paragraph\"><strong><strong>Conhe\u00e7a o canal do Grande Pr\u00eamio no\u00a0<a href=\"https:\/\/www.youtube.com\/GrandePremioTV\">YouTube<\/a>.<br>Siga o Grande Pr\u00eamio no\u00a0<a rel=\"noreferrer noopener\" href=\"https:\/\/twitter.com\/grandepremio\" target=\"_blank\">Twitter\u00a0<\/a>e no\u00a0<a rel=\"noreferrer noopener\" href=\"https:\/\/instagram.com\/grandepremio\" target=\"_blank\">Instagram<\/a>.<\/strong><\/strong><\/p>\n\n\n\n<p class=\"wp-block-paragraph\">Neste in\u00edcio de temporada 2021, Morbidelli teve duas corridas dif\u00edceis no Catar, mas conseguiu melhorar em Portim\u00e3o, recebendo a bandeirada do GP de Portugal na quarta coloca\u00e7\u00e3o. E com um tempo de prova bastante similar ao do ano passado.<\/p>\n\n\n\n<p class=\"wp-block-paragraph\">Apesar do in\u00edcio tumultuado, Franco segue confiante na capacidade da equipe malaia de dar a volta por cima.<\/p>\n\n\n\n<p class=\"wp-block-paragraph\">\u201cA equipe pode lutar pela ponta, mas \u00e9 mais dif\u00edcil do que no ano passado, com certeza\u201d, disse Morbidelli em uma coletiva de imprensa organizada pela Petronas e acompanhada pelo GRANDE PR\u00caMIO. \u201c\u00c9 mais dif\u00edcil em compara\u00e7\u00e3o ao ano passado, pois temos o mesmo pacote e os outros caras melhoraram nas dificuldades deles em compara\u00e7\u00e3o com 2020\u201d, apontou.<\/p>\n\n\n\n<p class=\"wp-block-paragraph\">\u201cSe em 2020 foi dif\u00edcil, mas poss\u00edvel ficar com os caras que tinham as motos do ano e eu a do ano anterior, este ano \u00e9 ainda mais, mas n\u00e3o imposs\u00edvel\u201d, ponderou.<\/p>\n\n\n\n<p class=\"wp-block-paragraph\">Questionado sobre a diferen\u00e7a entre as motos de f\u00e1brica usadas por Fabio Quartararo, Maverick Vi\u00f1ales e Valentino Rossi e a especifica\u00e7\u00e3o A que utiliza, o piloto conhecido pelo #21 respondeu: \u201cA moto \u00e9 um pouco mais forte com os pneus e parece que d\u00e1 para explorar mais sob esse ponto de vista. E \u00e9 mais r\u00e1pida em linha reta\u201d.<\/p>\n\n\n\n<p class=\"wp-block-paragraph\">\u201cEnt\u00e3o posso dizer que, olhando para o que aconteceu em Portim\u00e3o \u2015 tive dificuldade na classifica\u00e7\u00e3o, mas tive um ritmo muito bom \u2015, tamb\u00e9m o ritmo eu n\u00e3o pude aumentar. Eu pude chegar l\u00e1 e manter o ritmo, mas nunca consegui aumentar como as outras marcas e tamb\u00e9m as outras Yamaha, especialmente Fabio, fizeram em Portim\u00e3o\u201d, comparou. \u201cNo momento, acho que esta \u00e9 a diferen\u00e7a. N\u00e3o posso dizer com precis\u00e3o, pois n\u00e3o testei a moto\u201d, completou.<\/p>\n\n\n\n<figure class=\"wp-block-embed is-type-video is-provider-youtube wp-block-embed-youtube wp-embed-aspect-16-9 wp-has-aspect-ratio\"><div class=\"wp-block-embed__wrapper\">\n<iframe loading=\"lazy\" title=\"MARC M\u00c1RQUEZ SOB APLAUSOS NA MOTOGP: COMO CAMPE\u00c3O SE MOSTRA HUMANO | GP \u00e0s 10\" width=\"500\" height=\"281\" src=\"https:\/\/www.youtube.com\/embed\/pKekNzxxZbg?feature=oembed\" frameborder=\"0\" allow=\"accelerometer; autoplay; clipboard-write; encrypted-media; gyroscope; picture-in-picture; web-share\" referrerpolicy=\"strict-origin-when-cross-origin\" allowfullscreen><\/iframe>\n<\/div><\/figure>\n","protected":false},"excerpt":{"rendered":"<p>Apesar de ter fechado a temporada 2020 com o vice-campeonato da MotoGP, o \u00edtalo-brasileiro tem a YZR-M1 mais defasada de todas as Yamaha<\/p>\n","protected":false},"author":0,"featured_media":1000466398,"comment_status":"closed","ping_status":"closed","sticky":false,"template":"","format":"standard","meta":{"42wp_featured_image_caption":"","42wp_featured_image_credits":"","42wp_featured_video":"","42wp_featured_image_hidden":false,"42wp_authors_list":[],"footnotes":""},"categories":[8],"tags":[140,79,78,490,24850,26690,25441],"42wp_author":[47113],"class_list":["post-121760","post","type-post","status-publish","format-standard","has-post-thumbnail","hentry","category-motogp","tag-franco-morbidelli","tag-moto-gp","tag-motogp","tag-motogp-2021","tag-motogp-fox-sports","tag-pilotos-motogp","tag-srt","42wp_author-juliana-tesser"],"_links":{"self":[{"href":"https:\/\/grandepremio.com\/br\/wp-json\/wp\/v2\/posts\/121760","targetHints":{"allow":["GET"]}}],"collection":[{"href":"https:\/\/grandepremio.com\/br\/wp-json\/wp\/v2\/posts"}],"about":[{"href":"https:\/\/grandepremio.com\/br\/wp-json\/wp\/v2\/types\/post"}],"replies":[{"embeddable":true,"href":"https:\/\/grandepremio.com\/br\/wp-json\/wp\/v2\/comments?post=121760"}],"version-history":[{"count":0,"href":"https:\/\/grandepremio.com\/br\/wp-json\/wp\/v2\/posts\/121760\/revisions"}],"wp:featuredmedia":[{"embeddable":true,"href":"https:\/\/grandepremio.com\/br\/wp-json\/wp\/v2\/media\/1000466398"}],"wp:attachment":[{"href":"https:\/\/grandepremio.com\/br\/wp-json\/wp\/v2\/media?parent=121760"}],"wp:term":[{"taxonomy":"category","embeddable":true,"href":"https:\/\/grandepremio.com\/br\/wp-json\/wp\/v2\/categories?post=121760"},{"taxonomy":"post_tag","embeddable":true,"href":"https:\/\/grandepremio.com\/br\/wp-json\/wp\/v2\/tags?post=121760"},{"taxonomy":"42wp_author","embeddable":true,"href":"https:\/\/grandepremio.com\/br\/wp-json\/wp\/v2\/42wp_author?post=121760"}],"curies":[{"name":"wp","href":"https:\/\/api.w.org\/{rel}","templated":true}]}}